{"id":7814,"date":"2016-11-25T21:50:28","date_gmt":"2016-11-25T20:50:28","guid":{"rendered":"http:\/\/www.pretty-paracetamol.de\/blog\/?p=7814"},"modified":"2016-11-25T21:50:28","modified_gmt":"2016-11-25T20:50:28","slug":"lee-ranaldo-el-rayo-koeln-21-11-2016","status":"publish","type":"post","link":"https:\/\/www.pretty-paracetamol.de\/blog\/lee-ranaldo-el-rayo-koeln-21-11-2016\/","title":{"rendered":"Lee Ranaldo &#038; El Rayo &#8211; K\u00f6ln, 21.11.2016"},"content":{"rendered":"<p><strong>Ort:<\/strong> Geb\u00e4ude 9, K\u00f6ln<br \/>\n<strong>Vorband:<\/strong> &#8211;<\/p>\n<p><img fetchpriority=\"high\" decoding=\"async\" class=\"aligncenter size-full wp-image-7815\" src=\"https:\/\/www.pretty-paracetamol.de\/blog\/wp-content\/uploads\/2016\/11\/4-4.jpg\" alt=\"Lee Ranaldo &amp; El Rayo\" width=\"2048\" height=\"1151\" srcset=\"https:\/\/www.pretty-paracetamol.de\/blog\/wp-content\/uploads\/2016\/11\/4-4.jpg 2048w, https:\/\/www.pretty-paracetamol.de\/blog\/wp-content\/uploads\/2016\/11\/4-4-520x292.jpg 520w, https:\/\/www.pretty-paracetamol.de\/blog\/wp-content\/uploads\/2016\/11\/4-4-1011x568.jpg 1011w\" sizes=\"(max-width: 2048px) 100vw, 2048px\" \/><strong>Lee Ranaldo<\/strong> scheint mir in den letzten Jahren der produktivste des <strong>Sonic Youth<\/strong>\u2019schen Gitarrentriumvirats zu sein. Soloalben, diverse Projekte und seit neuestem die Band <strong>Lee Ranaldo &amp; El Rayo<\/strong>. Ein Album ist in Arbeit, wie man so sagt, es erscheint wohl zum Ende des Jahres.Ihr Deb\u00fctauftritt hatte die Combo im Fr\u00fchjahr beim Primavera Sound. Es war eines von drei Konzerten auf der sogenannten hidden stage, die im zweiten Jahr ihres Bestehens gar nicht mehr so hidden ist. Die Tickets f\u00fcr diese kleinen Konzerte besorgt man sich am Nachmittag an einem separaten Infostand. Das habe ich nat\u00fcrlich getan und ich habe mir <strong>Lee Ranaldo &amp; El Rayo<\/strong> angesehen. Nat\u00fcrlich deswegen, weil ich a) ein <strong>Sonic Youth<\/strong> Sympathisant bin und b) ich die letzten beiden <strong>Lee Ranaldo<\/strong> Scheiben (mit seiner Band <strong>The Dust<\/strong>) sehr liebe.<br \/>\nMit zwei jungen spanischen Musikern spielte <strong>Ranaldo<\/strong> seinerzeit ein Set, das trotz verst\u00e4rkter Akustikgitarre ruhig war und viel auf Gl\u00f6ckchen, Rasseln und Keyboards setzte. Es war ein toller Auftritt, der gerade auch wegen der Premierenpannen wie verpassten Eins\u00e4tzen und Abstimmungsschwierigkeiten sympathisch holprig und unausgereift dargeboten wurde.\u00a0 Grund genug, mir das Ganze nochmal anzuschauen.<\/p>\n<p>In meinem Kosmos ist <strong>Lee Ranaldo<\/strong> ein Superstar. Gerne m\u00f6chte ich Weltstar schreiben, aber letztens noch wurde mir sanft vorgeworfen, den Begriff Weltstar zu inflation\u00e4r zu benutzen. Und \u00fcberhaupt, was in meinem Kosmos ein Weltstar sei, sei das objektiv betrachtet noch lange nicht. Der Vorwurf war nicht ganz ernst gemeint (oder vielleicht doch), aber ich gestehe, dass ich mich schnell begeistern lasse und manche Bands und Musiker ganz anders wahrnehme, als es die breite Masse macht. Und so ordne ich <strong>Lee Ranaldo<\/strong> auf der Superstarskala sehr wohl im Bereich Weltstar an.<br \/>\nDass ich in diesem Fall damit objektiv nicht ganz richtig liege, zeigt der Besucherandrang im Geb\u00e4ude 9. Es ist nix los.<br \/>\nWie kommt\u2019s? Ein Grund k\u00f6nnte sein, dass das Deb\u00fctalbum noch gar nicht verf\u00fcgbar ist. Ein anderer, dass die Tour nirgends explizit beworben wurde. So lief die Veranstaltung sicher bei vielen unter dem Radar. Oder aber <strong>Lee Ranaldo<\/strong> zieht 2016 keinen mehr vom Ofen weg. Bei den letzten Konzerten mit seiner Band <strong>The Dust<\/strong> war das Geb\u00e4ude 9 zwar auch nicht voll, aber der Besuch damals doch ansprechend. Daher sehe ich letzteren Grund eher f\u00fcr unwahrscheinlich an.<br \/>\nIch finde es schade, dass nur so wenige den Weg ins Konzert fanden, denn <strong>Lee Ranaldo<\/strong> ist ein begnadeter Musiker, sowohl handwerklich als auch in songschreiberischer Hinsicht. Schon zu <strong>Sonic Youth<\/strong> Zeiten waren seine Songs die sch\u00f6nsten, die sanftesten und melodischsten. Dass sich daran nichts ge\u00e4ndert hat, zeigten die letzten beiden Alben mit <strong>The Dust<\/strong> und auch die St\u00fccke mit <strong>El Rayo<\/strong>. Das wilde rumexperimentieren mit Ger\u00e4uschen allerlei Art wurde ganz zur\u00fcckgefahren, der klassische amerikanische Gitarrenunderground fokussiert. Mit <strong>The Dust<\/strong> mehr, mit <strong>El Rayo<\/strong> weniger. So war zumindest mein Eindruck, als ich <strong>Lee Ranaldo &amp; El Rayo<\/strong> im Fr\u00fchjahr h\u00f6rte. H\u00e4ngt es damit zusammen, dass <strong>Raul Fernandez<\/strong> und <strong>Cayo Machancoses<\/strong> aus Spanien stammen und die St\u00fccke europ\u00e4ischer klingen lassen? Wobei ich mich gerade Frage, wie \u2018europ\u00e4isch klingen\u2018 \u00fcberhaupt klingt. Egal, mein Eindruck, mein Gedankengewurschtel.<\/p>\n<p>Fakt ist, dass dieses Konzert viel rockiger, als ich den Primaveraauftritt in Erinnerung habe. Die Gitarren waren st\u00e4rker, die Keyboards etwas weniger ausgepr\u00e4gt. Und die elektronisch verst\u00e4rkte Akustikgitarre war in Summe nicht ganz so ruhig. Einzig der Konzertbeginn mit Glockenklingeln und gesampleten Vogelgezwitscher lie\u00df mich zur\u00fcckdenken. Nach der Aufw\u00e4rmphase mit den beiden bekannten Songs \u201eLet\u2019s start again\u201c und \u201eOff the wall\u201c (Riesenhit \u00fcbrigens) dominierte der Rock. <strong>Raul Fernandez<\/strong> griff \u00f6fter zur elektrischen Gitarre als in die Keyboardtasten.<br \/>\nWundersch\u00f6n fand ich den teilweise vierstimmigen Gesang, der die Songs in den Classic Rock abdriften lie\u00df. Und sangen sie die Refrains nicht vierstimmig, dann doch mindestens <strong>Lee Ranaldo<\/strong> und <strong>Raul Fernandez<\/strong> im Duett. Sehr fr\u00fch im Konzert beschlich mich der Eindruck, dass das kommende Album <em>Electric Trim<\/em> sehr gut sein muss.<\/p>\n<p><strong>Lee Ranaldo<\/strong> gilt uneingeschr\u00e4nkt das Hauptaugenmerk. Alle Blickrichtungen gehen in seine Richtung. Links vor der B\u00fchne ist es daher deutlich voller als am anderen B\u00fchnenrand, wo Bassist <strong>Cayo Machancoses <\/strong>und Multiinstrumentalist<strong> Raul Fernandez <\/strong>ihrem Job nachgehen. Die Schlagzeugerin, die mich in einem Duett mit <strong>Lee Ranaldo<\/strong> sehr verzaubert (\u201eLast looks\u201c?), agiert im Hintergrund.<br \/>\nIhren gro\u00dfen Auftritt verpasse ich allerdings. Und leider. \u201eOcean\u201c, ein <strong>Velvet Underground<\/strong> Cover, ist der ausuferndste Song des Abends, an deren Ende die Schlagzeugerin fast ihr Spielger\u00e4t zerlegt. \u00a0Sie spielen es am Schluss des Konzertes und somit zu einer Uhrzeit, zu der ich schon zum Zug hetzen musste. Das ist Jammerschade. Doch Dank des Internets gingmir dieser Song nicht verloren!<\/p>\n<p><strong>Kontextkonzert:<br \/>\n<\/strong><a href=\"https:\/\/www.pretty-paracetamol.de\/blog\/primavera-sound-festival-barcelona-02-06-2016\/\" target=\"_blank\">Lee Ranaldo &amp; El rayo &#8211; Primavera Sound Festival Barcelona, 02.06.2016<\/a><strong><br \/>\n<\/strong><a href=\"https:\/\/www.pretty-paracetamol.de\/blog\/lee-ranaldo-the-dust\/\" target=\"_blank\">Lee Ranaldo &amp; The Dust \u2013 K\u00f6ln, 13.11.2013 \/ Geb\u00e4ude 9<br \/>\n<\/a><a title=\"Archiv\" href=\"https:\/\/www.pretty-paracetamol.de\/blog\/?p=4949\" target=\"_blank\">Lee Ranaldo \u2013 Hasselt, 15.06.2013<\/a><a href=\"https:\/\/www.pretty-paracetamol.de\/blog\/lee-ranaldo-the-dust\/\" target=\"_blank\"><br \/>\n<\/a><a title=\"Lee Ranaldo \u2013 K\u00f6ln, 04.07.2012\" href=\"https:\/\/www.pretty-paracetamol.de\/blog\/?p=4949\" target=\"_blank\">Lee Ranaldo \u2013 K\u00f6ln<\/a><a title=\"Lee Ranaldo \u2013 K\u00f6ln, 04.07.2012\" href=\"https:\/\/www.pretty-paracetamol.de\/blog\/?p=4949\" target=\"_blank\">, 04.07.2012<\/a><\/p>\n","protected":false},"excerpt":{"rendered":"<p>Lee Ranaldo scheint mir in den letzten Jahren der produktivste des Sonic Youth\u2019schen Gitarrentriumvirats zu sein. Soloalben, diverse Projekte und seit neuestem die Band Lee Ranaldo &#038; El Rayo. Ein Album ist in Arbeit, wie man so sagt, es erscheint wohl zum Ende des Jahres.Ihr Deb\u00fctauftritt hatte die Combo im Fr\u00fchjahr beim Primavera Sound. Es war eines von drei Konzerten auf der sogenannten hidden stage, die im zweiten Jahr ihres Bestehens gar nicht mehr so hidden ist. Die Tickets f\u00fcr diese kleinen Konzerte besorgt man sich am Nachmittag an einem separaten Infostand. <\/p>\n","protected":false},"author":2,"featured_media":7816,"comment_status":"open","ping_status":"open","sticky":false,"template":"","format":"standard","meta":{"_seopress_robots_primary_cat":"","_seopress_titles_title":"","_seopress_titles_desc":"","_seopress_robots_index":"","ocean_post_layout":"","ocean_both_sidebars_style":"","ocean_both_sidebars_content_width":0,"ocean_both_sidebars_sidebars_width":0,"ocean_sidebar":"","ocean_second_sidebar":"","ocean_disable_margins":"enable","ocean_add_body_class":"","ocean_shortcode_before_top_bar":"","ocean_shortcode_after_top_bar":"","ocean_shortcode_before_header":"","ocean_shortcode_after_header":"","ocean_has_shortcode":"","ocean_shortcode_after_title":"","ocean_shortcode_before_footer_widgets":"","ocean_shortcode_after_footer_widgets":"","ocean_shortcode_before_footer_bottom":"","ocean_shortcode_after_footer_bottom":"","ocean_display_top_bar":"default","ocean_display_header":"default","ocean_header_style":"","ocean_center_header_left_menu":"","ocean_custom_header_template":"","ocean_custom_logo":0,"ocean_custom_retina_logo":0,"ocean_custom_logo_max_width":0,"ocean_custom_logo_tablet_max_width":0,"ocean_custom_logo_mobile_max_width":0,"ocean_custom_logo_max_height":0,"ocean_custom_logo_tablet_max_height":0,"ocean_custom_logo_mobile_max_height":0,"ocean_header_custom_menu":"","ocean_menu_typo_font_family":"","ocean_menu_typo_font_subset":"","ocean_menu_typo_font_size":0,"ocean_menu_typo_font_size_tablet":0,"ocean_menu_typo_font_size_mobile":0,"ocean_menu_typo_font_size_unit":"px","ocean_menu_typo_font_weight":"","ocean_menu_typo_font_weight_tablet":"","ocean_menu_typo_font_weight_mobile":"","ocean_menu_typo_transform":"","ocean_menu_typo_transform_tablet":"","ocean_menu_typo_transform_mobile":"","ocean_menu_typo_line_height":0,"ocean_menu_typo_line_height_tablet":0,"ocean_menu_typo_line_height_mobile":0,"ocean_menu_typo_line_height_unit":"","ocean_menu_typo_spacing":0,"ocean_menu_typo_spacing_tablet":0,"ocean_menu_typo_spacing_mobile":0,"ocean_menu_typo_spacing_unit":"","ocean_menu_link_color":"","ocean_menu_link_color_hover":"","ocean_menu_link_color_active":"","ocean_menu_link_background":"","ocean_menu_link_hover_background":"","ocean_menu_link_active_background":"","ocean_menu_social_links_bg":"","ocean_menu_social_hover_links_bg":"","ocean_menu_social_links_color":"","ocean_menu_social_hover_links_color":"","ocean_disable_title":"default","ocean_disable_heading":"default","ocean_post_title":"","ocean_post_subheading":"","ocean_post_title_style":"","ocean_post_title_background_color":"","ocean_post_title_background":0,"ocean_post_title_bg_image_position":"","ocean_post_title_bg_image_attachment":"","ocean_post_title_bg_image_repeat":"","ocean_post_title_bg_image_size":"","ocean_post_title_height":0,"ocean_post_title_bg_overlay":0.5,"ocean_post_title_bg_overlay_color":"","ocean_disable_breadcrumbs":"default","ocean_breadcrumbs_color":"","ocean_breadcrumbs_separator_color":"","ocean_breadcrumbs_links_color":"","ocean_breadcrumbs_links_hover_color":"","ocean_display_footer_widgets":"default","ocean_display_footer_bottom":"default","ocean_custom_footer_template":"","osh_disable_topbar_sticky":"default","osh_disable_header_sticky":"default","osh_sticky_header_style":"default","osh_sticky_header_effect":"","osh_custom_sticky_logo":0,"osh_custom_retina_sticky_logo":0,"osh_custom_sticky_logo_height":0,"osh_background_color":"","osh_links_color":"","osh_links_hover_color":"","osh_links_active_color":"","osh_links_bg_color":"","osh_links_hover_bg_color":"","osh_links_active_bg_color":"","osh_menu_social_links_color":"","osh_menu_social_hover_links_color":"","ocean_post_oembed":"","ocean_post_self_hosted_media":"","ocean_post_video_embed":"","ocean_link_format":"","ocean_link_format_target":"self","ocean_quote_format":"","ocean_quote_format_link":"post","ocean_gallery_link_images":"on","ocean_gallery_id":[],"footnotes":""},"categories":[3],"tags":[1050,5,445,1048,1079],"class_list":["post-7814","post","type-post","status-publish","format-standard","has-post-thumbnail","hentry","category-konzert","tag-1050","tag-gebaude9","tag-koln","tag-konzert","tag-lee-ranaldo-el-rayo","entry","has-media"],"views":4422,"_links":{"self":[{"href":"https:\/\/www.pretty-paracetamol.de\/blog\/wp-json\/wp\/v2\/posts\/7814","targetHints":{"allow":["GET"]}}],"collection":[{"href":"https:\/\/www.pretty-paracetamol.de\/blog\/wp-json\/wp\/v2\/posts"}],"about":[{"href":"https:\/\/www.pretty-paracetamol.de\/blog\/wp-json\/wp\/v2\/types\/post"}],"author":[{"embeddable":true,"href":"https:\/\/www.pretty-paracetamol.de\/blog\/wp-json\/wp\/v2\/users\/2"}],"replies":[{"embeddable":true,"href":"https:\/\/www.pretty-paracetamol.de\/blog\/wp-json\/wp\/v2\/comments?post=7814"}],"version-history":[{"count":0,"href":"https:\/\/www.pretty-paracetamol.de\/blog\/wp-json\/wp\/v2\/posts\/7814\/revisions"}],"wp:featuredmedia":[{"embeddable":true,"href":"https:\/\/www.pretty-paracetamol.de\/blog\/wp-json\/wp\/v2\/media\/7816"}],"wp:attachment":[{"href":"https:\/\/www.pretty-paracetamol.de\/blog\/wp-json\/wp\/v2\/media?parent=7814"}],"wp:term":[{"taxonomy":"category","embeddable":true,"href":"https:\/\/www.pretty-paracetamol.de\/blog\/wp-json\/wp\/v2\/categories?post=7814"},{"taxonomy":"post_tag","embeddable":true,"href":"https:\/\/www.pretty-paracetamol.de\/blog\/wp-json\/wp\/v2\/tags?post=7814"}],"curies":[{"name":"wp","href":"https:\/\/api.w.org\/{rel}","templated":true}]}}