{"id":7577,"date":"2016-06-13T20:21:34","date_gmt":"2016-06-13T18:21:34","guid":{"rendered":"http:\/\/www.pretty-paracetamol.de\/blog\/?p=7577"},"modified":"2026-01-29T17:29:02","modified_gmt":"2026-01-29T16:29:02","slug":"primavera-sound-festival-barcelona-01-06-2016","status":"publish","type":"post","link":"https:\/\/www.pretty-paracetamol.de\/blog\/primavera-sound-festival-barcelona-01-06-2016\/","title":{"rendered":"Primavera Sound Festival \u2013 Barcelona, 01.06.2016"},"content":{"rendered":"\n<p><strong>Ort:<\/strong> Parc del F\u00f2rum, Barcelona<br><strong>Bands:<\/strong> Suede<\/p>\n\n\n<div class=\"wp-block-image\">\n<figure class=\"aligncenter\"><img fetchpriority=\"high\" decoding=\"async\" width=\"2048\" height=\"1152\" src=\"https:\/\/www.pretty-paracetamol.de\/blog\/wp-content\/uploads\/2016\/06\/Suede2.jpg\" alt=\"Suede\" class=\"wp-image-7578\" srcset=\"https:\/\/www.pretty-paracetamol.de\/blog\/wp-content\/uploads\/2016\/06\/Suede2.jpg 2048w, https:\/\/www.pretty-paracetamol.de\/blog\/wp-content\/uploads\/2016\/06\/Suede2-520x292.jpg 520w, https:\/\/www.pretty-paracetamol.de\/blog\/wp-content\/uploads\/2016\/06\/Suede2-1010x568.jpg 1010w\" sizes=\"(max-width: 2048px) 100vw, 2048px\" \/><\/figure><\/div>\n\n\n<p>Das Primavera Sound begn\u00fcgt sich nicht mit seinen drei Festivaltagen Donnerstag, Freitag und Samstag im Parc del F\u00f2rum. Nahezu eine ganze Woche lang platzieren die Festivalmacher Konzerte und Veranstaltungen in ganz Barcelona. Auf \u00f6ffentlichen Pl\u00e4tzen, in Clubs und anderen R\u00e4umlichkeiten finden Veranstaltungen statt, die teilweise frei f\u00fcr alle und teilweise nur f\u00fcr \u2018regul\u00e4re\u2018 Festivalbesucher zug\u00e4nglich sind.<br>Neu fiel mir dieses Jahr im Programm auf, dass es Kinoveranstaltungen gibt. So laufen im Auditori, eigentlich ein klassischer Konzertsaal, Kinofilme mit musikalischen Hintergrund. Filme von <strong>Grant Gee<\/strong>,<strong> Marie Losier<\/strong> und <strong>Dylan Southern<\/strong> standen Samstags und Sonntags auf dem Programm.<br>Am Mittwoch vor dem eigentlichen Festivalbeginn ist es seit jeher Tradition und Sitte, dass kostenlose Konzerte die Festivalbesucher auf das Primavera einstimmen. Diese warm-up Veranstaltung findet seit drei Jahren auf dem Festivalgel\u00e4nde statt, davor auf gr\u00f6\u00dferen Pl\u00e4tzen im Stadtgebiet Barcelonas. Waren dies anfangs Konzerte kleinerer Bands wie <strong>Wedding present<\/strong> oder <strong>Sky Ferrera<\/strong>, so lockte im letzten Jahr mit <strong>OMD<\/strong> erstmals ein gro\u00dfer Name. In diesem Jahr setzten die Macher noch einen drauf und pr\u00e4sentierten ein Freikonzert von und mit <strong>Suede<\/strong>. Richtig gelesen, <strong>Suede<\/strong>, die gro\u00dfe britische Popband der 1990er Jahre.<br>Das darf ich mir nat\u00fcrlich nicht entgehen lassen und so wurden alle Planungen des Anreisetages auf den Besuch des Konzertes abgestimmt. Flugzeit nachmittags, Eink\u00e4ufe anschlie\u00dfend, dann etwas essen und zu guter Letzt p\u00fcnktlich mit der Tram in den Parc del F\u00f2rum.<br>Als ich gegen halb elf dort ankomme, ist der Platz vor der drittgr\u00f6\u00dften B\u00fchne des Festivalgel\u00e4ndes nahezu voll besetzt. Irgendwo lese ich Tage sp\u00e4ter, dass ca. 25000 Leute das mittw\u00f6chliche Freikonzert zu einem Besuch im Parc del F\u00f2rum nutzten.<br>Hier tummeln sich Festivalbesucher und andere, um die Gunst des Augenblicks zu nutzen und sich <strong>Brett Anderson<\/strong> und Band eine gute Stunde lang zuzuh\u00f6ren. Um das einzuordnen: es w\u00e4re so, als w\u00fcrden die <strong>Donots<\/strong> am Vortag vor Rock am Ring im Stadtzentrum von Mendig auftreten. Nun interessieren mich Rock am Ring und die <strong>Donots<\/strong> thematisch \u00fcberhaupt nicht, aber so in etwa sind die Relationen der diesj\u00e4hrigen gro\u00dfen Primavera Er\u00f6ffnungsveranstaltung einzuordnen.<\/p>\n\n\n\n<p>Also <strong>Suede<\/strong>. Lange nicht mehr gesehen und viel l\u00e4nger nicht mehr geh\u00f6rt. Das letzte Mal trug <strong>Brett Anderson<\/strong> Gipsbein und es muss irgendwann Mitte der 2000er Jahre gewesen sein, als ich die Engl\u00e4nder zum letzten Mal sah. Damals war das in der Live Music Hall, die, wenn ich mich recht erinnere, nicht ausverkauft war. Seither sind mit <em>Bloodsports<\/em> und <em>Night thoughts<\/em> zwei Alben erschienen, die ich \u00fcberhaupt nicht wahrnahm. Bereits das 2002er Album <em>A new Morning<\/em> interessierte mich nicht mehr sonderlich stark. <strong>Suede<\/strong> standen und stehen f\u00fcr mich f\u00fcr die 1990er Jahre, in die die Band musikalisch und thematisch am besten passt und irgendwie auch hingeh\u00f6rt. Nichtsdestotrotz, einen Festivalauftritt kann und muss ich mir geben. Hits wie \u201eFilmstar\u201c, \u201eTrash\u201c, \u201eSo young\u201c, \u201eBeautiful ones\u201c oder \u201eShe\u2019s in fashion\u201c (an diesem Abend in einer tollen Akkustikversion aufgef\u00fchrt) sind immer f\u00fcr ein sch\u00f6nes Konzert gut.<br>Und ja, nat\u00fcrlich war es ein sch\u00f6nes Konzert. Die Band, die am Donnerstag auch noch im Auditori auftreten sollte, spielte das erwartete Best-of Set mit eben jenen Songs und allen anderen Hits. Die neueren Alben lie\u00dfen <strong>Suede<\/strong> nahezu au\u00dfen vor. Dass sich somit eine riesengro\u00dfe Sause mit gr\u00f6\u00dftm\u00f6glichem Wiedererkennungswert auch bei nicht eingefleischten <strong>Suede<\/strong> Fans ergab, ist folgerichtig. <strong>Suede<\/strong> brauchen also gar nicht viel machen, um f\u00fcr eine gute Stimmung zu sorgen. Die Mischung aus Festivalvorfreude, gutem Wetter und bekannter Musik erledigen das m\u00fchelos alleine. Wenn die verzerrte Gitarre zu \u201eAnimal nitrate\u201c einsetzt, hat jeder die ersten Zeilen auf den Lippen. Nicht anders ist es bei \u201eSo young\u201c. Das sind so Sachen, die man einfach kennt.<br>So wie zwei Tage sp\u00e4ter beim Auftritt von <strong>Brian Wilson<\/strong>. \u201eGood vibration\u201c kann jeder zumindest zeitweise mitsingen, dieser Song ist im Ged\u00e4chtnis eines jeden Menschen. \u201eAnimal nitrate\u201c und \u201eSo young\u201c sind zumindest im Ged\u00e4chtnis von Primavera Besuchern. Da singt oder summt man unwillk\u00fcrlich mit, was an diesem Abend gesch\u00e4tzte 20000 Leute tun. Mich eingeschlossen.<br><strong>Brett Anderson<\/strong> gibt unterdessen die Rampensau. Er springt, rennt und klettert \u00fcber die B\u00fchne. Die Videoleinw\u00e4nde zeigen es: sein wei\u00dfes Hemd weist bereits nach 30 Konzertminuten Risse unter den Armen auf. Zu oft die Arme hochgerissen, zu oft die ersten Reihen besucht. Brett Anderson gibt alles. Dass er gegen Ende des Konzertes mit offenem Hemd auf und vor der B\u00fchne steht, geht in Ordnung. So alt ist der S\u00e4nger noch nicht. Gesch\u00e4tzte 48 Jahre; ich sehe ihm das Alter nur manchmal an. F\u00fcr \u201eAnimal nitrate\u201c allerdings f\u00fchlt er sich dann doch nicht mehr jung genug. Wie sonst soll ich die Geste des Mittelfinger Zeigens deuten, die er zu den Zeilen \u2018now you&#8217;re over 21, now your animal&#8217;s gone, animal, he was animal, an animal\u2026\u2018 den ersten Reihen pr\u00e4sentiert?<br>Ach egal, <strong>Suede<\/strong> sind &#8211; egal wie jung oder alt &#8211; toll und h\u00fcbsch!<\/p>\n\n\n\n<blockquote class=\"wp-block-quote is-layout-flow wp-block-quote-is-layout-flow\">\n<p>\u201c la, la, la, la, lalala,\u2026\u201c (The beautiful ones)<\/p>\n<\/blockquote>\n\n\n\n<p><strong>Setlist:<\/strong><br>01: Introducing the Band<br>02: Outsiders<br>03: Killing of a Flashboy<br>04: Trash<br>05: Filmstar<br>06: Animal nitrate<br>07: We are the pigs<br>08: Sometimes I feel I&#8217;ll float away<br>09: Everything will flow<br>10: The drowners<br>11: Still life<br>12: For the strangers<br>13: So young<br>14: Metal Mickey<br>15: Beautiful ones<br>Zugabe:<br>16: She&#8217;s in fashion<br>17: New Generation<\/p>\n\n\n\n<p><strong>Kontextkonzert:<\/strong><br><a href=\"https:\/\/www.pretty-paracetamol.de\/blog\/brett-anderson-koln-25-01-2010\/\" target=\"_blank\" rel=\"noopener\">Brett Anderson \u2013 K\u00f6ln, 25.01.2010 \/ Luxor<\/a><\/p>\n","protected":false},"excerpt":{"rendered":"<p>Das Primavera Sound begn\u00fcgt sich nicht mit seinen drei Festivaltagen Donnerstag, Freitag und Samstag im Parc del F\u00f2rum. Nahezu eine ganze Woche lang platzieren die Festivalmacher Konzerte und Veranstaltungen in ganz Barcelona. Auf \u00f6ffentlichen Pl\u00e4tzen, in Clubs und anderen R\u00e4umlichkeiten finden Veranstaltungen statt, die teilweise frei f\u00fcr alle und teilweise nur f\u00fcr \u2018regul\u00e4re\u2018 Festivalbesucher zug\u00e4nglich sind.<\/p>\n","protected":false},"author":2,"featured_media":7579,"comment_status":"open","ping_status":"open","sticky":false,"template":"","format":"standard","meta":{"_seopress_robots_primary_cat":"none","_seopress_titles_title":"pretty-paracetamol in concert: %%post_title%%","_seopress_titles_desc":"Das Primavera Sound begn\u00fcgt sich nicht mit seinen drei Festivaltagen Donnerstag, Freitag und Samstag im Parc del F\u00f2rum.","_seopress_robots_index":"","ocean_post_layout":"","ocean_both_sidebars_style":"","ocean_both_sidebars_content_width":0,"ocean_both_sidebars_sidebars_width":0,"ocean_sidebar":"","ocean_second_sidebar":"","ocean_disable_margins":"enable","ocean_add_body_class":"","ocean_shortcode_before_top_bar":"","ocean_shortcode_after_top_bar":"","ocean_shortcode_before_header":"","ocean_shortcode_after_header":"","ocean_has_shortcode":"","ocean_shortcode_after_title":"","ocean_shortcode_before_footer_widgets":"","ocean_shortcode_after_footer_widgets":"","ocean_shortcode_before_footer_bottom":"","ocean_shortcode_after_footer_bottom":"","ocean_display_top_bar":"default","ocean_display_header":"default","ocean_header_style":"","ocean_center_header_left_menu":"","ocean_custom_header_template":"","ocean_custom_logo":0,"ocean_custom_retina_logo":0,"ocean_custom_logo_max_width":0,"ocean_custom_logo_tablet_max_width":0,"ocean_custom_logo_mobile_max_width":0,"ocean_custom_logo_max_height":0,"ocean_custom_logo_tablet_max_height":0,"ocean_custom_logo_mobile_max_height":0,"ocean_header_custom_menu":"","ocean_menu_typo_font_family":"","ocean_menu_typo_font_subset":"","ocean_menu_typo_font_size":0,"ocean_menu_typo_font_size_tablet":0,"ocean_menu_typo_font_size_mobile":0,"ocean_menu_typo_font_size_unit":"px","ocean_menu_typo_font_weight":"","ocean_menu_typo_font_weight_tablet":"","ocean_menu_typo_font_weight_mobile":"","ocean_menu_typo_transform":"","ocean_menu_typo_transform_tablet":"","ocean_menu_typo_transform_mobile":"","ocean_menu_typo_line_height":0,"ocean_menu_typo_line_height_tablet":0,"ocean_menu_typo_line_height_mobile":0,"ocean_menu_typo_line_height_unit":"","ocean_menu_typo_spacing":0,"ocean_menu_typo_spacing_tablet":0,"ocean_menu_typo_spacing_mobile":0,"ocean_menu_typo_spacing_unit":"","ocean_menu_link_color":"","ocean_menu_link_color_hover":"","ocean_menu_link_color_active":"","ocean_menu_link_background":"","ocean_menu_link_hover_background":"","ocean_menu_link_active_background":"","ocean_menu_social_links_bg":"","ocean_menu_social_hover_links_bg":"","ocean_menu_social_links_color":"","ocean_menu_social_hover_links_color":"","ocean_disable_title":"default","ocean_disable_heading":"default","ocean_post_title":"","ocean_post_subheading":"","ocean_post_title_style":"","ocean_post_title_background_color":"","ocean_post_title_background":0,"ocean_post_title_bg_image_position":"","ocean_post_title_bg_image_attachment":"","ocean_post_title_bg_image_repeat":"","ocean_post_title_bg_image_size":"","ocean_post_title_height":0,"ocean_post_title_bg_overlay":0.5,"ocean_post_title_bg_overlay_color":"","ocean_disable_breadcrumbs":"default","ocean_breadcrumbs_color":"","ocean_breadcrumbs_separator_color":"","ocean_breadcrumbs_links_color":"","ocean_breadcrumbs_links_hover_color":"","ocean_display_footer_widgets":"default","ocean_display_footer_bottom":"default","ocean_custom_footer_template":"","osh_disable_topbar_sticky":"default","osh_disable_header_sticky":"default","osh_sticky_header_style":"default","osh_sticky_header_effect":"","osh_custom_sticky_logo":0,"osh_custom_retina_sticky_logo":0,"osh_custom_sticky_logo_height":0,"osh_background_color":"","osh_links_color":"","osh_links_hover_color":"","osh_links_active_color":"","osh_links_bg_color":"","osh_links_hover_bg_color":"","osh_links_active_bg_color":"","osh_menu_social_links_color":"","osh_menu_social_hover_links_color":"","ocean_post_oembed":"","ocean_post_self_hosted_media":"","ocean_post_video_embed":"","ocean_link_format":"","ocean_link_format_target":"self","ocean_quote_format":"","ocean_quote_format_link":"post","ocean_gallery_link_images":"on","ocean_gallery_id":[],"footnotes":""},"categories":[1771,3],"tags":[1050,391,390,1048,656,392,1561,1075,1316,1074],"class_list":["post-7577","post","type-post","status-publish","format-standard","has-post-thumbnail","hentry","category-festival","category-konzert","tag-1050","tag-barcelona","tag-festival","tag-konzert","tag-parc-del-forum","tag-primavera","tag-primavera-sound","tag-primavera-sound-2016","tag-spanien","tag-suede","entry","has-media"],"views":4732,"_links":{"self":[{"href":"https:\/\/www.pretty-paracetamol.de\/blog\/wp-json\/wp\/v2\/posts\/7577","targetHints":{"allow":["GET"]}}],"collection":[{"href":"https:\/\/www.pretty-paracetamol.de\/blog\/wp-json\/wp\/v2\/posts"}],"about":[{"href":"https:\/\/www.pretty-paracetamol.de\/blog\/wp-json\/wp\/v2\/types\/post"}],"author":[{"embeddable":true,"href":"https:\/\/www.pretty-paracetamol.de\/blog\/wp-json\/wp\/v2\/users\/2"}],"replies":[{"embeddable":true,"href":"https:\/\/www.pretty-paracetamol.de\/blog\/wp-json\/wp\/v2\/comments?post=7577"}],"version-history":[{"count":1,"href":"https:\/\/www.pretty-paracetamol.de\/blog\/wp-json\/wp\/v2\/posts\/7577\/revisions"}],"predecessor-version":[{"id":21467,"href":"https:\/\/www.pretty-paracetamol.de\/blog\/wp-json\/wp\/v2\/posts\/7577\/revisions\/21467"}],"wp:featuredmedia":[{"embeddable":true,"href":"https:\/\/www.pretty-paracetamol.de\/blog\/wp-json\/wp\/v2\/media\/7579"}],"wp:attachment":[{"href":"https:\/\/www.pretty-paracetamol.de\/blog\/wp-json\/wp\/v2\/media?parent=7577"}],"wp:term":[{"taxonomy":"category","embeddable":true,"href":"https:\/\/www.pretty-paracetamol.de\/blog\/wp-json\/wp\/v2\/categories?post=7577"},{"taxonomy":"post_tag","embeddable":true,"href":"https:\/\/www.pretty-paracetamol.de\/blog\/wp-json\/wp\/v2\/tags?post=7577"}],"curies":[{"name":"wp","href":"https:\/\/api.w.org\/{rel}","templated":true}]}}