{"id":5726,"date":"2014-06-05T20:37:51","date_gmt":"2014-06-05T18:37:51","guid":{"rendered":"http:\/\/www.pretty-paracetamol.de\/blog\/?p=5726"},"modified":"2014-06-05T20:37:51","modified_gmt":"2014-06-05T18:37:51","slug":"primavera-sound-festival-barcelona-28-05-2014","status":"publish","type":"post","link":"https:\/\/www.pretty-paracetamol.de\/blog\/primavera-sound-festival-barcelona-28-05-2014\/","title":{"rendered":"Primavera Sound Festival &#8211; Barcelona, 28.05.2014"},"content":{"rendered":"<p><strong>Ort:<\/strong> Parc del Forum, Barcelona<br \/>\n<strong>Bands:<\/strong> Sky Ferreira<\/p>\n<p style=\"text-align: center;\"><img fetchpriority=\"high\" decoding=\"async\" class=\"aligncenter size-full wp-image-5730\" alt=\"Schotterparkplatz Panorama\" src=\"https:\/\/www.pretty-paracetamol.de\/blog\/wp-content\/uploads\/2014\/06\/schotterparkplatz_panorama_.jpg\" width=\"1000\" height=\"157\" srcset=\"https:\/\/www.pretty-paracetamol.de\/blog\/wp-content\/uploads\/2014\/06\/schotterparkplatz_panorama_.jpg 1000w, https:\/\/www.pretty-paracetamol.de\/blog\/wp-content\/uploads\/2014\/06\/schotterparkplatz_panorama_-520x82.jpg 520w\" sizes=\"(max-width: 1000px) 100vw, 1000px\" \/><\/p>\n<p>Wie dokumentiere ich dieses Festival? Nun, in diesem Jahr habe ich mich erneut dazu entschlossen, Tagesberichte zu verfassen. Bei insgesamt vier Tagen Konzerte im Parc del Forum ergibt das logischerweise vier Berichte. Die Aufteilung in Tage erscheint mir lesbarer als ein elendig langer Bericht (#tlc&#8217;tr). Dabei kann ich die einzelnen Konzerte nat\u00fcrlich nur kurz anreissen, die gewohnt ausf\u00fchrliche Abhandlung wie bei einem Einzelkonzert w\u00fcrde meinen Blogzeitrahmen sprengen und sicherlich w\u00fcrde ich nie damit fertig werden.<br \/>\nUnd ich denke, es tut auch keine Not. Ein Festval ist ein Festival ist ein Festival.<br \/>\nVorab jedoch ein kurzer \u00dcberblick dar\u00fcber, welche Bands in dieser Blogquadrologie vorkommen. Nach dem zeitlichen Ablauf sortiert sind dies:<br \/>\n&#8211; am Donnerstag, 29.05.2014:<br \/>\n<strong>Colin Stetson<\/strong>, <strong>Julian Cope<\/strong>, <strong>Real Estate<\/strong>, <strong>Girl Band<\/strong>, <strong>Warpaint<\/strong>, <strong>SVPER<\/strong>, <strong>Future Islands<\/strong>, <strong>Queens of the stoneage<\/strong>, <strong>Arcade Fire<\/strong>, <strong>Metronomy<\/strong><br \/>\n&#8211; am Freitag, 30.05.2014;<br \/>\n<strong>Julia Holter<\/strong>, <strong>Speedy Ortiz<\/strong>, <strong>Hamilton Leithauser<\/strong>, <strong>Slowdive<\/strong>, <strong>The Julie Ruin<\/strong>, <strong>Lee Ranaldo and the dust<\/strong>, <strong>Slint<\/strong>, <strong>Darkside<\/strong><br \/>\n&#8211; am Samstag, 31.05.2014:<br \/>\n<strong>Speedy Ortiz<\/strong>, <strong>Courtney Barnett<\/strong>, <strong>Television<\/strong>, <strong>Spoon<\/strong>, <strong>Goodspeed you! black emperor<\/strong>, <strong>The Dismemberment Plan<\/strong>, <strong>Cloud nothings<\/strong>, <strong>Nine inch nails<\/strong>, <strong>Foals<\/strong><\/p>\n<p>Jemanden vergessen? Ach sieh&#8216; selbst!<\/p>\n<p><strong>Parc del Forum, Mittwoch, 28.05.2014<\/strong><\/p>\n<p style=\"text-align: center;\"><img decoding=\"async\" class=\"aligncenter size-full wp-image-5728\" alt=\"Sky Ferreira\" src=\"https:\/\/www.pretty-paracetamol.de\/blog\/wp-content\/uploads\/2014\/06\/Sky-Ferreira.jpg\" width=\"1000\" height=\"563\" srcset=\"https:\/\/www.pretty-paracetamol.de\/blog\/wp-content\/uploads\/2014\/06\/Sky-Ferreira.jpg 1000w, https:\/\/www.pretty-paracetamol.de\/blog\/wp-content\/uploads\/2014\/06\/Sky-Ferreira-520x292.jpg 520w\" sizes=\"(max-width: 1000px) 100vw, 1000px\" \/><\/p>\n<p><!--more-->Im n\u00e4chsten Jahr findet das Primavera Sound Festival zum 15. Mal statt, und es ist zu bef\u00fcrchten, dass das dreit\u00e4gige Open Air Spektakel im Parc del Forum in Barcelona noch gr\u00f6sser wird, als es in den letzten Jahren bereits geworden ist.<br \/>\nBereits in diesem Jahr haben die Veranstalter eine Gr\u00f6\u00dfenstufe mehr gez\u00fcndet. Eine weitere gro\u00dfe B\u00fchne auf dem sogenannten Schotterparkplatz am westlichen Ende des Festivalgel\u00e4nde lie\u00df die dort nun beiden Hauptb\u00fchnen wie Fu\u00dfballtore erscheinen. Der Eindruck eines Fu\u00dfballplatzes wurde noch dadurch verst\u00e4rkt, weil an einer der L\u00e4ngsseiten VIP Trib\u00fcnen den Platz flankierten. Das gab es in der Dimension letztes Jahr nicht. Vor drei Jahren war dieser Platz noch nicht einmal Teil des Festivalgel\u00e4nde.<br \/>\n\u00dcberhaupt war die VIP-alisierung in diesem Jahr auff\u00e4llig. Vor den Hauptb\u00fchnen gab es extra VIP Stehbereiche, es gab gro\u00df angelegte VIP Areas und weitere Annehmlichkeiten, f\u00fcr die man beim Ticketkauf bis zu 50 Euro mehr zahlen musste. Gut, rechnet man den Eastpack Rucksack, den es als Dreingabe zum VIP Ticket gab, ab, und ber\u00fccksichtigte man auch die drei Freigetr\u00e4nke und den 2 Euro Festivalalmanach, die ebenso im Preis enthalten waren, lag man bei nur noch einem Plus von 5 Euro gegen\u00fcber dem normalen Ticketpreis. Der Charme eines unaufgeregten Indiefestivals geht mir dabei trotzdem etwas verloren; er ist aber nach wie vor immer noch gro\u00df genug, um eine klare Faszination auf mich auszu\u00fcben.<br \/>\nMusikalisch sowieso. Waren im letzten Jahr noch die gro\u00dfen Namen die Zugpferde, die nicht nur bei mir f\u00fcr Schnappatmung sorgten und auch mehr G\u00e4ste als in diesem Jahr zum Primavera gelockt haben, so war es heuer die gro\u00dfe Programausgeglichenheit, die mich f\u00f6rmlich erschlug.<\/p>\n<p>Als ich Sonntagnacht nach meinem Lieblingskonzert gefragt wurde, bzw. nach meinem Highlight, konnte ich keine Spontanantwort geben. (Kann ich auf sowas sowieso nie, aber dieses Mal fiel es mir noch schwerer). Es gab nicht, wie im letzten Jahr, die ganz gro\u00dfe Vorfreude auf ein bestimmtes Gro\u00dfkonzert (<strong>Jesus and Mary Chain<\/strong>, <strong>Phoenix<\/strong>, <strong>Blur<\/strong>), also irgendwie gab es kein vorprogrammiertes &#8211; und damit definitives &#8211; Highlight. Klar, <strong>Arcade Fire<\/strong> waren da, aber so superwichtig war mir das nicht.<br \/>\nDie Frage nach einer Entt\u00e4uschung w\u00e4re die bessere gewesen. Hier h\u00e4tte ich antworten k\u00f6nnen und m\u00fcssen: es gab keine. Alle Bands, die ich gesehen habe, \u00fcberzeugten vollends. Und somit waren alle Konzert auch irgendwie H\u00f6hepunkte und besondere Erlebnisse. Dass ich dabei alle Konzerte per se mochte, versteht sich von selbst. Ich schaue mir ja nur Bands an, die ich entweder mag oder \/ und interessant finde, Ausf\u00e4lle gibt es so f\u00fcr mich \u00fcberhaupt nie.<\/p>\n<p>Das freie Er\u00f6ffnungskonzert stand unter keinen guten Voraussetzungen. Als wir am Mittwoch in Barcelona ankamen, regnete es ohne Unterlass. So wurde aus dem Besuch des <strong>Sky Ferreira<\/strong> Konzertes nur eine kurze Stippvisite.<br \/>\nSky Ferreira ist\u2026.ja wer nun eigentlich?<br \/>\nAls ich am Montag die Bands des Mittwochabends durchh\u00f6rte, entdeckte ich nicht auf Anhieb so etwas wie einen gro\u00dfen Knaller. Allerdings blieb ich bei der jungen Frau portugiesischer Abstammung h\u00e4ngen, die Ende letzten Jahres ihr Deb\u00fctalbum <em>Night time, my time<\/em> ver\u00f6ffentlicht hat. Das k\u00f6nnte was sein und sich lohnen, dachte ich. Zumindest klang es f\u00fcr mich so interessant, dass ich mir den Auftritt von Sky Ferreira gerne ansehen wollte.<\/p>\n<blockquote><p>Ferreira grew up in the Venice Beach area of Los Angeles, but it wasn&#8217;t a conventional upbringing. She was raised primarily by her grandmother (&#8222;My parents were around, but they weren&#8217;t ready for children&#8220;) and developed an independent streak. Even her grandmother&#8217;s job \u2013 she was a hairdresser \u2013 was far from conventional when you take into account that her employer was Michael Jackson.<br \/>\n&#8222;She went everywhere with him, so I was always around him and his kids,&#8220; says Ferreira. &#8222;I had birthdays there, I sang gospel music for him \u2013 he was kind of my mentor, so he influenced me, but more as a friend than as Michael Jackson, the pop star.&#8220; When she heard the news of Jackson&#8217;s death, she says: &#8222;Everything just kinda stopped, it was the first death I&#8217;d ever experienced. But sometimes something will remind me of him and I feel a lot better.&#8220; (theguardian.com)<\/p><\/blockquote>\n<p>Sky Ferreira macht <a title=\"vimeo\" href=\"http:\/\/vimeo.com\/80403248\" target=\"_blank\">Elektro-Pop-SingerSongwriter Zeugs<\/a>. Ein bisschen 80s Pop, ein bisschen Synthie, ein bisschen Dreampop, nichts dramatisch neues, aber durchaus interessant genug, um eine Stunde im Parc del Forum zu verbringen. Leider machte das miese Wetter einen Strich durch diese Rechnung. Und somit kann auch leider nicht mehr \u00fcber Sky Ferreira berichten.<\/p>\n<p><a title=\"homepage\" href=\"https:\/\/www.pretty-paracetamol.de\/blog\/?p=5738\" target=\"_blank\">Zum Donnerstag<\/a>.<\/p>\n","protected":false},"excerpt":{"rendered":"<p>Ort: Parc del Forum, Barcelona Bands: Sky Ferreira Wie dokumentiere ich dieses Festival? Nun, in diesem Jahr habe ich mich erneut dazu entschlossen, Tagesberichte zu verfassen. Bei insgesamt vier Tagen Konzerte im Parc del Forum ergibt das logischerweise vier Berichte. Die Aufteilung in Tage erscheint mir lesbarer als ein elendig langer Bericht (#tlc&#8217;tr). Dabei kann [&hellip;]<\/p>\n","protected":false},"author":2,"featured_media":5728,"comment_status":"open","ping_status":"open","sticky":false,"template":"","format":"standard","meta":{"_seopress_robots_primary_cat":"","_seopress_titles_title":"","_seopress_titles_desc":"","_seopress_robots_index":"","ocean_post_layout":"","ocean_both_sidebars_style":"","ocean_both_sidebars_content_width":0,"ocean_both_sidebars_sidebars_width":0,"ocean_sidebar":"","ocean_second_sidebar":"","ocean_disable_margins":"enable","ocean_add_body_class":"","ocean_shortcode_before_top_bar":"","ocean_shortcode_after_top_bar":"","ocean_shortcode_before_header":"","ocean_shortcode_after_header":"","ocean_has_shortcode":"","ocean_shortcode_after_title":"","ocean_shortcode_before_footer_widgets":"","ocean_shortcode_after_footer_widgets":"","ocean_shortcode_before_footer_bottom":"","ocean_shortcode_after_footer_bottom":"","ocean_display_top_bar":"default","ocean_display_header":"default","ocean_header_style":"","ocean_center_header_left_menu":"","ocean_custom_header_template":"","ocean_custom_logo":0,"ocean_custom_retina_logo":0,"ocean_custom_logo_max_width":0,"ocean_custom_logo_tablet_max_width":0,"ocean_custom_logo_mobile_max_width":0,"ocean_custom_logo_max_height":0,"ocean_custom_logo_tablet_max_height":0,"ocean_custom_logo_mobile_max_height":0,"ocean_header_custom_menu":"","ocean_menu_typo_font_family":"","ocean_menu_typo_font_subset":"","ocean_menu_typo_font_size":0,"ocean_menu_typo_font_size_tablet":0,"ocean_menu_typo_font_size_mobile":0,"ocean_menu_typo_font_size_unit":"px","ocean_menu_typo_font_weight":"","ocean_menu_typo_font_weight_tablet":"","ocean_menu_typo_font_weight_mobile":"","ocean_menu_typo_transform":"","ocean_menu_typo_transform_tablet":"","ocean_menu_typo_transform_mobile":"","ocean_menu_typo_line_height":0,"ocean_menu_typo_line_height_tablet":0,"ocean_menu_typo_line_height_mobile":0,"ocean_menu_typo_line_height_unit":"","ocean_menu_typo_spacing":0,"ocean_menu_typo_spacing_tablet":0,"ocean_menu_typo_spacing_mobile":0,"ocean_menu_typo_spacing_unit":"","ocean_menu_link_color":"","ocean_menu_link_color_hover":"","ocean_menu_link_color_active":"","ocean_menu_link_background":"","ocean_menu_link_hover_background":"","ocean_menu_link_active_background":"","ocean_menu_social_links_bg":"","ocean_menu_social_hover_links_bg":"","ocean_menu_social_links_color":"","ocean_menu_social_hover_links_color":"","ocean_disable_title":"default","ocean_disable_heading":"default","ocean_post_title":"","ocean_post_subheading":"","ocean_post_title_style":"","ocean_post_title_background_color":"","ocean_post_title_background":0,"ocean_post_title_bg_image_position":"","ocean_post_title_bg_image_attachment":"","ocean_post_title_bg_image_repeat":"","ocean_post_title_bg_image_size":"","ocean_post_title_height":0,"ocean_post_title_bg_overlay":0.5,"ocean_post_title_bg_overlay_color":"","ocean_disable_breadcrumbs":"default","ocean_breadcrumbs_color":"","ocean_breadcrumbs_separator_color":"","ocean_breadcrumbs_links_color":"","ocean_breadcrumbs_links_hover_color":"","ocean_display_footer_widgets":"default","ocean_display_footer_bottom":"default","ocean_custom_footer_template":"","osh_disable_topbar_sticky":"default","osh_disable_header_sticky":"default","osh_sticky_header_style":"default","osh_sticky_header_effect":"","osh_custom_sticky_logo":0,"osh_custom_retina_sticky_logo":0,"osh_custom_sticky_logo_height":0,"osh_background_color":"","osh_links_color":"","osh_links_hover_color":"","osh_links_active_color":"","osh_links_bg_color":"","osh_links_hover_bg_color":"","osh_links_active_bg_color":"","osh_menu_social_links_color":"","osh_menu_social_hover_links_color":"","ocean_post_oembed":"","ocean_post_self_hosted_media":"","ocean_post_video_embed":"","ocean_link_format":"","ocean_link_format_target":"self","ocean_quote_format":"","ocean_quote_format_link":"post","ocean_gallery_link_images":"on","ocean_gallery_id":[],"footnotes":""},"categories":[3],"tags":[845,391,390,1048,656,890,891],"class_list":["post-5726","post","type-post","status-publish","format-standard","has-post-thumbnail","hentry","category-konzert","tag-845","tag-barcelona","tag-festival","tag-konzert","tag-parc-del-forum","tag-primavera-sound-2014","tag-sky-ferreira","entry","has-media"],"views":9158,"_links":{"self":[{"href":"https:\/\/www.pretty-paracetamol.de\/blog\/wp-json\/wp\/v2\/posts\/5726","targetHints":{"allow":["GET"]}}],"collection":[{"href":"https:\/\/www.pretty-paracetamol.de\/blog\/wp-json\/wp\/v2\/posts"}],"about":[{"href":"https:\/\/www.pretty-paracetamol.de\/blog\/wp-json\/wp\/v2\/types\/post"}],"author":[{"embeddable":true,"href":"https:\/\/www.pretty-paracetamol.de\/blog\/wp-json\/wp\/v2\/users\/2"}],"replies":[{"embeddable":true,"href":"https:\/\/www.pretty-paracetamol.de\/blog\/wp-json\/wp\/v2\/comments?post=5726"}],"version-history":[{"count":0,"href":"https:\/\/www.pretty-paracetamol.de\/blog\/wp-json\/wp\/v2\/posts\/5726\/revisions"}],"wp:featuredmedia":[{"embeddable":true,"href":"https:\/\/www.pretty-paracetamol.de\/blog\/wp-json\/wp\/v2\/media\/5728"}],"wp:attachment":[{"href":"https:\/\/www.pretty-paracetamol.de\/blog\/wp-json\/wp\/v2\/media?parent=5726"}],"wp:term":[{"taxonomy":"category","embeddable":true,"href":"https:\/\/www.pretty-paracetamol.de\/blog\/wp-json\/wp\/v2\/categories?post=5726"},{"taxonomy":"post_tag","embeddable":true,"href":"https:\/\/www.pretty-paracetamol.de\/blog\/wp-json\/wp\/v2\/tags?post=5726"}],"curies":[{"name":"wp","href":"https:\/\/api.w.org\/{rel}","templated":true}]}}