{"id":5418,"date":"2014-02-06T19:58:48","date_gmt":"2014-02-06T18:58:48","guid":{"rendered":"http:\/\/www.pretty-paracetamol.de\/blog\/?p=5418"},"modified":"2022-05-06T21:06:29","modified_gmt":"2022-05-06T19:06:29","slug":"ja-panik-koeln-05-02-2014","status":"publish","type":"post","link":"https:\/\/www.pretty-paracetamol.de\/blog\/ja-panik-koeln-05-02-2014\/","title":{"rendered":"Ja, Panik &#8211; K\u00f6ln, 05.02.2014"},"content":{"rendered":"\n<p><strong>Ort:<\/strong> Geb\u00e4ude 9, K\u00f6ln<br><strong>Vorband:<\/strong> Bo Candy &amp; his broken hearts<\/p>\n\n\n\n<div class=\"wp-block-image\"><figure class=\"aligncenter\"><img fetchpriority=\"high\" decoding=\"async\" width=\"1000\" height=\"562\" src=\"https:\/\/www.pretty-paracetamol.de\/blog\/wp-content\/uploads\/2014\/02\/11.jpg\" alt=\"Ja, Panik\" class=\"wp-image-5419\" srcset=\"https:\/\/www.pretty-paracetamol.de\/blog\/wp-content\/uploads\/2014\/02\/11.jpg 1000w, https:\/\/www.pretty-paracetamol.de\/blog\/wp-content\/uploads\/2014\/02\/11-520x292.jpg 520w\" sizes=\"(max-width: 1000px) 100vw, 1000px\" \/><\/figure><\/div>\n\n\n\n<p>Nein, Gelassenheit. So hat die \u00f6sterreichische Band <strong>Ja, Panik<\/strong> ihren Onlineshop genannt. Die Aussagenverdrehungen sind dabei sicherlich bewusst gew\u00e4hlt, wird doch im allgemeinen <strong>Ja, Panik<\/strong> als Musikgruppe plus x angesehen. Neben ihren Alben ver\u00f6ffentlichen sie auch Literatur: ein Kochbuch und das 197 Seiten umfassendes Taschenbuch \u201eSchriften \u2013 erster Band\u201c, welches parallel zur vorletzten Platte <em>DMD KIU LIDT<\/em> ver\u00f6ffentlicht wurde.<br><em>DMD KIU LIDT<\/em> war eines meiner wichtigsten Alben der letzten Jahre, das die Platte beschlie\u00dfende \u201eDMD KIU LIDT\u201c ein st\u00e4ndiger Gast auf meinem IPod. 15 Minuten Abrechnung mit dem eigenen leben und dem Leben der anderen. Herrlich zynisch, wunderbar anklagend und vorwurfsvoll. Ganz dringend wollte ich <strong>Ja, Panik<\/strong> deswegen auf ihrer letzten Tour sehen. Bl\u00f6derweise kam mir am Tag ihres K\u00f6lnkonzertes eine heftige Erk\u00e4ltung dazwischen, die mich an der Fahrt ins Geb\u00e4ude 9 hinderte. Was ich seinerzeit verpasst hatte, sah ich wenige Tage sp\u00e4ter auf youTube. Eine wunderbare Livedarbietung von &#8222;DMD KIU LIDT&#8220; als Zugabe. Oh Mann, was habe ich mich ge\u00e4rgert und was habe ich in den Wochen darauf umso mehr nach <strong>Ja, Panik<\/strong> Konzerten Ausschau gehalten.<br>Im Sommer 2012 klappte es dann im Rahmen eines Festivals: Beim sch\u00f6n zu lesenden, aber leider besuchertechnisch katastrophalen L\u00fcften Festival spielten <strong>Ja, Panik<\/strong> in einem kleinen Vorraum der Jahrhunderthalle.<br>Damals traten sie noch als reine Jungsband auf, neben den heute noch zur Band geh\u00f6renden <strong>Andreas Spechtl<\/strong>, <strong>Sebastian Janata<\/strong> und <strong>Stefan Pabst<\/strong> z\u00e4hlten<strong> Christian Treppo<\/strong> und <strong>Thomas Schleicher<\/strong> zur Gruppe.<\/p>\n\n\n\n<p>2014 ist vieles anders.<br><strong>Andreas Spechtl<\/strong>, <strong>Sebastian Janata<\/strong> und <strong>Stefan Pabst<\/strong> bilden aktuell das Kernteam, das live durch die Keyboarderin <strong>Laura Landergott<\/strong> und den Gitarristen <strong>Jonas Poppe<\/strong> erg\u00e4nzt wird. Zusammen ergibt das eine sch\u00f6n anzusehende Liveband. Gerade die Keyboarderin passt stilistisch sehr gut zu den ganz in schwarz gekleideten <strong>Ja, Panik<\/strong> Kernmitgliedern. Sie bringt ein wenig <strong>The XX<\/strong> Stil in die Band, was sehr gut passt, wie ich finde. <strong>Jonas Poppe<\/strong> stand genau auf der anderen Seite und somit nicht in meinem direkten Blickfeld, daher taucht er in dieser Beschreibung nicht weiter auf.<br>So wie <em>DMD KIU LIDT<\/em> ein mir sehr wichtiges Album war, so sehr habe ich bisher noch meine Schwierigkeiten mit Libertatia. War der Vorg\u00e4nger schwer, und sperrig sch\u00f6n, so ist <em>Libertatia<\/em> eher Pop. Das klingt jetzt banal, aber gute Popmusik machen ist keineswegs banal, ich wei\u00df. Ich h\u00f6re auf <em>Libertatia<\/em> mehr Keyboards und Synthierefernzen als je zuvor bei <strong>Ja, Panik<\/strong>. Das \u00f6ffnet der Band sicher neue M\u00e4rkte. Mit ihrem deutsch-englisch kauderwelsch haben <strong>Ja, Panik<\/strong> zwar immer noch ein quasi Alleinstellungsmerkmal &#8211; <strong>Andreas Spechtl<\/strong>, der S\u00e4nger und Kopf hat auch auf <em>Libertatia<\/em> die W\u00f6rter und Sprachen fest im Griff &#8211; , ich jedoch finde das aktuelle Album (noch) nicht so sch\u00f6n wie <em>DMD KIU LIDT<\/em>.<\/p>\n\n\n\n<blockquote class=\"wp-block-quote is-layout-flow wp-block-quote-is-layout-flow\"><p>\u201eVergiss das ganze Pipapo \u2013 von wegen high und living low \u2013 vergiss die troubles und den blues \u2013 forget your well worn worried shoes \u2013 denn ich hab G\u00e4selistenpl\u00e4tze \u2013 f\u00fcr das allerletzte aller Fest.\u201c<\/p><\/blockquote>\n\n\n\n<p>Ich k\u00f6nnte Unmengen von Beispielen nennen. So wie ich vor einer Woche bei <strong>Stephen Malkmus<\/strong> \u00fcber sein textlichen Absurdit\u00e4ten schmunzeln konnte, bin ich hier in gleichem Ma\u00dfe fasziniert. Es passt einfach.<\/p>\n\n\n\n<blockquote class=\"wp-block-quote is-layout-flow wp-block-quote-is-layout-flow\"><p>&#8218;Guten Abend, wir sind die Gruppe Ja, Panik.&#8216;<\/p><\/blockquote>\n\n\n\n<p>Ich zucke kurz zusammen. Solche Konzertansagen mag ich sonst nur nicht von <strong>Dirk von Lowtzow<\/strong>. Ist es schon soweit? Ist <strong>Andreas Spechtl<\/strong> den Lowtzow\u2019schen Songansageorgien verfallen? Spontan kommt mir das Bild eines Duos <strong>Spechtl \/ Lowtzow<\/strong> in den Sinn. Ich versuche, es mir auf einer B\u00fchne vorzustellen. Ich schaffe es nicht, weil ich es nicht schaffen m\u00f6chte. Ein solches Duo w\u00e4re mir arg zu anstrengend anzuschauen. &#8222;Radio Libertatia\u201c ist gerade verklungen und &#8222;Post shakey time sadness\u201d steht bevor, als diese S\u00e4tze fallen. Es ist der Beginn eines tollen Konzertes und Gott sei Dank die letzte dieser Art von Ansagen. Sicher hat das eine auch mit dem Anderen zu tun. <strong>Ja, Panik<\/strong> spielen sich haupts\u00e4chlich durch neues Material (es sind alle Songs vom aktuellen Album zu h\u00f6ren) und <em>DMD KIU LIDT<\/em> Kram.<\/p>\n\n\n\n<p>Ich hatte Erwartungen, dass sie auch \u201eDMD KIU LIDT\u201c spielen, Hoffnung darauf allerdings kaum. Ich dachte mir auf der Hinfahrt, dass es wohl nicht so recht passen w\u00fcrde. Als Ersatzdroge guckte ich mir daraufhin \u201eEigentlich wissen es alle\u201c aus. Ein gro\u00dfer Song, so ruhig und laut zugleich. Es ist der beste Konzertmoment und f\u00fcr mich definitiv der Punkt, auf den alles andere an diesem Abend hinzeigt. Mein Konzertschl\u00fcsselmoment schlechthin. Die Konzertphase davor, zwischen \u201eDance the ECB\u201d und \u201cLibertatia\u201d, war die poppigste. \u201eACAB\u201c forderte enorm den Harmoniegesang von <strong>Pabst<\/strong>, <strong>Landergott<\/strong> und <strong>Spechtl<\/strong>, der neben den Keyboards hier am st\u00e4rksten zu <strong>Falco<\/strong>-\u00e4hnlichem Sprechgesang hochf\u00e4hrt.<br>\u201eAlles hin, hin hin\u201c im Anschluss an \u201eEigentlich wissen es alle\u201c und das Madagaskar-Hauptstadtlied \u201eAntananarivo\u201c beenden den regul\u00e4ren Auftritt nach gef\u00fchlt arg kurzer Zeit. Jedoch rasch kommt die Band zur\u00fcck. Also das Dreierkernteam, das diesen ersten Zugabenblock er\u00f6ffnet. Zwei weitere Songs sp\u00e4ter finde ich mich damit ab, an diesem Abend auch kein \u201eNevermind\u201c zu h\u00f6ren. Aber, die Messe ist erst gelesen wenn die dicke Frau geschlachtet ist. <strong>Andreas Spechtl<\/strong> kommt nochmals allein auf die B\u00fchne. &#8218;Ich spiele euch noch einen Song&#8216;, genau: \u201eNevermind\u201c. Grandios! Er allein spielt den einen Song. Aber zusammen mit <strong>Ja, Panik<\/strong> spielt er dann noch \u201eNevermore\u201c, und dann ist wirklich Feierabend.<br><strong>Ja, Panik<\/strong> liefern einen mehr als glorreichen Auftritt. In den letzten Tagen \u00fcberlegte ich, ob ich mir nicht auch schon ein Ticket f\u00fcr D\u00fcsseldorf im April kaufen solle. Immer wieder sagte ich mir, warte erst noch das Konzert ab, vielleicht wird es dir ja doch zu kopflastig. Das war nat\u00fcrlich Quatsch, ich seh\u2018 euch im April!<\/p>\n\n\n\n<figure class=\"wp-block-embed aligncenter is-type-video is-provider-youtube wp-block-embed-youtube wp-embed-aspect-16-9 wp-has-aspect-ratio\"><div class=\"wp-block-embed__wrapper\">\n<p class=\"responsive-video-wrap clr\"><iframe title=\"Ja, Panik - Nevermind, K\u00f6ln 2014\" width=\"1200\" height=\"675\" src=\"https:\/\/www.youtube.com\/embed\/-rM8rCqFWUI?feature=oembed\" frameborder=\"0\" allow=\"accelerometer; autoplay; clipboard-write; encrypted-media; gyroscope; picture-in-picture\" allowfullscreen><\/iframe><\/p>\n<\/div><\/figure>\n\n\n\n<p><strong>Kontextkonzert:<\/strong><br><a title=\"Archiv\" href=\"https:\/\/www.pretty-paracetamol.de\/blog\/?p=4143\" target=\"_blank\" rel=\"noopener\">L\u00fcften! Festival \u2013 Frankfurt, 22.06.2012 \/ Jahrhunderthalle<\/a><\/p>\n","protected":false},"excerpt":{"rendered":"<p>Nein, Gelassenheit. So hat die \u00f6sterreichische Band Ja, Panik ihren Onlineshop genannt. Die Aussagenverdrehungen sind dabei sicherlich bewusst gew\u00e4hlt, wird doch im allgemeinen Ja, Panik als \u201eMusikgruppe plus x\u201c angesehen. Neben ihren Alben ver\u00f6ffentlichen sie auch Literatur: ein Kochbuch und das 197 Seiten umfassendes Taschenbuch \u201eSchriften \u2013 erster Band\u201c, welches parallel zur vorletzten Platte DMD KIU LIDT ver\u00f6ffentlicht wurde.<\/p>\n","protected":false},"author":2,"featured_media":5419,"comment_status":"open","ping_status":"open","sticky":false,"template":"","format":"standard","meta":{"_seopress_robots_primary_cat":"none","_seopress_titles_title":"pretty-paracetamol in concert: %%post_title%%","_seopress_titles_desc":"Nein, Gelassenheit. So hat die \u00f6sterreichische Band Ja, Panik ihren Onlineshop genannt.","_seopress_robots_index":"","ocean_post_layout":"","ocean_both_sidebars_style":"","ocean_both_sidebars_content_width":0,"ocean_both_sidebars_sidebars_width":0,"ocean_sidebar":"0","ocean_second_sidebar":"0","ocean_disable_margins":"enable","ocean_add_body_class":"","ocean_shortcode_before_top_bar":"","ocean_shortcode_after_top_bar":"","ocean_shortcode_before_header":"","ocean_shortcode_after_header":"","ocean_has_shortcode":"","ocean_shortcode_after_title":"","ocean_shortcode_before_footer_widgets":"","ocean_shortcode_after_footer_widgets":"","ocean_shortcode_before_footer_bottom":"","ocean_shortcode_after_footer_bottom":"","ocean_display_top_bar":"default","ocean_display_header":"default","ocean_header_style":"","ocean_center_header_left_menu":"0","ocean_custom_header_template":"0","ocean_custom_logo":0,"ocean_custom_retina_logo":0,"ocean_custom_logo_max_width":0,"ocean_custom_logo_tablet_max_width":0,"ocean_custom_logo_mobile_max_width":0,"ocean_custom_logo_max_height":0,"ocean_custom_logo_tablet_max_height":0,"ocean_custom_logo_mobile_max_height":0,"ocean_header_custom_menu":"0","ocean_menu_typo_font_family":"0","ocean_menu_typo_font_subset":"","ocean_menu_typo_font_size":0,"ocean_menu_typo_font_size_tablet":0,"ocean_menu_typo_font_size_mobile":0,"ocean_menu_typo_font_size_unit":"px","ocean_menu_typo_font_weight":"","ocean_menu_typo_font_weight_tablet":"","ocean_menu_typo_font_weight_mobile":"","ocean_menu_typo_transform":"","ocean_menu_typo_transform_tablet":"","ocean_menu_typo_transform_mobile":"","ocean_menu_typo_line_height":0,"ocean_menu_typo_line_height_tablet":0,"ocean_menu_typo_line_height_mobile":0,"ocean_menu_typo_line_height_unit":"","ocean_menu_typo_spacing":0,"ocean_menu_typo_spacing_tablet":0,"ocean_menu_typo_spacing_mobile":0,"ocean_menu_typo_spacing_unit":"","ocean_menu_link_color":"","ocean_menu_link_color_hover":"","ocean_menu_link_color_active":"","ocean_menu_link_background":"","ocean_menu_link_hover_background":"","ocean_menu_link_active_background":"","ocean_menu_social_links_bg":"","ocean_menu_social_hover_links_bg":"","ocean_menu_social_links_color":"","ocean_menu_social_hover_links_color":"","ocean_disable_title":"default","ocean_disable_heading":"default","ocean_post_title":"","ocean_post_subheading":"","ocean_post_title_style":"","ocean_post_title_background_color":"","ocean_post_title_background":0,"ocean_post_title_bg_image_position":"","ocean_post_title_bg_image_attachment":"","ocean_post_title_bg_image_repeat":"","ocean_post_title_bg_image_size":"","ocean_post_title_height":0,"ocean_post_title_bg_overlay":0.5,"ocean_post_title_bg_overlay_color":"","ocean_disable_breadcrumbs":"default","ocean_breadcrumbs_color":"","ocean_breadcrumbs_separator_color":"","ocean_breadcrumbs_links_color":"","ocean_breadcrumbs_links_hover_color":"","ocean_display_footer_widgets":"default","ocean_display_footer_bottom":"default","ocean_custom_footer_template":"0","osh_disable_topbar_sticky":"default","osh_disable_header_sticky":"default","osh_sticky_header_style":"default","osh_sticky_header_effect":"","osh_custom_sticky_logo":0,"osh_custom_retina_sticky_logo":0,"osh_custom_sticky_logo_height":0,"osh_background_color":"","osh_links_color":"","osh_links_hover_color":"","osh_links_active_color":"","osh_links_bg_color":"","osh_links_hover_bg_color":"","osh_links_active_bg_color":"","osh_menu_social_links_color":"","osh_menu_social_hover_links_color":"","ocean_post_oembed":"","ocean_post_self_hosted_media":"","ocean_post_video_embed":"","ocean_link_format":"","ocean_link_format_target":"self","ocean_quote_format":"","ocean_quote_format_link":"post","ocean_gallery_link_images":"off","ocean_gallery_id":[],"footnotes":""},"categories":[3],"tags":[845,853,5,588,445,1048],"class_list":["post-5418","post","type-post","status-publish","format-standard","has-post-thumbnail","hentry","category-konzert","tag-845","tag-bo-candy-his-broken-hearts","tag-gebaude9","tag-ja-panik","tag-koln","tag-konzert","entry","has-media"],"views":31107,"_links":{"self":[{"href":"https:\/\/www.pretty-paracetamol.de\/blog\/wp-json\/wp\/v2\/posts\/5418","targetHints":{"allow":["GET"]}}],"collection":[{"href":"https:\/\/www.pretty-paracetamol.de\/blog\/wp-json\/wp\/v2\/posts"}],"about":[{"href":"https:\/\/www.pretty-paracetamol.de\/blog\/wp-json\/wp\/v2\/types\/post"}],"author":[{"embeddable":true,"href":"https:\/\/www.pretty-paracetamol.de\/blog\/wp-json\/wp\/v2\/users\/2"}],"replies":[{"embeddable":true,"href":"https:\/\/www.pretty-paracetamol.de\/blog\/wp-json\/wp\/v2\/comments?post=5418"}],"version-history":[{"count":3,"href":"https:\/\/www.pretty-paracetamol.de\/blog\/wp-json\/wp\/v2\/posts\/5418\/revisions"}],"predecessor-version":[{"id":16976,"href":"https:\/\/www.pretty-paracetamol.de\/blog\/wp-json\/wp\/v2\/posts\/5418\/revisions\/16976"}],"wp:featuredmedia":[{"embeddable":true,"href":"https:\/\/www.pretty-paracetamol.de\/blog\/wp-json\/wp\/v2\/media\/5419"}],"wp:attachment":[{"href":"https:\/\/www.pretty-paracetamol.de\/blog\/wp-json\/wp\/v2\/media?parent=5418"}],"wp:term":[{"taxonomy":"category","embeddable":true,"href":"https:\/\/www.pretty-paracetamol.de\/blog\/wp-json\/wp\/v2\/categories?post=5418"},{"taxonomy":"post_tag","embeddable":true,"href":"https:\/\/www.pretty-paracetamol.de\/blog\/wp-json\/wp\/v2\/tags?post=5418"}],"curies":[{"name":"wp","href":"https:\/\/api.w.org\/{rel}","templated":true}]}}