{"id":2780,"date":"2010-11-18T20:19:47","date_gmt":"2010-11-18T18:19:47","guid":{"rendered":"http:\/\/www.pretty-paracetamol.de\/blog\/?p=2780"},"modified":"2018-08-23T10:23:22","modified_gmt":"2018-08-23T08:23:22","slug":"amy-macdonald-dusseldorf-15-11-2010","status":"publish","type":"post","link":"https:\/\/www.pretty-paracetamol.de\/blog\/amy-macdonald-dusseldorf-15-11-2010\/","title":{"rendered":"Amy Macdonald &#8211; D\u00fcsseldorf, 15.11.2010"},"content":{"rendered":"<p style=\"text-align: left;\"><strong>Ort:<\/strong> Philipshalle, D\u00fcsseldorf<br \/>\n<strong>Vorband:<\/strong> &#8211;<\/p>\n<p style=\"text-align: center;\"><img fetchpriority=\"high\" decoding=\"async\" class=\"aligncenter\" src=\"http:\/\/farm5.static.flickr.com\/4131\/5187757536_ca56b0661b.jpg\" alt=\"Amy Macdonald - D\u00fcsseldorf, 15.11.2010\" width=\"500\" height=\"281\" \/><\/p>\n<p>Vom K\u00f6lner Tanzbrunnen in die ausverkaufte Philipshalle. Vor \u00fcber 3 Jahren gastierte <strong>Amy Macdonald<\/strong> im Vorprogramm von <strong>Paul Weller<\/strong> zum ersten Mal in Deutschland. Seinerzeit stand sie allein mit ihrer Akustikgitarre auf der B\u00fchne und begeisterte mit ihren klaren, einfachen und wundersch\u00f6nen Popsongs. Wie gesagt, es war das Vorprogramm zum gro\u00dfen <strong>Paul Weller<\/strong>, daher ist mir ihr Auftritt bis auf die abschlie\u00dfende Killers Coverversion nicht st\u00e4rker im Ged\u00e4chtnis geblieben.<\/p>\n<p>Das Cover reichte mir allerdings, um wenige Monate sp\u00e4ter in ein ausverkauftes Geb\u00e4ude 9 zu gehen. Der n\u00e4chste Schritt in der Karriereleiter der Schottin.<br \/>\nEs folgte relativ schnell der chartsm\u00e4\u00dfige H\u00f6henflug. Ihr Deb\u00fctalbum war gef\u00fchlte 10 Jahre in den Top 50 der Charts, ihr n\u00e4chstes Konzert bereits in der \u00fcbern\u00e4chsten Hallenkategorie angekommen. Die Jahrhunderthalle in Bochum, nat\u00fcrlich ausverkauft.<\/p>\n<p>Zu diesem Zeitpunkt hatte ich <strong>Amy<\/strong> nicht mehr auf der Karte. Das Konzert war eine kleine Endt\u00e4uschung und der Drops f\u00fcr mich gelutscht.<br \/>\nEine neue T\u00fcte Bonbons mache ich auch nach diesem Konzertbesuch nicht auf. Keine Frage, es war ein gutes, solides Konzert, das <strong>Amy<\/strong> und Band in 90 Minuten in der ausverkauften Philipshalle ablieferten. Sie zeigten all das, was man erwarten konnte und was sich das Publikum erhoffte. Die Videoinstallationen waren stimmig, wenn auch sehr vorhersehbar, und sie spielte alle wichtigen Songs. Nur ber\u00fchrte mich der Abend \u00fcberhaupt nicht. Was ich jedoch nicht schlimm oder gar entt\u00e4uschend fand. Ich war heute nur interessierter Beobachter und nicht Fan.<\/p>\n<p>Die Neugierde leitete mich nach D\u00fcsseldorf. Ich wollte sehen, ob <strong>Amy Macdonald<\/strong> auch in einer ausverkauften Philipshalle funktioniert, und inwieweit sie ihre feinen, zarten Songs mit Bombast und Gitarrengewerk aufpeppt, damit sie Hallenformat erlangen. Nun, die Intimit\u00e4t wurde angepasst und perfekt in ein Gro\u00dfb\u00fchnenkonzept \u00fcberf\u00fchrt. Das war und ist okay. Gelungen, w\u00fcrde ich sagen.<br \/>\nDie Zielgruppe, und zu der z\u00e4hle ich mich nicht mehr, so meine Beobachtungen, hatte gro\u00dfe Freude und war begeistert. Daher, alles richtig gemacht <strong>Amy Macdonald<\/strong>!<br \/>\nNur ein Wermutstropfen blieb: \u201eMr Brightside\u201c h\u00e4tte ich gerne als erste Zugabe geh\u00f6rt. Stattdessen spielte sie das <strong>Springsteen<\/strong> Cover \u201eBorn to run\u201c. Die schlechtere Alternative.<\/p>\n<p>Weil es so beeindruckend schnell ging, hier noch einmal der chronologische Abriss des rasanten Aufstiegs der <strong>Amy Macdonald<\/strong>, soweit ich ihn miterlebt und verfolgt habe:<br \/>\n<a title=\"Archiv\" href=\"Paul Weller \u2013 K\u00f6ln, 18.09.2007\" target=\"_blank\" rel=\"noopener\">Paul Weller \u2013 K\u00f6ln, 18.09.2007<\/a><br \/>\n<a title=\"Archiv\" href=\"Amy Macdonald \u2013 K\u00f6ln, 06.03.2008\" target=\"_blank\" rel=\"noopener\">Amy Macdonald \u2013 K\u00f6ln, 06.03.2008<\/a><br \/>\n<a title=\"Archiv\" href=\"Moke, Amy MacDonald \u2013 Bochum, 26.02.2009\" target=\"_blank\" rel=\"noopener\">Moke, Amy MacDonald \u2013 Bochum, 26.02.2009<\/a><\/p>\n<p>Also jedes Jahr ein St\u00fcckchen gr\u00f6sser!<\/p>\n<p><strong>Setlist:<\/strong><br \/>\n01: An ordinary life<br \/>\n02: Poison Prince<br \/>\n03: L.A.<br \/>\n04: Youth of today<br \/>\n05: Love, love<br \/>\n06: Mr. Rock &amp; Roll<br \/>\n07: Footballer&#8217;s wife<br \/>\n08: Spark<br \/>\n09: This pretty face<br \/>\n10: Don&#8217;t tell me that it&#8217;s over<br \/>\n11: Troubled soul give it all up<br \/>\n12: Next big thing<br \/>\n13: No roots<br \/>\n14: Run<br \/>\n15: This is the Life<br \/>\n16: What happiness means to me<br \/>\nZugabe:<br \/>\n17: Born to Run<br \/>\n18: Let&#8217;s start a band<\/p>\n<p><strong>Multimedia:<\/strong><br \/>\nFotos: <a title=\"Flickr\" href=\"http:\/\/www.flickr.com\/photos\/pretty-paracetamol\/sets\/72157625419039698\/\" target=\"_blank\" rel=\"noopener\">frank@flickr<\/a><\/p>\n","protected":false},"excerpt":{"rendered":"<p>Vom K\u00f6lner Tanzbrunnen in die ausverkaufte Philipshalle. Vor \u00fcber 3 Jahren gastierte Amy Macdonald im Vorprogramm von Paul Weller zum ersten Mal in Deutschland. Seinerzeit stand sie allein mit ihrer Akustikgitarre auf der B\u00fchne und begeisterte mit ihren klaren, einfachen und wundersch\u00f6nen Popsongs.<br \/>\nWie gesagt, es war das Vorprogramm zum gro\u00dfen Paul Weller, daher ist mir ihr Auftritt bis auf die abschlie\u00dfende Killers Coverversion nicht st\u00e4rker im Ged\u00e4chtnis geblieben.<\/p>\n","protected":false},"author":2,"featured_media":0,"comment_status":"open","ping_status":"open","sticky":false,"template":"","format":"standard","meta":{"_seopress_robots_primary_cat":"","_seopress_titles_title":"","_seopress_titles_desc":"","_seopress_robots_index":"","ocean_post_layout":"","ocean_both_sidebars_style":"","ocean_both_sidebars_content_width":0,"ocean_both_sidebars_sidebars_width":0,"ocean_sidebar":"","ocean_second_sidebar":"","ocean_disable_margins":"enable","ocean_add_body_class":"","ocean_shortcode_before_top_bar":"","ocean_shortcode_after_top_bar":"","ocean_shortcode_before_header":"","ocean_shortcode_after_header":"","ocean_has_shortcode":"","ocean_shortcode_after_title":"","ocean_shortcode_before_footer_widgets":"","ocean_shortcode_after_footer_widgets":"","ocean_shortcode_before_footer_bottom":"","ocean_shortcode_after_footer_bottom":"","ocean_display_top_bar":"default","ocean_display_header":"default","ocean_header_style":"","ocean_center_header_left_menu":"","ocean_custom_header_template":"","ocean_custom_logo":0,"ocean_custom_retina_logo":0,"ocean_custom_logo_max_width":0,"ocean_custom_logo_tablet_max_width":0,"ocean_custom_logo_mobile_max_width":0,"ocean_custom_logo_max_height":0,"ocean_custom_logo_tablet_max_height":0,"ocean_custom_logo_mobile_max_height":0,"ocean_header_custom_menu":"","ocean_menu_typo_font_family":"","ocean_menu_typo_font_subset":"","ocean_menu_typo_font_size":0,"ocean_menu_typo_font_size_tablet":0,"ocean_menu_typo_font_size_mobile":0,"ocean_menu_typo_font_size_unit":"px","ocean_menu_typo_font_weight":"","ocean_menu_typo_font_weight_tablet":"","ocean_menu_typo_font_weight_mobile":"","ocean_menu_typo_transform":"","ocean_menu_typo_transform_tablet":"","ocean_menu_typo_transform_mobile":"","ocean_menu_typo_line_height":0,"ocean_menu_typo_line_height_tablet":0,"ocean_menu_typo_line_height_mobile":0,"ocean_menu_typo_line_height_unit":"","ocean_menu_typo_spacing":0,"ocean_menu_typo_spacing_tablet":0,"ocean_menu_typo_spacing_mobile":0,"ocean_menu_typo_spacing_unit":"","ocean_menu_link_color":"","ocean_menu_link_color_hover":"","ocean_menu_link_color_active":"","ocean_menu_link_background":"","ocean_menu_link_hover_background":"","ocean_menu_link_active_background":"","ocean_menu_social_links_bg":"","ocean_menu_social_hover_links_bg":"","ocean_menu_social_links_color":"","ocean_menu_social_hover_links_color":"","ocean_disable_title":"default","ocean_disable_heading":"default","ocean_post_title":"","ocean_post_subheading":"","ocean_post_title_style":"","ocean_post_title_background_color":"","ocean_post_title_background":0,"ocean_post_title_bg_image_position":"","ocean_post_title_bg_image_attachment":"","ocean_post_title_bg_image_repeat":"","ocean_post_title_bg_image_size":"","ocean_post_title_height":0,"ocean_post_title_bg_overlay":0.5,"ocean_post_title_bg_overlay_color":"","ocean_disable_breadcrumbs":"default","ocean_breadcrumbs_color":"","ocean_breadcrumbs_separator_color":"","ocean_breadcrumbs_links_color":"","ocean_breadcrumbs_links_hover_color":"","ocean_display_footer_widgets":"default","ocean_display_footer_bottom":"default","ocean_custom_footer_template":"","osh_disable_topbar_sticky":"default","osh_disable_header_sticky":"default","osh_sticky_header_style":"default","osh_sticky_header_effect":"","osh_custom_sticky_logo":0,"osh_custom_retina_sticky_logo":0,"osh_custom_sticky_logo_height":0,"osh_background_color":"","osh_links_color":"","osh_links_hover_color":"","osh_links_active_color":"","osh_links_bg_color":"","osh_links_hover_bg_color":"","osh_links_active_bg_color":"","osh_menu_social_links_color":"","osh_menu_social_hover_links_color":"","ocean_post_oembed":"","ocean_post_self_hosted_media":"","ocean_post_video_embed":"","ocean_link_format":"","ocean_link_format_target":"self","ocean_quote_format":"","ocean_quote_format_link":"post","ocean_gallery_link_images":"off","ocean_gallery_id":[],"footnotes":""},"categories":[3],"tags":[1192,24,709,1048,153],"class_list":["post-2780","post","type-post","status-publish","format-standard","hentry","category-konzert","tag-1192","tag-amy-macdonald","tag-dusseldorf","tag-konzert","tag-philipshalle","entry"],"views":6186,"_links":{"self":[{"href":"https:\/\/www.pretty-paracetamol.de\/blog\/wp-json\/wp\/v2\/posts\/2780","targetHints":{"allow":["GET"]}}],"collection":[{"href":"https:\/\/www.pretty-paracetamol.de\/blog\/wp-json\/wp\/v2\/posts"}],"about":[{"href":"https:\/\/www.pretty-paracetamol.de\/blog\/wp-json\/wp\/v2\/types\/post"}],"author":[{"embeddable":true,"href":"https:\/\/www.pretty-paracetamol.de\/blog\/wp-json\/wp\/v2\/users\/2"}],"replies":[{"embeddable":true,"href":"https:\/\/www.pretty-paracetamol.de\/blog\/wp-json\/wp\/v2\/comments?post=2780"}],"version-history":[{"count":0,"href":"https:\/\/www.pretty-paracetamol.de\/blog\/wp-json\/wp\/v2\/posts\/2780\/revisions"}],"wp:attachment":[{"href":"https:\/\/www.pretty-paracetamol.de\/blog\/wp-json\/wp\/v2\/media?parent=2780"}],"wp:term":[{"taxonomy":"category","embeddable":true,"href":"https:\/\/www.pretty-paracetamol.de\/blog\/wp-json\/wp\/v2\/categories?post=2780"},{"taxonomy":"post_tag","embeddable":true,"href":"https:\/\/www.pretty-paracetamol.de\/blog\/wp-json\/wp\/v2\/tags?post=2780"}],"curies":[{"name":"wp","href":"https:\/\/api.w.org\/{rel}","templated":true}]}}