{"id":21065,"date":"2025-06-24T19:12:04","date_gmt":"2025-06-24T17:12:04","guid":{"rendered":"https:\/\/www.pretty-paracetamol.de\/blog\/?p=21065"},"modified":"2025-11-14T16:14:12","modified_gmt":"2025-11-14T15:14:12","slug":"primavera-sound-festival-barcelona-07-06-2025","status":"publish","type":"post","link":"https:\/\/www.pretty-paracetamol.de\/blog\/primavera-sound-festival-barcelona-07-06-2025\/","title":{"rendered":"Primavera Sound Festival \u2013 Barcelona, 07.06.2025"},"content":{"rendered":"\n<p><strong>Ort:<\/strong> Parc del F\u00f2rum, Barcelona<br><strong>Bands: <\/strong><span lang=\"de\">Salif Ke\u00efta, Destroyer, Black Country, New<\/span> <span lang=\"de\">Road, Alan Sparhawk, Squid, MJ Lenderman, ANOHNI and the Johnsons, LCD<\/span> <span lang=\"de\">Soundsystem <\/span><\/p>\n\n\n<div class=\"wp-block-image\">\n<figure class=\"aligncenter size-large\"><img fetchpriority=\"high\" decoding=\"async\" width=\"1100\" height=\"619\" src=\"https:\/\/www.pretty-paracetamol.de\/blog\/wp-content\/uploads\/2025\/06\/PSX_20250606_073746-1100x619.jpg\" alt=\"Primavera Sound Festival 2025\" class=\"wp-image-21069\" srcset=\"https:\/\/www.pretty-paracetamol.de\/blog\/wp-content\/uploads\/2025\/06\/PSX_20250606_073746-1100x619.jpg 1100w, https:\/\/www.pretty-paracetamol.de\/blog\/wp-content\/uploads\/2025\/06\/PSX_20250606_073746-980x551.jpg 980w, https:\/\/www.pretty-paracetamol.de\/blog\/wp-content\/uploads\/2025\/06\/PSX_20250606_073746-550x309.jpg 550w, https:\/\/www.pretty-paracetamol.de\/blog\/wp-content\/uploads\/2025\/06\/PSX_20250606_073746-800x450.jpg 800w, https:\/\/www.pretty-paracetamol.de\/blog\/wp-content\/uploads\/2025\/06\/PSX_20250606_073746.jpg 1200w\" sizes=\"(max-width: 1100px) 100vw, 1100px\" \/><\/figure><\/div>\n\n\n<p>Der letzte Tag beim Primavera Sound Festival. Also der letzte Festivaltag, morgen gibt es ja noch die Abschlusskonzerte im Paral.lel 62 und im Sala Apolo. Und genau dahin f\u00fchren mich auch die heutigen, ersten Konzerte. Erst <strong>Salif Ke\u00efta<\/strong> im Sala Apolo, sp\u00e4ter dann direkt im Anschluss zu <strong>Destroyer <\/strong>im Paral.lel 62. Wie an den beiden Tagen zuvor beginne ich den Tag mit den Nachmittagssessions des Primavera Sound Festivals.<\/p>\n\n\n\n<p>Im Halbkreis sitzt die Band auf der B\u00fchne des Sala Apolo und hat sichtlich viel Spa\u00df an ihrem Auftritt. Das Grinsen in den Gesichtern der f\u00fcnf Musiker ist gro\u00df. <strong>Salif Ke\u00efta<\/strong> selbst macht noch den abgekl\u00e4rtesten Eindruck, seine Begleitmusiker hingegen sind vollends hin und weg von dem Jubel und der Begeisterung, die ihnen aus einem sehr vollen Sala Apolo entgegenschl\u00e4gt. Eine gute Stunde lang stehen wir hier und h\u00f6ren Weltmusik. Etwas, was ich eigentlich nicht so gerne mag, aber von dem ich mich hier mitziehen lasse.<\/p>\n\n\n<div class=\"wp-block-image\">\n<figure class=\"aligncenter size-large\"><img decoding=\"async\" width=\"1100\" height=\"619\" src=\"https:\/\/www.pretty-paracetamol.de\/blog\/wp-content\/uploads\/2025\/06\/DSC03659-1100x619.jpg\" alt=\"Salif Keita - Primavera Sound Festival 2025\" class=\"wp-image-21074\" srcset=\"https:\/\/www.pretty-paracetamol.de\/blog\/wp-content\/uploads\/2025\/06\/DSC03659-1100x619.jpg 1100w, https:\/\/www.pretty-paracetamol.de\/blog\/wp-content\/uploads\/2025\/06\/DSC03659-980x551.jpg 980w, https:\/\/www.pretty-paracetamol.de\/blog\/wp-content\/uploads\/2025\/06\/DSC03659-550x309.jpg 550w, https:\/\/www.pretty-paracetamol.de\/blog\/wp-content\/uploads\/2025\/06\/DSC03659-800x450.jpg 800w, https:\/\/www.pretty-paracetamol.de\/blog\/wp-content\/uploads\/2025\/06\/DSC03659.jpg 1200w\" sizes=\"(max-width: 1100px) 100vw, 1100px\" \/><\/figure><\/div>\n\n\n<p>Die Band pr\u00e4sentiert Songs aus dem neuen Album <em>So Kono<\/em>, das <strong>Salif Ke\u00efta<\/strong> in diesem Jahr herausgebracht hat. Laut Wikipedia ist es sein 19. regul\u00e4res Album, all die Nebenprojekte und Zuarbeiten nicht mit eingerechnet. Zwar ist das Konzert \u00fcberraschend kurzweilig, ich habe aber nicht die Absicht, tiefer in seinen Backkatalog einzutauchen. Ich denke, das Konzert ist ein sch\u00f6ner und ausreichender Einblick in die Musikwelt <strong>Salif Ke\u00eftas<\/strong>, dabei m\u00f6chte ich es dann auch belassen. Ich bleibe bis zum Schluss, um anschlie\u00dfend nahtlos ins Paral.lel 62 wechseln zu k\u00f6nnen.<\/p>\n\n\n\n<p><strong>Destroyer <\/strong>interessiert mich schon mehr, ich freue mich auf seinen Auftritt. <br>Wenn man sich hinsetzen kann, sollte ich mich hinsetzen. Immerhin stehen noch einige Konzerte an diesem Samstag an. Wenn es gut l\u00e4uft, liegen noch 10 Konzertstunden vor mir. <strong>Destroyer <\/strong>sind f\u00fcr 16 Uhr angesetzt und \u00fcberraschenderweise ist es nicht so voll wie erwartet. Ohne gr\u00f6\u00dfere Probleme kann ich mir einen Sitzplatz in der ersten Etage direkt \u00fcber der B\u00fchne sichern. Nun sitze ich also ziemlich genau an der gleichen Stelle, an der ich auch das <strong>Cat Power<\/strong> Konzert tags zuvor gesehen habe. Oder waren es zwei Tage zuvor, ich kann mich schon nicht mehr genau erinnern. Wie dem auch sei, zur Loungezeit im Paral.lel 62 ein bisschen Jazz und Indierockpop h\u00f6ren f\u00fchlt sich sehr gut an. Das Konzert schwingt entsprechend gem\u00fctlich. <strong>Destroyer <\/strong>spielen alte Hits und vier oder f\u00fcnf neue Songs vom aktuellen Album <em>Dan&#8217;s Boogie<\/em>. \u201eTimes Square\u201d und \u201eKaputt\u201d fehlen nat\u00fcrlich nicht.<\/p>\n\n\n\n<figure class=\"wp-block-embed aligncenter is-type-video is-provider-youtube wp-block-embed-youtube wp-embed-aspect-16-9 wp-has-aspect-ratio\"><div class=\"wp-block-embed__wrapper\">\n<p class=\"responsive-video-wrap clr\"><iframe title=\"Live: Destroyer - The same thing as nothing at all\" width=\"1200\" height=\"675\" src=\"https:\/\/www.youtube.com\/embed\/uEYVtBfdIfY?feature=oembed\" frameborder=\"0\" allow=\"accelerometer; autoplay; clipboard-write; encrypted-media; gyroscope; picture-in-picture; web-share\" referrerpolicy=\"strict-origin-when-cross-origin\" allowfullscreen><\/iframe><\/p>\n<\/div><\/figure>\n\n\n\n<p>Im Anschluss dann ein letztes Mal f\u00fcr dieses Jahr mit der Metro zum Parc del F\u00f2rum.<\/p>\n\n\n<div class=\"wp-block-image\">\n<figure class=\"aligncenter size-large\"><img decoding=\"async\" width=\"1100\" height=\"619\" src=\"https:\/\/www.pretty-paracetamol.de\/blog\/wp-content\/uploads\/2025\/06\/DSC03675-1100x619.jpg\" alt=\"Black Country, New Road - Primavera Sound Festival 2025\" class=\"wp-image-21075\" srcset=\"https:\/\/www.pretty-paracetamol.de\/blog\/wp-content\/uploads\/2025\/06\/DSC03675-1100x619.jpg 1100w, https:\/\/www.pretty-paracetamol.de\/blog\/wp-content\/uploads\/2025\/06\/DSC03675-980x551.jpg 980w, https:\/\/www.pretty-paracetamol.de\/blog\/wp-content\/uploads\/2025\/06\/DSC03675-550x309.jpg 550w, https:\/\/www.pretty-paracetamol.de\/blog\/wp-content\/uploads\/2025\/06\/DSC03675-800x450.jpg 800w, https:\/\/www.pretty-paracetamol.de\/blog\/wp-content\/uploads\/2025\/06\/DSC03675.jpg 1200w\" sizes=\"(max-width: 1100px) 100vw, 1100px\" \/><\/figure><\/div>\n\n\n<p>Wie soll ich das beschreiben, was <strong>Black Country, New Road <\/strong>machen? Die werden immer irrer und eine klare musikalische Einordnung wird &#8211; zumindest f\u00fcr mich &#8211; immer schwieriger. Mittlerweile bewegen sich ihre Songs irgendwo zwischen musical-haften Sounds (f\u00fchlte mich mehrfach an <em>Cabaret <\/em>erinnert) und Pomp\u00f6s-Pop. Post-Punk oder Postrock kann ich das nicht mehr nennen. Es ist Musik zum Zuh\u00f6ren, weniger zum Abschalten. Aber <strong>BC,NR <\/strong>k\u00f6nnen machen was sie wollen, es klingt immer irgendwie spannend und aufregend. Was mir auff\u00e4llt: Aktuell scheint es so, als ob <strong>BC,NR <\/strong>sich auf <strong>Tyler Hyde<\/strong>, <strong>Georgia Ellery<\/strong> und <strong>May Kershaw<\/strong> als Haupts\u00e4ngerin geeinigt h\u00e4tten. Bei meinem letzten <strong>BC,NR<\/strong> Konzert war noch <strong>Lewis Evans<\/strong> sehr aktiv dabei, an diesem Abend bleibt er jedoch komplett im Hintergrund. Sie spielen nur Songs ihres neuen Albums <em>Forever howlong<\/em>. Es ist also in dem Sinn ein Albumkonzert, das die sechs Freunde auf der Amazon B\u00fchne pr\u00e4sentieren. <br>Leider leer es sich vor der B\u00fchne w\u00e4hrend des Konzertes enorm. Ein klarer Fall von Interessenkonflikt, weil mit kleiner \u00dcberschneidung die <strong>Fontaines D.C.<\/strong> ihr Konzert auf einer der gro\u00dfen B\u00fchnen geben. Und bei vielen verlieren <strong>BC,NR<\/strong> diesen Wettstreit. Ich bleibe aber, verzichte auf die <strong>Fontaines D.C.<\/strong> und schaue mir stattdessen lieber im Anschluss <strong>Alan Sparhawk<\/strong> an. Der spielt wenige Minuten sp\u00e4ter auf der kleinsten Festivalb\u00fchne ein paar Meter weiter in Richtung Mittelmeer.<\/p>\n\n\n<div class=\"wp-block-image\">\n<figure class=\"aligncenter size-large\"><img loading=\"lazy\" decoding=\"async\" width=\"1100\" height=\"619\" src=\"https:\/\/www.pretty-paracetamol.de\/blog\/wp-content\/uploads\/2025\/06\/DSC03713-1100x619.jpg\" alt=\"Alan Sparhawk - Primavera Sound Festival 2025\" class=\"wp-image-21073\" srcset=\"https:\/\/www.pretty-paracetamol.de\/blog\/wp-content\/uploads\/2025\/06\/DSC03713-1100x619.jpg 1100w, https:\/\/www.pretty-paracetamol.de\/blog\/wp-content\/uploads\/2025\/06\/DSC03713-980x551.jpg 980w, https:\/\/www.pretty-paracetamol.de\/blog\/wp-content\/uploads\/2025\/06\/DSC03713-550x309.jpg 550w, https:\/\/www.pretty-paracetamol.de\/blog\/wp-content\/uploads\/2025\/06\/DSC03713-800x450.jpg 800w, https:\/\/www.pretty-paracetamol.de\/blog\/wp-content\/uploads\/2025\/06\/DSC03713.jpg 1200w\" sizes=\"(max-width: 1100px) 100vw, 1100px\" \/><\/figure><\/div>\n\n\n<p><strong>Alan Sparhawk<\/strong> den Autotune entdeckt. Zur Verwunderung des einen oder anderen, der sich vor der kleinen Trainline Buehne versammelt hat. Wie Pumuckl auf Speed springt er dabei von rechts nach links \u00fcber die B\u00fchne. Nur sein Voicecoder und der Laptop, die er zwischen den Songs neu justieren bzw. einstellen muss, k\u00f6nnen ihn stoppen. Seine beiden Begleitmusiker an Schlagzeug und Gitarre spielen irgendwie keine Rolle. das wichtigste Instrument ist dieser kleine schwarze Kasten mit den drehkn\u00f6pfen und dem Laptopanschluss. Bei vielen ruft das irritierende Blicke hervor. Bei mir nicht, mir ist bekannt, dass sich <strong>Alan Sparhawk<\/strong> musikalisch von <strong>Low <\/strong>gel\u00f6st hat und neue Sachen ausprobiert. Ich mag auch sein Soloalbum <em>White Roses, my God<\/em>, das in \u00e4hnlichen Sph\u00e4ren unterwegs ist wie dieser Konzertauftritt. <br>Eine Stunde vor diesem Konzert spielte die Band ein sogenanntes \u2018hidden concert\u2019 auf der intimen Levi\u2019s-B\u00fchne im Backstagebereich des Levi\u2019s Standes. Das habe ich leider verpasst, ich h\u00f6re aber, dass sie dort ein rein akustisches Set gespielt haben sollen. Also was komplett anderes, als ich hier die ersten 40 Konzertminuten h\u00f6re. Immerhin wenden sie sich zum Ende des Sets noch den Gitarren zu und spielen drei, vier Gitarrensachen. Jetzt sind alle gl\u00fccklich.<\/p>\n\n\n<div class=\"wp-block-image\">\n<figure class=\"aligncenter size-large\"><img loading=\"lazy\" decoding=\"async\" width=\"1100\" height=\"619\" src=\"https:\/\/www.pretty-paracetamol.de\/blog\/wp-content\/uploads\/2025\/06\/DSC03761-1100x619.jpg\" alt=\"Squid - Primavera Sound Festival 2025\" class=\"wp-image-21072\" srcset=\"https:\/\/www.pretty-paracetamol.de\/blog\/wp-content\/uploads\/2025\/06\/DSC03761-1100x619.jpg 1100w, https:\/\/www.pretty-paracetamol.de\/blog\/wp-content\/uploads\/2025\/06\/DSC03761-980x551.jpg 980w, https:\/\/www.pretty-paracetamol.de\/blog\/wp-content\/uploads\/2025\/06\/DSC03761-550x309.jpg 550w, https:\/\/www.pretty-paracetamol.de\/blog\/wp-content\/uploads\/2025\/06\/DSC03761-800x450.jpg 800w, https:\/\/www.pretty-paracetamol.de\/blog\/wp-content\/uploads\/2025\/06\/DSC03761.jpg 1200w\" sizes=\"(max-width: 1100px) 100vw, 1100px\" \/><\/figure><\/div>\n\n\n<p>Gegen\u00fcber starten in f\u00fcnf Minuten <strong>Squid<\/strong>. 20 Minuten kann ich sie sehen, dann zieht mich <strong>MJ Lenderman<\/strong> an die Cupra Stage. So bleibt es nur bei einem fl\u00fcchtigen Eindruck, der mir nichts \u00fcber die neuen Songs und die neue Platte von <strong>Squid <\/strong>erz\u00e4hlt. Es ist das zweite Mal in diesem Jahr, dass ich die Band wegen \u00dcberschneidungen mit anderen Konzerten verpasse. Schade, ich h\u00e4tte sie hier gerne etwas l\u00e4nger gesehen. Aber ich denke, die M\u00f6glichkeit <strong>Squid <\/strong>zu sehen ist grunds\u00e4tzlich gr\u00f6\u00dfer als die, ein <strong>MJ Lenderman<\/strong> besuchen zu k\u00f6nnen.<\/p>\n\n\n\n<p><strong>MJ Lenderman<\/strong> ist der Posterboy der wieder mehr in den Fokus kommenden traditionellen amerikanischen Gitarrenmusik. Das habe ich gestern schon bei seinem Kurzauftritt im <strong>Waxahatchee <\/strong>Konzert gesp\u00fcrt. Der Jubel war dort sehr gro\u00df.<\/p>\n\n\n\n<p>Und der Hype um den Ami ist gerechtfertigt, denn sein aktuelles Album <em>Manning Fireworks<\/em> ist eines der besten und sch\u00f6nsten Gitarrenalben der letzten 5 Jahre. Genau wie <em>Tigers blood<\/em> von <strong>Waxahatchee <\/strong>klingt es enorm zeitgem\u00e4\u00df und so bezaubernd, dass man es einfach nur gut finden muss. Es ist dies sein zweites Soloalbum, nach wie vor ist <strong>MJ Lenderman<\/strong> immer noch Gitarrist der amerikanischen Indieband <strong>Wednesday<\/strong>.<\/p>\n\n\n<div class=\"wp-block-image\">\n<figure class=\"aligncenter size-large\"><img loading=\"lazy\" decoding=\"async\" width=\"1100\" height=\"620\" src=\"https:\/\/www.pretty-paracetamol.de\/blog\/wp-content\/uploads\/2025\/06\/DSC03808-1100x620.jpg\" alt=\"MJ Lenderman - Primavera Sound Festival 2025\" class=\"wp-image-21076\" srcset=\"https:\/\/www.pretty-paracetamol.de\/blog\/wp-content\/uploads\/2025\/06\/DSC03808-1100x620.jpg 1100w, https:\/\/www.pretty-paracetamol.de\/blog\/wp-content\/uploads\/2025\/06\/DSC03808-980x552.jpg 980w, https:\/\/www.pretty-paracetamol.de\/blog\/wp-content\/uploads\/2025\/06\/DSC03808-550x310.jpg 550w, https:\/\/www.pretty-paracetamol.de\/blog\/wp-content\/uploads\/2025\/06\/DSC03808-800x450.jpg 800w, https:\/\/www.pretty-paracetamol.de\/blog\/wp-content\/uploads\/2025\/06\/DSC03808.jpg 1200w\" sizes=\"(max-width: 1100px) 100vw, 1100px\" \/><\/figure><\/div>\n\n\n<p>Auf der Cupra Stage gibt es in diesem Jahr keine schlechten Konzerten. Ach was, es gab hier noch nie ein schlechtes Konzert. Zumindest kann ich mich an keines in den letzten 15 Jahren erinnern. Im Gegenteil: <strong>The xx<\/strong>, <strong>Suicide<\/strong>, <strong>Suede<\/strong>, <strong>Little Simz<\/strong>, <strong>NAS<\/strong>, <strong>Idles<\/strong>, <strong>Swans<\/strong>, ich habe hier so viele gute Sachen gesehen und kennengelernt, da kann keine andere Festivalb\u00fchne mithalten.<\/p>\n\n\n\n<p><strong>MJ Lenderman<\/strong> startet gegen 22.30 Uhr und spielt eine Stunde lang ein sehr rockiges Konzert. Ihr klassischer amerikanischer Singer-Songwriter Indierock klingt dabei \u00fcberhaupt nicht altbacken. Ich empfinde die Songs erfrischend und gut h\u00f6rbar, auch wenn die 1990er Jahre sehr oft und sehr nett gr\u00fc\u00dfen. Rein optisch ist die <strong>MJ Lenderman<\/strong> ein irrer Haufen. Der zweite Gitarrist <strong>John Samuels <\/strong>sieht aus wie der junge <strong>Lou Barlow<\/strong>, der Steel-Gitarrist k\u00f6nnte mit seinem lockigen Vokuhila ohne Probleme als Mitglied einer 1980er Jahre Glamrock Metal Band oder bei <strong>Genesis <\/strong>durchgehen. Ja, es stehen ein paar interessante Typen auf der B\u00fchne und es sieht so aus, als ob <strong>MJ Lenderman<\/strong> der J\u00fcngste in der Band ist. Nat\u00fcrlich spielen sie alle Hits des aktuellen Albums und den ein oder anderen \u00e4lteren Smasher. Es ist ein sch\u00f6nes und musikalisch sehr bodenst\u00e4ndiges Konzert, das mir sehr gut gef\u00e4llt. Leider entf\u00e4llt der Gegenbesuch der <strong>Waxahatchee <\/strong>Frontfrau <strong>Katie Crutchfield<\/strong>, aber damit habe ich auch nicht wirklich gerechnet. <br>Am Tag darauf lese ich noch eine interessante Sache. Sowohl <strong>Katie Crutchfield <\/strong>als auch <strong>MJ Lenderman <\/strong>wirken beim neuen <strong>Ben Kweller<\/strong> Album mit. Himmel, von dem habe ich ja auch lange nichts mehr geh\u00f6rt. Das passt aber ganz gut zusammen und mit ein bisschen Gl\u00fcck sehe ich <strong>Ben Kweller<\/strong> beim n\u00e4chsten Primavera auf der Cupra Stage. Gerne vor <strong>Wilco<\/strong>.<\/p>\n\n\n\n<p><strong>ANOHNI and the Johnsons <\/strong>schaffen es tats\u00e4chlich, den Vorplatz vor der drittgr\u00f6\u00dften Festivalb\u00fchne zum Schweigen zu bringen. Ganz grosse Hochachtung vor dieser Leistung!<\/p>\n\n\n<div class=\"wp-block-image\">\n<figure class=\"aligncenter size-large\"><img loading=\"lazy\" decoding=\"async\" width=\"1100\" height=\"619\" src=\"https:\/\/www.pretty-paracetamol.de\/blog\/wp-content\/uploads\/2025\/06\/DSC03814-1100x619.jpg\" alt=\"ANOHNI and the Johnssons - Primavera Sound Festival 2025\" class=\"wp-image-21071\" srcset=\"https:\/\/www.pretty-paracetamol.de\/blog\/wp-content\/uploads\/2025\/06\/DSC03814-1100x619.jpg 1100w, https:\/\/www.pretty-paracetamol.de\/blog\/wp-content\/uploads\/2025\/06\/DSC03814-980x551.jpg 980w, https:\/\/www.pretty-paracetamol.de\/blog\/wp-content\/uploads\/2025\/06\/DSC03814-550x309.jpg 550w, https:\/\/www.pretty-paracetamol.de\/blog\/wp-content\/uploads\/2025\/06\/DSC03814-800x450.jpg 800w, https:\/\/www.pretty-paracetamol.de\/blog\/wp-content\/uploads\/2025\/06\/DSC03814.jpg 1200w\" sizes=\"(max-width: 1100px) 100vw, 1100px\" \/><\/figure><\/div>\n\n\n<p>Bis fast in die hinterletzte Reihe herrscht gespannte Ruhe und Ergriffenheit. Ich komme sp\u00e4t vom Konzert gegen\u00fcber, <strong>ANOHNI and the Johnsons<\/strong> spielen bereits den ersten Song und so bleibe ich einfach etwas weiter von der B\u00fchne entfernt stehen. Ich hatte mir vorher \u00fcberlegt, dass, wenn der Ger\u00e4uschpegel um mich herum zu gro\u00df ist, ich einfach gehe und mir etwas anderes anschaue. Im Vorfeld hatte ich wirklich die Bef\u00fcrchtung, dass <strong>ANOHNI and the Johnsons <\/strong>auf einem Festival gar nicht funktionieren w\u00fcrden. Wir sahen sie im letzten Sommer w\u00e4hrend des Gent Jazz Festivals und die Sounds waren doch sehr ruhig und die Botschaften zwischen den Songs sehr eindringlich und intensiv. Auf einem Festival mit den vielen St\u00e4nden, dem permanenten Stimmengewirr und der Laufkundschaft im Publikum konnte ich mir das nicht vorstellen. Doch dann erlebe ich etwas, was ich so noch nicht erlebt habe. W\u00e4hrend des Konzerts wird es immer ruhiger um mich herum, und ich stehe im hinteren Drittel. Die Leute bleiben stehen, schauen auf die Videow\u00e4nde und verharren. Die, die schon da sind, werden and\u00e4chtig, verharren weiterhin und alle zusammen sind ergriffen von dem, was <strong>ANOHNI and the Johnsons <\/strong>auf der B\u00fchne machen. Die ist von hier aus kaum zu sehen, die Musiker erkenne ich nur \u00fcber die Leinw\u00e4nde. <br>Zwischen den Songs laufen Filmsequenzen die sich um die Thematik Korallenriffe, Ozean, Meeresverschmutzung, etc. drehen. Diverse Wissenschaftler kommen zu Wort und bringen ihr Entsetzen dar\u00fcber zum Ausdruck, dass die Menschheit trotz besseren Wissens es nicht schafft, das fortschreitende Korallensterben aufzuhalten. Die Songs wiederum werden mit Videosequenzen von Unterwasseraufnahmen untermalt. Allerlei Fische und Meerestiere flie\u00dfen \u00fcber die gro\u00dfen Leinw\u00e4nde, mal wundersch\u00f6n, mal wundersch\u00f6n unheimlich. Der National Geographic oder Discovery Channel k\u00f6nnten das nicht sch\u00f6ner hinzaubern. Es ist ihr Statement zur an diesem Wochenende stattfinden UN Ozeankonferenz. Es ist ein sehr ergreifendes Konzert, das mich mit einem Tr\u00e4nchen im Auge zur\u00fcckl\u00e4sst (\u201eYou are my sister\u201c). Wow, und ich dachte, <strong>ANOHNI and the Johnsons <\/strong>funktionieren auf einem Festival nicht. Ich habe keine Ahnung. <br>Am n\u00e4chsten Morgen sitzt die Band sehr entspannt im Fr\u00fchst\u00fccksraum des Hotels. So unnahbar <strong>ANOHNI <\/strong>auf der B\u00fchne wirkt, so sympathisch und offen ist sie jetzt. <\/p>\n\n\n\n<p>Bis 1.20 Uhr und <strong>LCD Soundsystem<\/strong> bleiben noch knapp eine Stunde. Endlich essen und ein wenig die F\u00fc\u00dfe ausruhen.<\/p>\n\n\n<div class=\"wp-block-image\">\n<figure class=\"aligncenter size-large\"><img loading=\"lazy\" decoding=\"async\" width=\"1100\" height=\"619\" src=\"https:\/\/www.pretty-paracetamol.de\/blog\/wp-content\/uploads\/2025\/06\/DSC03826-1100x619.jpg\" alt=\"LCD Soundsystem - Primavera Sound Festival 2025\" class=\"wp-image-21070\" srcset=\"https:\/\/www.pretty-paracetamol.de\/blog\/wp-content\/uploads\/2025\/06\/DSC03826-1100x619.jpg 1100w, https:\/\/www.pretty-paracetamol.de\/blog\/wp-content\/uploads\/2025\/06\/DSC03826-980x551.jpg 980w, https:\/\/www.pretty-paracetamol.de\/blog\/wp-content\/uploads\/2025\/06\/DSC03826-550x309.jpg 550w, https:\/\/www.pretty-paracetamol.de\/blog\/wp-content\/uploads\/2025\/06\/DSC03826-800x450.jpg 800w, https:\/\/www.pretty-paracetamol.de\/blog\/wp-content\/uploads\/2025\/06\/DSC03826.jpg 1200w\" sizes=\"(max-width: 1100px) 100vw, 1100px\" \/><\/figure><\/div>\n\n\n<p><strong>LCD Soundsystem<\/strong>. Ja, das kann man alles so machen in einer Samstagnacht zwischen 2 und 3 Uhr morgens. <strong>James Murphy<\/strong> und sein sch\u00f6ner Elektrodancepop aus den 2000er Jahren ist wohl konserviert und allseits bekannt. Das sorgt nat\u00fcrlich f\u00fcr ordentlich Stimmung, wirkt allerdings tats\u00e4chlich ein bisschen altbacken. Nichtsdestotrotz, ich finde es sch\u00f6n, <strong>LCD Soundsystem<\/strong> nach all den Jahren nochmal beim Primavera live zu sehen. Wann war das das letzte Mal? Vor 10, 12, 13 Jahren? Ich wei\u00df es nicht mehr. Seit <em>American Dream<\/em> (2017) hat <strong>LCD Soundsystem<\/strong> nichts mehr gemacht, und so lebt das Set an diesem Abend von den alten Songs. \u201eNorth American scum\u201c, \u201eNew York, I love you but you&#8217;re bringing me down\u201c, \u201eAll my friends\u201c, \u201eTribulation\u201c. Gerne geh\u00f6rt und gerne wieder geh\u00f6rt. Allerdings beschleicht mich w\u00e4hrend des Auftritts ein wenig das Gef\u00fchl, dass <strong>LCD Soundsystem<\/strong> doch eher ein schwacher Headliner sind. Sie spulen halt ihr Set runter, es schmeckt nach Hausmannskost. Die ist zwar auch lecker, aber ein bisschen mehr h\u00e4tte ich mir schon erhofft.&nbsp;<\/p>\n\n\n\n<p>Es ist das schw\u00e4chste Konzert des Tages. leider. Auf dem R\u00fcckweg zum Hotel nehme ich noch 10 Minuten <strong>Turnstile <\/strong>mit. Zu mehr reicht es gegen halb vier Uhr morgens nicht mehr.<\/p>\n\n\n<div class=\"wp-block-image\">\n<figure class=\"aligncenter size-full\"><img loading=\"lazy\" decoding=\"async\" width=\"700\" height=\"700\" src=\"https:\/\/www.pretty-paracetamol.de\/blog\/wp-content\/uploads\/2025\/06\/PSX_20250608_164132.jpg\" alt=\"Primavera Sound Festival 2025\" class=\"wp-image-21078\" srcset=\"https:\/\/www.pretty-paracetamol.de\/blog\/wp-content\/uploads\/2025\/06\/PSX_20250608_164132.jpg 700w, https:\/\/www.pretty-paracetamol.de\/blog\/wp-content\/uploads\/2025\/06\/PSX_20250608_164132-550x550.jpg 550w, https:\/\/www.pretty-paracetamol.de\/blog\/wp-content\/uploads\/2025\/06\/PSX_20250608_164132-600x600.jpg 600w\" sizes=\"(max-width: 700px) 100vw, 700px\" \/><\/figure><\/div>\n\n\n<p><strong>Kontextkonzerte:<\/strong><br><a href=\"https:\/\/www.pretty-paracetamol.de\/blog\/primavera-sound-festival-barcelona-06-06-2025\/\">Primavera Sound Festival &#8211; Barcelona, 06.06.2025<\/a><br><a href=\"https:\/\/www.pretty-paracetamol.de\/blog\/primavera-sound-festival-barcelona-05-06-2025\/\">Primavera Sound Festival &#8211; Barcelona, 05.06.2025<\/a><br><a href=\"https:\/\/www.pretty-paracetamol.de\/blog\/primavera-a-la-ciutat-barcelona-02-06-und-03-06-2025\/\">Primavera a la Ciutat &#8211; Barcelona, 02.06. und 03.06.2025<\/a><br><a href=\"https:\/\/www.pretty-paracetamol.de\/blog\/primavera-sound-festival-barcelona-01-06-2024\/\">Primavera Sound Festival &#8211; Barcelona, 01.06.2024<\/a><br><a href=\"https:\/\/www.pretty-paracetamol.de\/blog\/primavera-sound-festival-barcelona-31-05-2024\/\">Primavera Sound Festival &#8211; Barcelona, 30.05.2024<\/a><br><a href=\"https:\/\/www.pretty-paracetamol.de\/blog\/wp-admin\/post.php?post=20117&amp;action=edit\">Primavera Sound Festival &#8211; Barcelona, 29.05.2024<\/a><br><a href=\"https:\/\/www.pretty-paracetamol.de\/blog\/primavera-sound-festival-barcelona-03-06-2023\/\">Primavera Sound Festival &#8211; Barcelona, 03.06.2023<\/a><br><a href=\"https:\/\/www.pretty-paracetamol.de\/blog\/primavera-sound-festival-barcelona-02-06-2023\/\">Primavera Sound Festival &#8211; Barcelona, 02.06.2023<\/a><br><a href=\"https:\/\/www.pretty-paracetamol.de\/blog\/primavera-sound-festival-barcelona-01-06-2023\/\">Primavera Sound Festival &#8211; Barcelona, 01.06.2023<\/a><br><a href=\"https:\/\/www.pretty-paracetamol.de\/blog\/primavera-sound-festival-barcelona-31-05-2023\">Primavera Sound Festival &#8211; Barcelona, 31.05.2023<\/a><br><a href=\"https:\/\/www.pretty-paracetamol.de\/blog\/meine-ersten-10-jahre-primavera-sound-festival\/\">Meine ersten 10 Jahre Primavera Sound Festival<\/a><br><a href=\"https:\/\/www.pretty-paracetamol.de\/blog\/primavera-sound-festival-barcelona-11-06-2022\/\">Primavera Sound Festival &#8211; Barcelona, 11.06.2022<\/a><br><a href=\"https:\/\/www.pretty-paracetamol.de\/blog\/primavera-sound-festival-barcelona-10-06-2022\/\">Primavera Sound Festival &#8211; Barcelona, 10.06.2022<\/a><br><a href=\"https:\/\/www.pretty-paracetamol.de\/blog\/primavera-sound-festival-barcelona-09-06-2022\/\">Primavera Sound Festival &#8211; Barcelona, 09.06.2022<\/a><br><a href=\"https:\/\/www.pretty-paracetamol.de\/blog\/primavera-a-la-ciutat-barcelona-05-06-bis-08-06-2022\/\">Primavera a la Ciutat &#8211; Barcelona, 05.06. bis 08.06.2022<\/a><br><a href=\"https:\/\/www.pretty-paracetamol.de\/blog\/primavera-sound-festival-barcelona-04-06-2022\/\">Primavera Sound Festival &#8211; Barcelona, 04.06.2022<\/a><br><a href=\"https:\/\/www.pretty-paracetamol.de\/blog\/primavera-sound-festival-barcelona-03-06-2022\/\">Primavera Sound Festival &#8211; Barcelona, 03.06.2022<\/a><br><a href=\"https:\/\/www.pretty-paracetamol.de\/blog\/primavera-sound-festival-barcelona-02-06-2022\/\">Primavera Sound Festival &#8211; Barcelona, 02.06.2022<\/a><br><a href=\"https:\/\/www.pretty-paracetamol.de\/blog\/primavera-sound-festival-barcelona-01-06-2019\/\">Primavera Sound Festival &#8211; Barcelona, 01.06.2019<\/a><br><a href=\"https:\/\/www.pretty-paracetamol.de\/blog\/primavera-sound-festival-barcelona-30-05-2019\/\">Primavera Sound Festival &#8211; Barcelona, 31.05.2019<\/a><br><a href=\"https:\/\/www.pretty-paracetamol.de\/blog\/primavera-sound-festival-barcelona-30-05-2019\/\">Primavera Sound Festival &#8211; Barcelona, 30.05.2019<\/a><br><a href=\"https:\/\/www.pretty-paracetamol.de\/blog\/primavera-sound-festival-barcelona-29-05-2019\/\">Primavera Sound Festival &#8211; Barcelona, 29.05.2019<\/a><br><a href=\"https:\/\/www.pretty-paracetamol.de\/blog\/primavera-sound-festival-barcelona-29052018\/\">Primavera Sound Festival &#8211; Barcelona, 29.05. \u2013 02.06.2018<\/a><br><a href=\"https:\/\/www.pretty-paracetamol.de\/blog\/primavera-sound-festival-2017\/\">Primavera Sound Festival 2017<\/a><br><a href=\"https:\/\/www.pretty-paracetamol.de\/blog\/primavera-sound-festival-barcelona-04-06-2017\/\">Primavera Sound Festival &#8211; Barcelona, 04.06.2017<\/a><br><a href=\"https:\/\/www.pretty-paracetamol.de\/blog\/primavera-sound-festival-barcelona-03-06-2017\/\">Primavera Sound Festival &#8211; Barcelona, 03.06.2017<\/a><br><a href=\"https:\/\/www.pretty-paracetamol.de\/blog\/primavera-sound-festival-barcelona-01-06-2017\/\">Primavera Sound Festival &#8211; Barcelona, 01.06.2017<\/a><br><a href=\"https:\/\/www.pretty-paracetamol.de\/blog\/primavera-sound-festival-barcelona-31-05-2017\/\">Primavera Sound Festival &#8211; Barcelona, 31.05.2017<\/a><br><a href=\"https:\/\/www.pretty-paracetamol.de\/blog\/primavera-sound-festival-barcelona\/\">Primavera Sound Festival Barcelona<\/a><br><a href=\"https:\/\/www.pretty-paracetamol.de\/blog\/primavera-sound-festival-barcelona-04-06-2016\/\">Primavera Sound Festival &#8211; Barcelona, 04.06.2016<\/a><br><a href=\"https:\/\/www.pretty-paracetamol.de\/blog\/primavera-sound-festival-barcelona-03-06-2016\/\">Primavera Sound Festival &#8211; Barcelona, 03.06.2016<\/a><br><a href=\"https:\/\/www.pretty-paracetamol.de\/blog\/primavera-sound-festival-barcelona-02-06-2016\/\">Primavera Sound Festival &#8211; Barcelona, 02.06.2016<\/a><br><a href=\"https:\/\/www.pretty-paracetamol.de\/blog\/primavera-sound-festival-barcelona-01-06-2016\/\">Primavera Sound Festival &#8211; Barcelona, 01.06.2016<\/a><br><a href=\"https:\/\/www.pretty-paracetamol.de\/blog\/primavera-sound-festival-barcelona-30-05-2015\/\">Primavera Sound Festival &#8211; Barcelona, 30.05.2015<\/a><br><a href=\"https:\/\/www.pretty-paracetamol.de\/blog\/primavera-sound-festival-barcelona-29-05-2015\/\">Primavera Sound Festival &#8211; Barcelona, 29.05.2015<\/a><br><a href=\"https:\/\/www.pretty-paracetamol.de\/blog\/primavera-sound-festival-barcelona-28-05-2015\/\">Primavera Sound Festival &#8211; Barcelona, 28.05.2015<\/a><br><a href=\"https:\/\/www.pretty-paracetamol.de\/blog\/primavera-sound-festival-barcelona-27-05-2015\/\">Primavera Sound Festival &#8211; Barcelona, 27.05.2015<\/a><br><a href=\"https:\/\/www.pretty-paracetamol.de\/blog\/primavera-sound-festival-barcelona-31-05-2014\/\">Primavera Sound Festival &#8211; Barcelona, 31.05.2014<\/a><br><a href=\"https:\/\/www.pretty-paracetamol.de\/blog\/primavera-sound-festival-barcelona-30-05-2014\/\">Primavera Sound Festival &#8211; Barcelona, 30.05.2014<\/a><br><a href=\"https:\/\/www.pretty-paracetamol.de\/blog\/primavera-sound-festival-barcelona-29-05-2014\/\">Primavera Sound Festival &#8211; Barcelona, 29.05.2014<\/a><br><a href=\"https:\/\/www.pretty-paracetamol.de\/blog\/primavera-sound-festival-barcelona-28-05-2014\/\">Primavera Sound Festival &#8211; Barcelona, 28.05.2014<\/a><br><a href=\"https:\/\/www.pretty-paracetamol.de\/blog\/primavera-sound-festival-barcelona-25-05-2013\/\">Primavera Sound Festival &#8211; Barcelona, 25.05.2013<\/a><br><a href=\"https:\/\/www.pretty-paracetamol.de\/blog\/primavera-sound-festival-barcelona-24-05-2013\/\">Primavera Sound Festival &#8211; Barcelona, 24.05.2013<\/a><br><a href=\"https:\/\/www.pretty-paracetamol.de\/blog\/primavera-sound-festival-barcelona-23-05-2013\/\">Primavera Sound Festival &#8211; Barcelona, 23.05.2013<\/a><br><a href=\"https:\/\/www.pretty-paracetamol.de\/blog\/primavera-sound-festival-barcelona-01-06-2012\/\">Primavera Sound Festival &#8211; Barcelona, 01.06.2012<\/a><br><a href=\"https:\/\/www.pretty-paracetamol.de\/blog\/primavera-sound-festival-barcelona-31-05-2012\/\">Primavera Sound Festival &#8211; Barcelona, 31.05.2012<\/a><br><a href=\"https:\/\/www.pretty-paracetamol.de\/blog\/primavera-sound-festival-barcelona-31-05-2012\/\">Primavera Sound Festival &#8211; Barcelona, 31.05.2012<\/a><br><a href=\"https:\/\/www.pretty-paracetamol.de\/blog\/primavera-sound-barcelona-28-05-2011\/\">Primavera Sound &#8211; Barcelona, 28.05.2011<\/a><br><a href=\"https:\/\/www.pretty-paracetamol.de\/blog\/primavera-sound-barcelona-27-05-2011\/\">Primavera Sound &#8211; Barcelona, 27.05.2011<\/a><br><a href=\"https:\/\/www.pretty-paracetamol.de\/blog\/primavera-sound-barcelona-26-05-2011\/\">Primavera Sound &#8211; Barcelona, 26.05.2011<\/a><br><a href=\"https:\/\/www.pretty-paracetamol.de\/blog\/the-charlatans-primavera-29-05-2010\/\">The Charlatans &#8211; Primavera, 29.05.2010<\/a><br><a href=\"https:\/\/www.pretty-paracetamol.de\/blog\/a-sunny-day-in-glasgow-condo-fucks-primavera-28-05-2010\/\">A sunny day in Glasgow, Condo Fucks &#8211; Primavera, 28.05.2010<\/a><br><a href=\"https:\/\/www.pretty-paracetamol.de\/blog\/pavement-the-xx-primavera-27-05-2010\/\">Pavement, The xx &#8211; Primavera, 27.05.2010<\/a><\/p>\n","protected":false},"excerpt":{"rendered":"<p>Der letzte Tag beim Primavera Sound Festival. Also der letzte Festivaltag, morgen gibt es ja noch die Abschlusskonzerte im Paral.lel 62 und im Sala Apolo. Und genau dahin f\u00fchren mich auch die heutigen, ersten Konzerte. <\/p>\n","protected":false},"author":2,"featured_media":21077,"comment_status":"open","ping_status":"open","sticky":false,"template":"","format":"standard","meta":{"_seopress_robots_primary_cat":"none","_seopress_titles_title":"pretty-paracetamol in concert: %%post_title%%","_seopress_titles_desc":"Der letzte Tag beim Primavera Sound Festival. Also der letzte Festivaltag, morgen gibt es ja noch die Abschlusskonzerte im Paral.lel 62 und im Sala Apolo. Und genau dahin f\u00fchren mich auch die heutigen, ersten Konzerte.","_seopress_robots_index":"","ocean_post_layout":"","ocean_both_sidebars_style":"","ocean_both_sidebars_content_width":0,"ocean_both_sidebars_sidebars_width":0,"ocean_sidebar":"","ocean_second_sidebar":"","ocean_disable_margins":"enable","ocean_add_body_class":"","ocean_shortcode_before_top_bar":"","ocean_shortcode_after_top_bar":"","ocean_shortcode_before_header":"","ocean_shortcode_after_header":"","ocean_has_shortcode":"","ocean_shortcode_after_title":"","ocean_shortcode_before_footer_widgets":"","ocean_shortcode_after_footer_widgets":"","ocean_shortcode_before_footer_bottom":"","ocean_shortcode_after_footer_bottom":"","ocean_display_top_bar":"default","ocean_display_header":"default","ocean_header_style":"","ocean_center_header_left_menu":"","ocean_custom_header_template":"","ocean_custom_logo":0,"ocean_custom_retina_logo":0,"ocean_custom_logo_max_width":0,"ocean_custom_logo_tablet_max_width":0,"ocean_custom_logo_mobile_max_width":0,"ocean_custom_logo_max_height":0,"ocean_custom_logo_tablet_max_height":0,"ocean_custom_logo_mobile_max_height":0,"ocean_header_custom_menu":"","ocean_menu_typo_font_family":"","ocean_menu_typo_font_subset":"","ocean_menu_typo_font_size":0,"ocean_menu_typo_font_size_tablet":0,"ocean_menu_typo_font_size_mobile":0,"ocean_menu_typo_font_size_unit":"px","ocean_menu_typo_font_weight":"","ocean_menu_typo_font_weight_tablet":"","ocean_menu_typo_font_weight_mobile":"","ocean_menu_typo_transform":"","ocean_menu_typo_transform_tablet":"","ocean_menu_typo_transform_mobile":"","ocean_menu_typo_line_height":0,"ocean_menu_typo_line_height_tablet":0,"ocean_menu_typo_line_height_mobile":0,"ocean_menu_typo_line_height_unit":"","ocean_menu_typo_spacing":0,"ocean_menu_typo_spacing_tablet":0,"ocean_menu_typo_spacing_mobile":0,"ocean_menu_typo_spacing_unit":"","ocean_menu_link_color":"","ocean_menu_link_color_hover":"","ocean_menu_link_color_active":"","ocean_menu_link_background":"","ocean_menu_link_hover_background":"","ocean_menu_link_active_background":"","ocean_menu_social_links_bg":"","ocean_menu_social_hover_links_bg":"","ocean_menu_social_links_color":"","ocean_menu_social_hover_links_color":"","ocean_disable_title":"default","ocean_disable_heading":"default","ocean_post_title":"","ocean_post_subheading":"","ocean_post_title_style":"","ocean_post_title_background_color":"","ocean_post_title_background":0,"ocean_post_title_bg_image_position":"","ocean_post_title_bg_image_attachment":"","ocean_post_title_bg_image_repeat":"","ocean_post_title_bg_image_size":"","ocean_post_title_height":0,"ocean_post_title_bg_overlay":0.5,"ocean_post_title_bg_overlay_color":"","ocean_disable_breadcrumbs":"default","ocean_breadcrumbs_color":"","ocean_breadcrumbs_separator_color":"","ocean_breadcrumbs_links_color":"","ocean_breadcrumbs_links_hover_color":"","ocean_display_footer_widgets":"default","ocean_display_footer_bottom":"default","ocean_custom_footer_template":"","osh_disable_topbar_sticky":"default","osh_disable_header_sticky":"default","osh_sticky_header_style":"default","osh_sticky_header_effect":"","osh_custom_sticky_logo":0,"osh_custom_retina_sticky_logo":0,"osh_custom_sticky_logo_height":0,"osh_background_color":"","osh_links_color":"","osh_links_hover_color":"","osh_links_active_color":"","osh_links_bg_color":"","osh_links_hover_bg_color":"","osh_links_active_bg_color":"","osh_menu_social_links_color":"","osh_menu_social_hover_links_color":"","ocean_post_oembed":"","ocean_post_self_hosted_media":"","ocean_post_video_embed":"","ocean_link_format":"","ocean_link_format_target":"self","ocean_quote_format":"","ocean_quote_format_link":"post","ocean_gallery_link_images":"on","ocean_gallery_id":[],"footnotes":""},"categories":[1771,3],"tags":[1982,1873,1930,391,1605,1024,390,1048,1082,2050,656,1561,2036,1153,2051,1316,1481],"class_list":["post-21065","post","type-post","status-publish","format-standard","has-post-thumbnail","hentry","category-festival","category-konzert","tag-1982","tag-alan-sparhawk","tag-anohni-and-the-johnsons","tag-barcelona","tag-black-country-new-road","tag-destroyer","tag-festival","tag-konzert","tag-lcd-soundsystem","tag-mj-lenderman","tag-parc-del-forum","tag-primavera-sound","tag-primavera-sound-2025","tag-primavera-sound-festival","tag-salif-keita","tag-spanien","tag-squid","entry","has-media"],"views":2578,"_links":{"self":[{"href":"https:\/\/www.pretty-paracetamol.de\/blog\/wp-json\/wp\/v2\/posts\/21065","targetHints":{"allow":["GET"]}}],"collection":[{"href":"https:\/\/www.pretty-paracetamol.de\/blog\/wp-json\/wp\/v2\/posts"}],"about":[{"href":"https:\/\/www.pretty-paracetamol.de\/blog\/wp-json\/wp\/v2\/types\/post"}],"author":[{"embeddable":true,"href":"https:\/\/www.pretty-paracetamol.de\/blog\/wp-json\/wp\/v2\/users\/2"}],"replies":[{"embeddable":true,"href":"https:\/\/www.pretty-paracetamol.de\/blog\/wp-json\/wp\/v2\/comments?post=21065"}],"version-history":[{"count":2,"href":"https:\/\/www.pretty-paracetamol.de\/blog\/wp-json\/wp\/v2\/posts\/21065\/revisions"}],"predecessor-version":[{"id":21312,"href":"https:\/\/www.pretty-paracetamol.de\/blog\/wp-json\/wp\/v2\/posts\/21065\/revisions\/21312"}],"wp:featuredmedia":[{"embeddable":true,"href":"https:\/\/www.pretty-paracetamol.de\/blog\/wp-json\/wp\/v2\/media\/21077"}],"wp:attachment":[{"href":"https:\/\/www.pretty-paracetamol.de\/blog\/wp-json\/wp\/v2\/media?parent=21065"}],"wp:term":[{"taxonomy":"category","embeddable":true,"href":"https:\/\/www.pretty-paracetamol.de\/blog\/wp-json\/wp\/v2\/categories?post=21065"},{"taxonomy":"post_tag","embeddable":true,"href":"https:\/\/www.pretty-paracetamol.de\/blog\/wp-json\/wp\/v2\/tags?post=21065"}],"curies":[{"name":"wp","href":"https:\/\/api.w.org\/{rel}","templated":true}]}}