{"id":20879,"date":"2025-04-23T19:31:11","date_gmt":"2025-04-23T17:31:11","guid":{"rendered":"https:\/\/www.pretty-paracetamol.de\/blog\/?p=20879"},"modified":"2025-04-23T20:05:38","modified_gmt":"2025-04-23T18:05:38","slug":"out-of-the-crowd-festival-esch-sur-alzette-19-04-2025","status":"publish","type":"post","link":"https:\/\/www.pretty-paracetamol.de\/blog\/out-of-the-crowd-festival-esch-sur-alzette-19-04-2025\/","title":{"rendered":"Out of the crowd Festival \u2013 Esch-sur-Alzette, 19.04.2025"},"content":{"rendered":"\n<p><strong>Ort:<\/strong> Kulturfabrik, Esch-sur-Alzette<br><strong>Bands:<\/strong> P\u00c9NICHE, Gurriers, Big Brave, Los Bitchos, Delta Sleep, Karate<\/p>\n\n\n<div class=\"wp-block-image\">\n<figure class=\"aligncenter size-large\"><img fetchpriority=\"high\" decoding=\"async\" width=\"1100\" height=\"618\" src=\"https:\/\/www.pretty-paracetamol.de\/blog\/wp-content\/uploads\/2025\/04\/PXL_20250419_170504187-1100x618.jpg\" alt=\"Out of the crowd Festival \u2013 Esch-sur-Alzette, 19.05.2025\" class=\"wp-image-20882\" srcset=\"https:\/\/www.pretty-paracetamol.de\/blog\/wp-content\/uploads\/2025\/04\/PXL_20250419_170504187-1100x618.jpg 1100w, https:\/\/www.pretty-paracetamol.de\/blog\/wp-content\/uploads\/2025\/04\/PXL_20250419_170504187-980x550.jpg 980w, https:\/\/www.pretty-paracetamol.de\/blog\/wp-content\/uploads\/2025\/04\/PXL_20250419_170504187-550x309.jpg 550w, https:\/\/www.pretty-paracetamol.de\/blog\/wp-content\/uploads\/2025\/04\/PXL_20250419_170504187-800x450.jpg 800w, https:\/\/www.pretty-paracetamol.de\/blog\/wp-content\/uploads\/2025\/04\/PXL_20250419_170504187.jpg 1200w\" sizes=\"(max-width: 1100px) 100vw, 1100px\" \/><\/figure><\/div>\n\n\n<p>Das Out of the Crowd Festival im luxemburgischen Esch-sur-Alzette ist jedes Jahr aufs Neue ein \u00fcberraschend gutes Festival. \u00dcberraschend deswegen, weil ich im Vorfeld bis auf ein, zwei Namen die Bands nicht kenne, sie mich aber live vor Ort durch die Bank alle \u00fcberzeugen. Meistens sehe ich sie dann ein Jahr sp\u00e4ter in gr\u00f6\u00dferen Hallen wieder: das erging mir so bei <strong>Fat Dog<\/strong>, bei <strong>The Murder Capital<\/strong>, bei <strong>Traumhaus<\/strong>, bei <strong>O.<\/strong> oder bei <strong>Bodega<\/strong>. <br>Ja richtig, ich war schon \u00f6fter beim Out of the Crowd Festival. Seit 2019 besuche ich es regelm\u00e4\u00dfig; es ist seitdem quasi meine j\u00e4hrliche Festival Saisoner\u00f6ffnung. <strong>Built to spill<\/strong> und <strong>BEAK&gt;<\/strong> waren 2019 der Ausl\u00f6ser, erstmals nach Esch-sur-Alzette zu fahren. Also erstmals \u00fcberhaupt. Vorher kannte ich den Ort nur von Autobahnschildern.<\/p>\n\n\n\n<p>Auch in diesem Jahr haben die Macher wieder eine gute Bandzusammenstellung gefunden. Die Bandbreite geht von Postrock \u00fcber Noise bis hin zu Surf Rock. Und wieder sind die Bands nicht willk\u00fcrlich zusammengestellt, sondern wohl kuratiert. Jede Band hat musikalische Ankn\u00fcpfpunkte an die vorherige, jede Band zeigt auch ein bisschen auf die n\u00e4chste. Totale Newcomer, One-Album-Bands und altgediente Helden geben sich dabei die H\u00e4nde. Ich kenne wohl kein zweites Festival, dass mit seinem Programm einen derart guten musikalisch roten Faden hat wie das Out of the Crowd Festival. lange Rede, kurzer Sinn: es macht mir jedes Jahr aufs neue gro\u00dfen Spa\u00df, hierher zu fahren. Und ich werde mir auch n\u00e4chstes Jahr wieder eines der early bird Tickets kaufen. Das kann man n\u00e4mlich blind machen, Begr\u00fcndung siehe oben.<\/p>\n\n\n\n<p>In diesem Jahr wurde dann auch sehr schnell der erste mir wichtige Name bekanntgegeben: <strong>Karate<\/strong>. Ab da war klar, es gibt f\u00fcr mich keine Ausreden. Leider kamen dann &#8211; anders als die Jahre davor &#8211; f\u00fcr mich nicht mehr so interessante Bands nach. Im letzten Jahr zum Beispiel zauberten die Macher kurz vor dem Festival noch <strong>Cola <\/strong>aus dem Hut, nachdem sie zuvor schon <strong>Traumhaus<\/strong>, <strong>bdrmm<\/strong> und die <strong>Gilla Band<\/strong> pr\u00e4sentierten. Daher warf ich meine \u00fcblichen Pl\u00e4ne \u00fcber den Haufen und machte aus dem Wochenendausflug Luxemburg nur eine Tagesfahrt nach Esch-sur-Alzette.<\/p>\n\n\n\n<figure class=\"wp-block-embed aligncenter is-type-rich is-provider-bluesky-social wp-block-embed-bluesky-social\"><div class=\"wp-block-embed__wrapper\">\n<div class=\"oceanwp-oembed-wrap clr\"><blockquote class=\"bluesky-embed\" data-bluesky-uri=\"at:\/\/did:plc:pmydct3jt5zivdnsoeggqmul\/app.bsky.feed.post\/3lnio4lmg4s2m\" data-bluesky-cid=\"bafyreicfy3vghui7236w47j5gi73p7rodxseri743jhpmarowpn334se5y\"><p lang=\"de\">Eindr\u00fccke vom Out of the Crowd Festival in Esch-Alzette am letzten Samstag.<\/p>&mdash; <a href=\"https:\/\/bsky.app\/profile\/did:plc:pmydct3jt5zivdnsoeggqmul?ref_src=embed\">Frank (@spiralstairs.bsky.social)<\/a> <a href=\"https:\/\/bsky.app\/profile\/did:plc:pmydct3jt5zivdnsoeggqmul\/post\/3lnio4lmg4s2m?ref_src=embed\">2025-04-23T16:59:09.962Z<\/a><\/blockquote><script async src=\"https:\/\/embed.bsky.app\/static\/embed.js\" charset=\"utf-8\"><\/script><\/div>\n<\/div><\/figure>\n\n\n\n<p>Ich hatte mir f\u00fcr den Abend folgenden Zeitplan zurechtgelegt: starten wollte ich mit den <strong>Gurriers <\/strong>und nach dem <strong>Karate <\/strong>Konzert relativ zeitnah die Biege machen. Dazwischen lagen dann noch <strong>Big Brave<\/strong>, <strong>Los Bitchos<\/strong> und <strong>Delta Sleep<\/strong>. <strong>P\u00c9NICHE<\/strong> sind dann allerdings meine erste Band des Tages. Die Fahrt in den \u00e4u\u00dfersten S\u00fcdwesten Luxemburgs klappte besser als gedacht, und ich bin nahezu p\u00fcnktlich zu ihrem Konzert im zweiten und kleinen Saal der Kulturfabrik.&nbsp;&nbsp;<\/p>\n\n\n\n<p><strong>P\u00c9NICHE <\/strong>m\u00f6chten in Gro\u00dfbuchstaben geschrieben werden und sind ein Trio aus Angers. Sie machen instrumentalen Post-Punk\/ Noise. Ein bisschen erinnern sie mich an die <strong>Japandroids <\/strong>oder <strong>Lysistrata<\/strong>. Ihre Gitarren klingen genauso schroff harmonisch, das Schlagzeug genauso treibend. Von <strong>P\u00c9NICHE<\/strong> finde ich auf bandcamp ein Album und zwei EPs. Die Band scheint noch relativ jung zusammen zu sein. Musikalisch ein guter Start in den Abend und so etwas wie eine Blaupause f\u00fcr das Out of the Crowd Festival.<\/p>\n\n\n\n<p>Raumwechsel nach nebenan in den gro\u00dfen Saal.<\/p>\n\n\n<div class=\"wp-block-image\">\n<figure class=\"aligncenter size-large\"><img decoding=\"async\" width=\"1100\" height=\"619\" src=\"https:\/\/www.pretty-paracetamol.de\/blog\/wp-content\/uploads\/2025\/04\/DSC02542-1100x619.jpg\" alt=\"Gurriers Out of the crowd Festival \u2013 Esch-sur-Alzette, 19.05.2025\" class=\"wp-image-20885\" srcset=\"https:\/\/www.pretty-paracetamol.de\/blog\/wp-content\/uploads\/2025\/04\/DSC02542-1100x619.jpg 1100w, https:\/\/www.pretty-paracetamol.de\/blog\/wp-content\/uploads\/2025\/04\/DSC02542-980x551.jpg 980w, https:\/\/www.pretty-paracetamol.de\/blog\/wp-content\/uploads\/2025\/04\/DSC02542-550x309.jpg 550w, https:\/\/www.pretty-paracetamol.de\/blog\/wp-content\/uploads\/2025\/04\/DSC02542-800x450.jpg 800w, https:\/\/www.pretty-paracetamol.de\/blog\/wp-content\/uploads\/2025\/04\/DSC02542.jpg 1200w\" sizes=\"(max-width: 1100px) 100vw, 1100px\" \/><\/figure><\/div>\n\n\n<p>Beim Auftritt der irischen Band <strong>Gurriers <\/strong>muss ich spontan an den Bericht \u2018\u00c4lteres Publikum bei Konzerten junger Indie-Acts \u2013 was steckt dahinter?\u2019 im Deutschlandfunk Kultur denken, den ich vor einigen Tagen w\u00e4hrend einer Autofahrt h\u00f6rte. Dort ging es grob gesagt darum, dass Konzertg\u00e4nger immer \u00e4lter werden und wie sich das f\u00fcr junge Bands anf\u00fchlt, wenn sie vor einem Publikum spielen, das gr\u00f6\u00dftenteils 10 Jahre \u00e4lter ist als sie selbst. In dem Deutschlandfunk Kultur Feature wurde dazu die Band <strong>Horsegirl <\/strong>befragt, an diesem Abend h\u00e4tten sie auch <strong>Gurriers <\/strong>fragen k\u00f6nnen. <br>Gr\u00f6\u00dftenteils \u00dc30 Publikum bildet die ersten Reihen in der noch \u00fcberschaubar gef\u00fcllten Haupthalle der Kulturfabrik. Kein Wunder, dass der Typ, der dreimal auf die Boxen klettert und zum stagediven ansetzt, keine ausreichenden H\u00e4nde findet, die ihn auffangen. Einmal probiert er es trotzdem, zweimal bricht er seinen Versuch h\u00e4ndehebend ab. <br>Ich hatte mich zuvor ein bisschen in die Single \u201eTop of the bill\u201c verh\u00f6rt, ein rotziger, melancholischer Viermin\u00fcter. Sie stammt vom Deb\u00fctalbum der f\u00fcnf Iren, das im letzten Jahr ver\u00f6ffentlicht wurde. \u00dcber <em>Come and see<\/em> schreibt der Musikblog:<\/p>\n\n\n\n<blockquote class=\"wp-block-quote is-layout-flow wp-block-quote-is-layout-flow\">\n<p>\u201eCome And See\u201c ist eine beeindruckende Kampfansage. Gurriers haben die Nase voll von der Welt und das h\u00f6rt man. Klar, ein bisschen mehr \u00dcberraschung w\u00e4re nett gewesen, aber wenn Punkrocker so w\u00fctend sind, traut sich ohnehin keiner, es ihnen ins Gesicht zu sagen.<\/p>\n<\/blockquote>\n\n\n\n<p>Und Plattentest.de erg\u00e4nzt:<\/p>\n\n\n\n<blockquote class=\"wp-block-quote is-layout-flow wp-block-quote-is-layout-flow\">\n<p>Die gro\u00dfe St\u00e4rke des Albums besteht darin, deprimierende Themen bei allem inszenierten Krach in ein poppiges Gewand zu kleiden, dem man sich nicht entziehen kann. &#8222;Sign of the times&#8220; ist ein Hit, und das Riff von &#8222;Top of the bill&#8220; wird wahrscheinlich in unz\u00e4hligen Netflix-Serien verbaut, um Aussichtslosigkeit zu vertonen. W\u00e4re diese Platte vor zehn Jahren erschienen, sie w\u00e4re wegweisend.<\/p>\n<\/blockquote>\n\n\n\n<p>Und bemerkt auch das, was mir live auff\u00e4llt: <strong>Gurriers <\/strong>klingen berechenbar. Wer in den letzten Jahren Bands wie <strong>Fontaines DC<\/strong>, <strong>The Murder Capital<\/strong>, <strong>Sprints <\/strong>oderoderoder geh\u00f6rt hat, weiss, was passiert. <strong>Dan Hoff<\/strong>, <strong>Emmet White<\/strong>, <strong>Ben O&#8217;Neill<\/strong>,<strong> Mark MacCormack<\/strong> und <strong>Pierce Callaghan<\/strong> erfinden das Genre zwar nicht neu, liefern aber ordentlich ab.<\/p>\n\n\n\n<p>Dann wieder r\u00fcber in den kleinen Saal. Fast nahtlos reiht sich beim Out of crowd Band an Band. <strong>Big Brave<\/strong>. Nie geh\u00f6rt. <strong>Robin Wattie<\/strong>, <strong>Mathieu Ball<\/strong> und <strong>Tasy Hudson<\/strong> kommen aus Kanada, ihren Sound kann ich vielleicht mit experimental-Post-Doom-Metal umschreiben. Es ist zumindest laut.<\/p>\n\n\n<div class=\"wp-block-image\">\n<figure class=\"aligncenter size-large\"><img decoding=\"async\" width=\"1100\" height=\"619\" src=\"https:\/\/www.pretty-paracetamol.de\/blog\/wp-content\/uploads\/2025\/04\/DSC02554-1100x619.jpg\" alt=\"Big Brave Out of the crowd Festival \u2013 Esch-sur-Alzette, 19.05.2025\" class=\"wp-image-20886\" srcset=\"https:\/\/www.pretty-paracetamol.de\/blog\/wp-content\/uploads\/2025\/04\/DSC02554-1100x619.jpg 1100w, https:\/\/www.pretty-paracetamol.de\/blog\/wp-content\/uploads\/2025\/04\/DSC02554-980x551.jpg 980w, https:\/\/www.pretty-paracetamol.de\/blog\/wp-content\/uploads\/2025\/04\/DSC02554-550x309.jpg 550w, https:\/\/www.pretty-paracetamol.de\/blog\/wp-content\/uploads\/2025\/04\/DSC02554-800x450.jpg 800w, https:\/\/www.pretty-paracetamol.de\/blog\/wp-content\/uploads\/2025\/04\/DSC02554.jpg 1200w\" sizes=\"(max-width: 1100px) 100vw, 1100px\" \/><\/figure><\/div>\n\n\n<p>Nach ein paar Minuten dachte ich, ich gehe etwas essen, das ist nichts f\u00fcr mich. Aber dann bewege ich mich mehr in Richtung B\u00fchne &#8211; auch weil der Saal kontinuierlich leerer wird &#8211; und auf einmal packt mich der L\u00e4rm und ich bemerke, dass die Songs klaren Strukturen folgen und dadurch sehr harmonisch wirken. <strong>Big Brave<\/strong> machen strukturieren Krack, ich kann das empfehlen. Das just ver\u00f6ffentlichte <em>A chaos of flowers<\/em> ist ihr mittlerweile siebtes Studioalbum.<\/p>\n\n\n\n<p>Nach dem Konzert wieder r\u00fcber in den gro\u00dfen Saal.<\/p>\n\n\n<div class=\"wp-block-image\">\n<figure class=\"aligncenter size-large\"><img loading=\"lazy\" decoding=\"async\" width=\"1100\" height=\"619\" src=\"https:\/\/www.pretty-paracetamol.de\/blog\/wp-content\/uploads\/2025\/04\/DSC02565-1100x619.jpg\" alt=\"Los Bitchos Out of the crowd Festival \u2013 Esch-sur-Alzette, 19.05.2025\" class=\"wp-image-20888\" srcset=\"https:\/\/www.pretty-paracetamol.de\/blog\/wp-content\/uploads\/2025\/04\/DSC02565-1100x619.jpg 1100w, https:\/\/www.pretty-paracetamol.de\/blog\/wp-content\/uploads\/2025\/04\/DSC02565-980x551.jpg 980w, https:\/\/www.pretty-paracetamol.de\/blog\/wp-content\/uploads\/2025\/04\/DSC02565-550x309.jpg 550w, https:\/\/www.pretty-paracetamol.de\/blog\/wp-content\/uploads\/2025\/04\/DSC02565-800x450.jpg 800w, https:\/\/www.pretty-paracetamol.de\/blog\/wp-content\/uploads\/2025\/04\/DSC02565.jpg 1200w\" sizes=\"(max-width: 1100px) 100vw, 1100px\" \/><\/figure><\/div>\n\n\n<p>Jetzt ist es voll. Die <strong>Los Bitchos<\/strong> stehen kurz vor den Startl\u00f6chern. Ich auch. Ich erwarte Punkpop a la <strong>Bleached<\/strong>. Doch da irre ich mich, <strong>Los Bitchos<\/strong> machen kein Punk-Rock- und Punk-Pop. <strong>Los Bitchos<\/strong> klingen wie der abgedrehte Soundtrack zu <em>From dust til down<\/em>. Ich mag das nicht, und so entschlie\u00dfe ich mich, nach zwei, drei Songs den \u00f6rtlichen Pommesdealer aufzusuchen.<\/p>\n\n\n\n<p>Als ich zur\u00fcckkehre, spielen <strong>Delta Sleep<\/strong> bereits. Der kleine Saal ist proppenvoll und ich schaffe es nur mit M\u00fche, hineinzukommen.<\/p>\n\n\n\n<blockquote class=\"wp-block-quote is-layout-flow wp-block-quote-is-layout-flow\">\n<p>Es gibt mehrere Schlafphasen, die Menschen im Laufe einer guten erholsamen Nacht durchgehen. In jeder Phase wird unser Schlaf tiefer, unser K\u00f6rper wird entspannter und unsere Gehirnwellenmuster verlangsamen. Das tiefste und verj\u00fcngendste Schlafniveau wird mit Delta-Gehirnwellenmuster verbunden. Delta Sleep ist die k\u00f6rperlich entspannteste Phase des Schlafes und ist die Zeit, in der sich der K\u00f6rper f\u00fcr den neuen Tag erholt und wieder ins Gleichgewicht bringt. Genug Schlaf, aber genauer genug Delta-Schlaf ist unverzichtbar f\u00fcr ein gesundes, produktives Leben.<\/p>\n<cite>Delta Sleep System 2.0 CD<\/cite><\/blockquote>\n\n\n\n<p>Auf die Musik der britischen Band <strong>Delta Sleep<\/strong> trifft das nur bedingt zu. Ihr Math-Rock ist eher zackig denn verlangsamend, er ist eher hektisch denn entspannt. Die Band wurde 2010 in Canterbury gegr\u00fcndet und besteht derzeit aus den vier Musikern <strong>Devin Y\u00fcceil<\/strong> und <strong>Glen Hodgson<\/strong> &#8211; die beide von Beginn an bei <strong>Delta Sleep<\/strong> sind &#8211; sowie <strong>Dave Jackson<\/strong> und <strong>Blake Mostyn<\/strong>, die nach den ersten beiden EPs zur Band kamen und <strong>Maria Sullivan<\/strong> und <strong>Adam Brodigan<\/strong> ersetzen. Im Vorfeld habe ich nur ein, zwei Sachen von <strong>Delta Sleep<\/strong> geh\u00f6rt, aber Math-Rock mag ich, demzufolge fand ich in meiner Vorrecherche&nbsp; auch <strong>Delta Sleep<\/strong> unbedingt sehenswert. Und was soll ich sagen, ihr Set entt\u00e4uscht nicht. Live ist ihr Emo angehauchter Math-Indierock gut h\u00f6rbar, ich empfehle als Anspieltipp den Hit \u201eFigure in the dark\u201c. Der erinnert mich gar sehr an <strong>Jimmy eat world<\/strong>. Ein toller Gedanke!<\/p>\n\n\n<div class=\"wp-block-image\">\n<figure class=\"aligncenter size-large\"><img loading=\"lazy\" decoding=\"async\" width=\"1100\" height=\"619\" src=\"https:\/\/www.pretty-paracetamol.de\/blog\/wp-content\/uploads\/2025\/04\/DSC02577-1100x619.jpg\" alt=\"Delta Sleep Out of the crowd Festival \u2013 Esch-sur-Alzette, 19.05.2025\" class=\"wp-image-20887\" srcset=\"https:\/\/www.pretty-paracetamol.de\/blog\/wp-content\/uploads\/2025\/04\/DSC02577-1100x619.jpg 1100w, https:\/\/www.pretty-paracetamol.de\/blog\/wp-content\/uploads\/2025\/04\/DSC02577-980x551.jpg 980w, https:\/\/www.pretty-paracetamol.de\/blog\/wp-content\/uploads\/2025\/04\/DSC02577-550x309.jpg 550w, https:\/\/www.pretty-paracetamol.de\/blog\/wp-content\/uploads\/2025\/04\/DSC02577-800x450.jpg 800w, https:\/\/www.pretty-paracetamol.de\/blog\/wp-content\/uploads\/2025\/04\/DSC02577.jpg 1200w\" sizes=\"(max-width: 1100px) 100vw, 1100px\" \/><\/figure><\/div>\n\n\n<p>Der kleine Saal ist also zurecht voll und er leert sich im Laufe des Sets auch zurecht nicht. <strong>Delta Sleep<\/strong> machen Spa\u00df. In den Songpausen h\u00f6rt man den Soundcheck von nebenan. <strong>Karate <\/strong>machen ein letztes Feintuning am Sound. Gleich wird die Band aus Boston ihr gut einst\u00fcndiges Set spielen. <strong>Karate <\/strong>sind sowas wie mein Headliner des Out of the Crowd und meine Liveband der Stunde. In den letzten 10 Monaten sah ich <strong>Karate <\/strong>dreimal und wurde immer mehr zum Fan. Und dass, obwohl ich keine einzige CD von der Band besitze. Vor 20,25 Jahren, als sie Alben ver\u00f6ffentlichten, hatte ich die CD K\u00e4ufe verpasst. In der Zwischenzeit war an die Alben nicht ranzukommen. Erst in den letzten Jahren und Dank der Wiederver\u00f6ffentlichung der Platten \u00fcber die Numero Group ist es wieder m\u00f6glich, <strong>Karate <\/strong>Alben zu kaufen. Zumindest in den USA, sich die Alben nach Europa schicken zu lassen ist dann wieder nicht so easy. Im letzten Winter bei ihrem einzigen europ\u00e4ischen Kontinentalkonzert in Kortrijk hatten <strong>Karate <\/strong>kein Merch dabei; ich ging also leer aus. Dieses Mal, mit einer ausgedehnten Europatour vor der Brust, l\u00e4uft es f\u00fcr mich besser. Neben T-Shirts und M\u00fctzen haben sie auch die Kompilation <em>Complete Studio Recordings<\/em> mit dabei. Ich schlage zu und kaufe mir direkt ein Boxset. Der Preis ist gut und rechtfertigt allemal den Inhalt.<\/p>\n\n\n\n<blockquote class=\"wp-block-quote is-layout-flow wp-block-quote-is-layout-flow\">\n<p>Crashing at the unlikely intersection of post-hardcore, slowcore, and jazz-rock, Karate spent a dozen years producing peerless recordings in their adopted hometown of Boston. Collected here are their six albums\u2014S\/T, In Place of Real Insight, The Bed Is In The Ocean, Unsolved, Some Boots, Pockets, plus the Cancel\/Sing and In The Fish Tank EPs, singles, and split 7\u201ds, a whopping 69 tracks spread across eight glorious compact discs. Leor Galil\u2019s career-spanning essay is illustrated with dozens of period-appropriate photos in the accompanying 80-page book.<\/p>\n<cite>Numero group Webseite<\/cite><\/blockquote>\n\n\n\n<p>Mittlerweile ist das CD-Boxset auch bei Amazon und HHV gelistet, preislich gibt es zwischen meinem Merchkauf und diesen Produkten keinen Unterschied. Also alles richtig gemacht.<\/p>\n\n\n<div class=\"wp-block-image\">\n<figure class=\"aligncenter size-large\"><img loading=\"lazy\" decoding=\"async\" width=\"1100\" height=\"619\" src=\"https:\/\/www.pretty-paracetamol.de\/blog\/wp-content\/uploads\/2025\/04\/DSC02618-1100x619.jpg\" alt=\"Karate Out of the crowd Festival \u2013 Esch-sur-Alzette, 19.05.2025\" class=\"wp-image-20889\" srcset=\"https:\/\/www.pretty-paracetamol.de\/blog\/wp-content\/uploads\/2025\/04\/DSC02618-1100x619.jpg 1100w, https:\/\/www.pretty-paracetamol.de\/blog\/wp-content\/uploads\/2025\/04\/DSC02618-980x551.jpg 980w, https:\/\/www.pretty-paracetamol.de\/blog\/wp-content\/uploads\/2025\/04\/DSC02618-550x309.jpg 550w, https:\/\/www.pretty-paracetamol.de\/blog\/wp-content\/uploads\/2025\/04\/DSC02618-800x450.jpg 800w, https:\/\/www.pretty-paracetamol.de\/blog\/wp-content\/uploads\/2025\/04\/DSC02618.jpg 1200w\" sizes=\"(max-width: 1100px) 100vw, 1100px\" \/><\/figure><\/div>\n\n\n<p>Sie spielen die gleichen Songs wie in Kortrijk. Allerdings nicht ganz so viele. Nat\u00fcrlich ist es ein tolles Konzert. Anders als bei fr\u00fcheren Headliner Shows des Out of the Crowd ist der Saal gerammelt voll. <strong>Karate <\/strong>scheinen zu ziehen. Nat\u00fcrlich mehrheitlich Menschen meines Alters. Das liegt in der Natur der Sache, immerhin hatten <strong>Karate <\/strong>ihre Hochphase vor 25 Jahren und machten bis zum letzten Jahr 20 Jahre Pause. Die Band begeistert. Es gibt Applaus auf offener Szene und in den ruhigen Sequenzen herrscht eine and\u00e4chtige Stille. Der geschichtenerz\u00e4hlende, quasi Sprechgesang von <strong>Geoff Farina<\/strong> l\u00e4uft wie geschnitten Brot, das Schlagzeugspiel von <strong>Gavin McCarthy<\/strong> ist kr\u00e4ftig, aber nicht zu treibend und das Bassspiel von <strong>Jeff Goddard<\/strong> unaufgeregt. Mit ihm sprach ich kurz am Merchstand, er erkl\u00e4rte mir sehr ausf\u00fchrlich den Inhalt des Sets. Ein netter Typ, wie die anderen beiden sicherlich auch. <br>11 Songs finden in dem angesetzten Zeitfenster Platz. Es h\u00e4tten auch ein, zwei mehr sein k\u00f6nnen, aber das finale \u201eThis day next year\u201c braucht halt seine 12 Minuten Spielzeit. Vor 20 Jahren waren <strong>Karate<\/strong> erstmals beim Out of the Crowd zu Gast, an diesem Abend entschuldigen sie sich daf\u00fcr, dass \u2018drei alte M\u00e4nner mit ihren Songs das Festival crashen.\u2019 Und in der Tat, der <strong>Karate<\/strong> Sound ist an diesem Abend der langsamste und am wenigsten tanzbare. Obwohl, <strong>Big Brave<\/strong> hatten jetzt auch nicht unbedingt den Groove.<\/p>\n\n\n\n<figure class=\"wp-block-embed aligncenter is-type-video is-provider-youtube wp-block-embed-youtube wp-embed-aspect-16-9 wp-has-aspect-ratio\"><div class=\"wp-block-embed__wrapper\">\n<p class=\"responsive-video-wrap clr\"><iframe title=\"Live: Karate - This day next year\" width=\"1200\" height=\"675\" src=\"https:\/\/www.youtube.com\/embed\/OkEfyQuOUpY?feature=oembed\" frameborder=\"0\" allow=\"accelerometer; autoplay; clipboard-write; encrypted-media; gyroscope; picture-in-picture; web-share\" referrerpolicy=\"strict-origin-when-cross-origin\" allowfullscreen><\/iframe><\/p>\n<\/div><\/figure>\n\n\n\n<p><strong>Setlist Karate:<\/strong><br>01: Bass sounds<br>02: If you can hold your breath<br>03: There are ghosts<br>04: Gasoline<br>05: Defendants<br>06: Small fires<br>07: Diazapam<br>08: Water<br>09: Operation: Sand<br>10: Sever<br>11: This day next year<\/p>\n\n\n\n<p><strong>Kontextkonzerte:<\/strong><br><a href=\"https:\/\/www.pretty-paracetamol.de\/blog\/out-of-the-crowd-festival-esch-sur-alzette-11-05-2024\/\">Out of the crowd Festival &#8211; Esch-sur-Alzette, 11.05.2024 \/ Kulturfabrik<\/a><br><a href=\"https:\/\/www.pretty-paracetamol.de\/blog\/out-of-the-crowd-festival-esch-sur-alzette-29-04-2023\/\">Out of the crowd Festival &#8211; Esch-sur-Alzette, 29.04.2023 \/ Kulturfabrik<\/a><br><a href=\"https:\/\/www.pretty-paracetamol.de\/blog\/out-of-the-crowd-festival-esch-sur-alzette-30-04-2022\/\">Out of the crowd Festival &#8211; Esch-sur-Alzette, 30.04.2022 \/ Kulturfabrik<\/a><br><a href=\"https:\/\/www.pretty-paracetamol.de\/blog\/out-of-the-crowd-festival-esch-sur-alzette-27-04-2019\/\">Out of the crowd Festival &#8211; Esch-sur-Alzette, 27.04.2019 \/ Kulturfabrik<\/a><br><a href=\"https:\/\/www.pretty-paracetamol.de\/blog\/karate-kortrijk-13-12-2024\/\">Karate &#8211; Kortrijk, 13.12.2024 \/ de Kreun<\/a><br><a href=\"https:\/\/www.pretty-paracetamol.de\/blog\/primavera-sound-festival-barcelona-02-06-2023\/\">Karate &#8211; Primavera Sound Festival Barcelona, 02.06.2023<\/a><\/p>\n","protected":false},"excerpt":{"rendered":"<p>Das Out of the Crowd Festival im luxemburgischen Esch-sur-Alzette ist jedes Jahr aufs Neue ein \u00fcberraschend gutes Festival. \u00dcberraschend deswegen, weil ich im Vorfeld bis auf ein, zwei Namen die Bands nicht kenne, sie mich aber live vor Ort durch die Bank alle \u00fcberzeugen.<\/p>\n","protected":false},"author":2,"featured_media":20884,"comment_status":"open","ping_status":"open","sticky":false,"template":"","format":"standard","meta":{"_seopress_robots_primary_cat":"none","_seopress_titles_title":"pretty-paracetamol in concert: %%post_title%%","_seopress_titles_desc":"Das Out of the Crowd Festival im luxemburgischen Esch-sur-Alzette ist jedes Jahr aufs Neue ein \u00fcberraschend gutes Festival. \u00dcberraschend deswegen, weil ich im Vorfeld bis auf ein, zwei Namen die Bands nicht kenne, sie mich aber live vor Ort durch die Bank alle \u00fcberzeugen.","_seopress_robots_index":"","ocean_post_layout":"","ocean_both_sidebars_style":"","ocean_both_sidebars_content_width":0,"ocean_both_sidebars_sidebars_width":0,"ocean_sidebar":"","ocean_second_sidebar":"","ocean_disable_margins":"enable","ocean_add_body_class":"","ocean_shortcode_before_top_bar":"","ocean_shortcode_after_top_bar":"","ocean_shortcode_before_header":"","ocean_shortcode_after_header":"","ocean_has_shortcode":"","ocean_shortcode_after_title":"","ocean_shortcode_before_footer_widgets":"","ocean_shortcode_after_footer_widgets":"","ocean_shortcode_before_footer_bottom":"","ocean_shortcode_after_footer_bottom":"","ocean_display_top_bar":"default","ocean_display_header":"default","ocean_header_style":"","ocean_center_header_left_menu":"","ocean_custom_header_template":"","ocean_custom_logo":0,"ocean_custom_retina_logo":0,"ocean_custom_logo_max_width":0,"ocean_custom_logo_tablet_max_width":0,"ocean_custom_logo_mobile_max_width":0,"ocean_custom_logo_max_height":0,"ocean_custom_logo_tablet_max_height":0,"ocean_custom_logo_mobile_max_height":0,"ocean_header_custom_menu":"","ocean_menu_typo_font_family":"","ocean_menu_typo_font_subset":"","ocean_menu_typo_font_size":0,"ocean_menu_typo_font_size_tablet":0,"ocean_menu_typo_font_size_mobile":0,"ocean_menu_typo_font_size_unit":"px","ocean_menu_typo_font_weight":"","ocean_menu_typo_font_weight_tablet":"","ocean_menu_typo_font_weight_mobile":"","ocean_menu_typo_transform":"","ocean_menu_typo_transform_tablet":"","ocean_menu_typo_transform_mobile":"","ocean_menu_typo_line_height":0,"ocean_menu_typo_line_height_tablet":0,"ocean_menu_typo_line_height_mobile":0,"ocean_menu_typo_line_height_unit":"","ocean_menu_typo_spacing":0,"ocean_menu_typo_spacing_tablet":0,"ocean_menu_typo_spacing_mobile":0,"ocean_menu_typo_spacing_unit":"","ocean_menu_link_color":"","ocean_menu_link_color_hover":"","ocean_menu_link_color_active":"","ocean_menu_link_background":"","ocean_menu_link_hover_background":"","ocean_menu_link_active_background":"","ocean_menu_social_links_bg":"","ocean_menu_social_hover_links_bg":"","ocean_menu_social_links_color":"","ocean_menu_social_hover_links_color":"","ocean_disable_title":"default","ocean_disable_heading":"default","ocean_post_title":"","ocean_post_subheading":"","ocean_post_title_style":"","ocean_post_title_background_color":"","ocean_post_title_background":0,"ocean_post_title_bg_image_position":"","ocean_post_title_bg_image_attachment":"","ocean_post_title_bg_image_repeat":"","ocean_post_title_bg_image_size":"","ocean_post_title_height":0,"ocean_post_title_bg_overlay":0.5,"ocean_post_title_bg_overlay_color":"","ocean_disable_breadcrumbs":"default","ocean_breadcrumbs_color":"","ocean_breadcrumbs_separator_color":"","ocean_breadcrumbs_links_color":"","ocean_breadcrumbs_links_hover_color":"","ocean_display_footer_widgets":"default","ocean_display_footer_bottom":"default","ocean_custom_footer_template":"","osh_disable_topbar_sticky":"default","osh_disable_header_sticky":"default","osh_sticky_header_style":"default","osh_sticky_header_effect":"","osh_custom_sticky_logo":0,"osh_custom_retina_sticky_logo":0,"osh_custom_sticky_logo_height":0,"osh_background_color":"","osh_links_color":"","osh_links_hover_color":"","osh_links_active_color":"","osh_links_bg_color":"","osh_links_hover_bg_color":"","osh_links_active_bg_color":"","osh_menu_social_links_color":"","osh_menu_social_hover_links_color":"","ocean_post_oembed":"","ocean_post_self_hosted_media":"","ocean_post_video_embed":"","ocean_link_format":"","ocean_link_format_target":"self","ocean_quote_format":"","ocean_quote_format_link":"post","ocean_gallery_link_images":"on","ocean_gallery_id":[],"footnotes":""},"categories":[1771,3],"tags":[1982,2016,2018,640,390,2015,1816,1048,1649,2017,52,1417,2014],"class_list":["post-20879","post","type-post","status-publish","format-standard","has-post-thumbnail","hentry","category-festival","category-konzert","tag-1982","tag-big-brave","tag-delta-sleep","tag-esch-alzette","tag-festival","tag-gurriers","tag-karate","tag-konzert","tag-kulturfabrik","tag-los-bitchos","tag-luxemburg","tag-out-of-the-crowd","tag-peniche","entry","has-media"],"views":2734,"_links":{"self":[{"href":"https:\/\/www.pretty-paracetamol.de\/blog\/wp-json\/wp\/v2\/posts\/20879","targetHints":{"allow":["GET"]}}],"collection":[{"href":"https:\/\/www.pretty-paracetamol.de\/blog\/wp-json\/wp\/v2\/posts"}],"about":[{"href":"https:\/\/www.pretty-paracetamol.de\/blog\/wp-json\/wp\/v2\/types\/post"}],"author":[{"embeddable":true,"href":"https:\/\/www.pretty-paracetamol.de\/blog\/wp-json\/wp\/v2\/users\/2"}],"replies":[{"embeddable":true,"href":"https:\/\/www.pretty-paracetamol.de\/blog\/wp-json\/wp\/v2\/comments?post=20879"}],"version-history":[{"count":4,"href":"https:\/\/www.pretty-paracetamol.de\/blog\/wp-json\/wp\/v2\/posts\/20879\/revisions"}],"predecessor-version":[{"id":20896,"href":"https:\/\/www.pretty-paracetamol.de\/blog\/wp-json\/wp\/v2\/posts\/20879\/revisions\/20896"}],"wp:featuredmedia":[{"embeddable":true,"href":"https:\/\/www.pretty-paracetamol.de\/blog\/wp-json\/wp\/v2\/media\/20884"}],"wp:attachment":[{"href":"https:\/\/www.pretty-paracetamol.de\/blog\/wp-json\/wp\/v2\/media?parent=20879"}],"wp:term":[{"taxonomy":"category","embeddable":true,"href":"https:\/\/www.pretty-paracetamol.de\/blog\/wp-json\/wp\/v2\/categories?post=20879"},{"taxonomy":"post_tag","embeddable":true,"href":"https:\/\/www.pretty-paracetamol.de\/blog\/wp-json\/wp\/v2\/tags?post=20879"}],"curies":[{"name":"wp","href":"https:\/\/api.w.org\/{rel}","templated":true}]}}