{"id":20195,"date":"2024-06-17T18:58:43","date_gmt":"2024-06-17T16:58:43","guid":{"rendered":"https:\/\/www.pretty-paracetamol.de\/blog\/?p=20195"},"modified":"2024-06-24T18:55:27","modified_gmt":"2024-06-24T16:55:27","slug":"yo-la-tengo-barcelona-28-05-2024","status":"publish","type":"post","link":"https:\/\/www.pretty-paracetamol.de\/blog\/yo-la-tengo-barcelona-28-05-2024\/","title":{"rendered":"Yo la tengo &#8211; Barcelona, 28.05.2024"},"content":{"rendered":"\n<p><strong>Ort:<\/strong> Sala Apolo, Barcelona<br><strong>Vorband: <\/strong>&#8211;<\/p>\n\n\n<div class=\"wp-block-image\">\n<figure class=\"aligncenter size-large\"><img fetchpriority=\"high\" decoding=\"async\" width=\"1100\" height=\"619\" src=\"https:\/\/www.pretty-paracetamol.de\/blog\/wp-content\/uploads\/2024\/06\/DSC09985-1100x619.jpg\" alt=\"Yo la tengo - Barcelona, 28.05.2024\" class=\"wp-image-20199\" srcset=\"https:\/\/www.pretty-paracetamol.de\/blog\/wp-content\/uploads\/2024\/06\/DSC09985-1100x619.jpg 1100w, https:\/\/www.pretty-paracetamol.de\/blog\/wp-content\/uploads\/2024\/06\/DSC09985-980x551.jpg 980w, https:\/\/www.pretty-paracetamol.de\/blog\/wp-content\/uploads\/2024\/06\/DSC09985-550x309.jpg 550w, https:\/\/www.pretty-paracetamol.de\/blog\/wp-content\/uploads\/2024\/06\/DSC09985-800x450.jpg 800w, https:\/\/www.pretty-paracetamol.de\/blog\/wp-content\/uploads\/2024\/06\/DSC09985.jpg 1200w\" sizes=\"(max-width: 1100px) 100vw, 1100px\" \/><\/figure><\/div>\n\n\n<p><strong>Yo la tengo<\/strong> play covers. <br>Ich erz\u00e4hlte schon einmal, dass im Rahmen des Primavera Sound Festivals auch das sogenannte Primavera a la Ciutat stattfindet. In den Tagen vor und nach dem eigentlichen Festival am Parc del F\u00f2rum finden noch ein paar Konzerte in Musikclubs statt. Sozusagen als Erg\u00e4nzung, oder als Ausweitung des Primavera Sound Festivals \u00fcber die Grenzen des Parc del F\u00f2rums hinaus. Primavera a la Ciutat, Primavera Sound in der Stadt. <br>Als dieses Konzert f\u00fcr Dienstagabend im Sala Apolo, einem Klub in der Innenstadt von Barcelona, mit dem Zusatz \u2018<strong>Yo la tengo<\/strong> play covers\u2019 angesetzt wurde, musste ich meine Reiseplanung \u00fcberdenken.<\/p>\n\n\n\n<p>Urspr\u00fcnglich wollte ich erst am Mittwoch in Barcelona sein, die Aussicht auf einen Coverabend allerdings lie\u00df mich ins Nachdenken kommen. Obwohl, viel zum Nachdenken gab es eigentlich nicht. Die einzige Frage war: wie teuer ist ein Flug am Dienstagmorgen? Denn logisch, dieses Konzert wollte ich mir nicht entgehen lassen. Ich meine, <strong>Yo la tengo<\/strong> spielen Cover, ein ganzes Konzert lang, ohne Ausnahmen! Wer m\u00f6chte sich das schon entgehen lassen? Also war ich Dienstagnachmittag in Barcelona, checkte ins Hotel ein und am Abend stehen wir p\u00fcnktlich in der Einlassschlange zum Sala Apolo. Es ist noch nicht allzu voll, als wir dort ankommen. Eine weitere Band wird an diesem Abend im gro\u00dfen Saal des Apolo Theaters nicht auftreten; die Veranstalter verzichten bei diesem Konzert auf die Nominierungen anderer Bands. Im kleinen Nebensaal und im Club Paral\u00b7lel 62 gegen\u00fcber sind auch Konzerte angesetzt. Dort finden Konzertreihen mit u. a. <strong>Ilgen-Nur<\/strong>, <strong>Sweeping Promises<\/strong>, <strong>Le Savy Fav<\/strong> oder <strong>The Messthetics &amp; James Brandon Lewis<\/strong> statt. Die Stra\u00dfenecke Av. del Paral\u00b7lel Ecke C\/ Nou de la Rambla ist in der Hand von Primavista.<\/p>\n\n\n\n<p><strong>Yo la tengo<\/strong> spielen gerne und oft Cover. Die Liste der von ihnen live gecoverten Songs ist lang und umfasst viele Genres amerikanischer Musik. Indiehelden wie <strong>The Velvet Underground<\/strong>, <strong>Black Flag<\/strong> oder <strong>Neil Young<\/strong> sind genauso darunter wie <strong>Hank Williams<\/strong> oder <strong>Carole King<\/strong>. Auch <strong>Jefferson Airplane<\/strong>, <strong>Neil Diamond<\/strong> und <strong>Jackson Browne<\/strong> tauchen auf. Insgesamt sind es \u00fcber 50 Musiker*innen, deren Songs sie schon gecovert haben. Eines ihrer meist gespielten Cover (laut setlist.fm) ist \u201eSpeeding Motorcycle\u201c von <strong>Daniel Johnston<\/strong>. Das h\u00f6re ich auch an diesem Abend.<\/p>\n\n\n<div class=\"wp-block-image\">\n<figure class=\"aligncenter size-large\"><img decoding=\"async\" width=\"1100\" height=\"619\" src=\"https:\/\/www.pretty-paracetamol.de\/blog\/wp-content\/uploads\/2024\/06\/DSC09989-1100x619.jpg\" alt=\"Yo la tengo - Barcelona, 28.05.2024\" class=\"wp-image-20200\" srcset=\"https:\/\/www.pretty-paracetamol.de\/blog\/wp-content\/uploads\/2024\/06\/DSC09989-1100x619.jpg 1100w, https:\/\/www.pretty-paracetamol.de\/blog\/wp-content\/uploads\/2024\/06\/DSC09989-980x551.jpg 980w, https:\/\/www.pretty-paracetamol.de\/blog\/wp-content\/uploads\/2024\/06\/DSC09989-550x309.jpg 550w, https:\/\/www.pretty-paracetamol.de\/blog\/wp-content\/uploads\/2024\/06\/DSC09989-800x450.jpg 800w, https:\/\/www.pretty-paracetamol.de\/blog\/wp-content\/uploads\/2024\/06\/DSC09989.jpg 1200w\" sizes=\"(max-width: 1100px) 100vw, 1100px\" \/><\/figure><\/div>\n\n\n<p>Das Konzert startet um 21 Uhr, und was <strong>Yo la tengo<\/strong> dann bis gegen 22.30 Uhr auf die B\u00fchne zaubern, habe ich so auch noch nicht erlebt. \u2018We play some songs that we didn&#8217;t write\u2019, lautet kurz und knapp die simple Ank\u00fcndigung von <strong>Ira Kaplan<\/strong>. Und dann legen <strong>Georgia Hubley<\/strong>, <strong>Ira Kaplan<\/strong> und <strong>James McNew<\/strong> einfach los. Ordentliche 90 Minuten spielen sie einen wilden Mix amerikanischer Pop\/Rockmusik der letzten 60 Jahre. <br>Das Sala Apolo hat sich gef\u00fcllt. Ich denke, Spontanbesucher haben keine Chance, kurzfristig an ein Ticket zu kommen. Ich habe mein Ticket in der zweiten Verkaufsphase ergattern k\u00f6nnen. F\u00fcr die a la Ciutat Konzerte wurden drei Ticketkontingente zu drei unterschiedlichen Zeitpunkten auf den Markt geworfen. Zuerst bedienen durften sich Primavera Sound Festival VIP Ticketinhaber. diese hatten ein zweit\u00e4giges Vorkaufsrecht auf alle a la Ciutat Veranstaltungen. Im Anschluss waren die full festival Ticketinhaber an der Reihe (also auch wir). Beide Gruppen konnten f\u00fcr je 10 Euro ein Ticket kaufen. Die 10 Euro kann man dann in den Klubs in Getr\u00e4nke eintauschen, macht man das nicht, bekommt man sie nach dem Festival wieder r\u00fcck\u00fcberwiesen. Das klappt ganz gut, mir wurden die 10 Euro bereits zur\u00fcckgebucht. Das letzte Ticketkontingent, oder besser die Resttickets, gehen dann in den \u2018freien\u2019 Verkauf. Ich glaube, der regul\u00e4re Preis f\u00fcr dieses <strong>Yo la tengo<\/strong> Konzert lag bei 40 Euro. Soviel zum Prozedere.<\/p>\n\n\n\n<figure class=\"wp-block-embed aligncenter is-type-video is-provider-youtube wp-block-embed-youtube wp-embed-aspect-16-9 wp-has-aspect-ratio\"><div class=\"wp-block-embed__wrapper\">\n<p class=\"responsive-video-wrap clr\"><iframe title=\"Live: Yo la tengo - I&#039;m so lonesome I could cry\" width=\"1200\" height=\"675\" src=\"https:\/\/www.youtube.com\/embed\/UlZIzANGOyg?feature=oembed\" frameborder=\"0\" allow=\"accelerometer; autoplay; clipboard-write; encrypted-media; gyroscope; picture-in-picture; web-share\" referrerpolicy=\"strict-origin-when-cross-origin\" allowfullscreen><\/iframe><\/p>\n<\/div><\/figure>\n\n\n\n<p>Ich kenne einige Songs, aber ich erkenne bei weitem nicht alles und vieles erkenne erst sehr sp\u00e4t. Das mit vielen und irren Gitarren vorgetragene \u201eHeroin\u201c zum Beispiel ist f\u00fcr mich kaum zu erkennen, ein sehr nah am Original gelegenes \u201eWith a girl like you\u201c dagegen schnell. <br>Gitarrensolo und Akustiksongs, zwischen diesen beiden Intervallgrenzen bewegt sich das Konzert. Dreimal kommt <strong>Georgia Hubley <\/strong>hinter ihrem Schlagzeug hervor, um am B\u00fchnenrand stehen Songs zu singen. Es sind die ruhigen und leisen Sachen, die ihrer Stimme geh\u00f6ren. \u201eI\u2019m so lonely I could cry\u201c, das <strong>Hank Williams<\/strong> Cover, zu dem es mucksm\u00e4uschenstill im Saal ist und das mich 100% gefangen nimmt. Genau wie \u201eSunday morning\u201c von <strong>The Velvet Underground<\/strong>. (\u00dcbrigens die einzige Band, die <strong>Yo la tengo<\/strong> an diesem Abend mit zwei Coversongs huldigen.) Aber \u201eI\u2019m so lonely I could cry\u201c ist f\u00fcr mich das sch\u00f6nsten Cover am diesem Abend. Ein bisschen G\u00e4nsehaut inklusive. Das Zweitsch\u00f6nste ist f\u00fcr mich erw\u00e4hntes \u00a0\u201eSpeeding motorcycles\u201c. Warum? Weil es a) ein toller Song ist und b) finde ich, dass er gut zu <strong>Yo la tengo<\/strong> und vor allem zur Stimme von <strong>Ira Kaplan<\/strong> passt.<\/p>\n\n\n\n<p>Der Song ist auf <strong>Yo la tengos<\/strong> Coveralbum <em>Fakebook<\/em> zu finden. <em>Fakebook <\/em>erschien 1990 und ist das erste einer ganzen Reihe von Coveralben, die die Band im Laufe der Jahre produzierte. <em>Yo La Tengo is murdering the Classics<\/em> aus 2006 und der 10 Jahre sp\u00e4ter erschienen Nachfolger <em>Murder in the second Degree<\/em> m\u00fcssen noch genannt werden. Auch das Album <em>Fuckbook<\/em>, das sie unter dem Alias <strong>Condo Fucks<\/strong> eingespielt haben, beinhaltet nur Coverversionen. Und ich erinnere mich an den <strong>Condo Fucks<\/strong> Auftritt auf dem Primavera 2011? Damals sa\u00df ich auf einer Stahlrohrtrib\u00fcne und schaute der Band bei sehr windigem Wetter zu. Die B\u00fchne stand dort, wo heute der Foodcourt an den beiden gro\u00dfen B\u00fchnen aufgebaut ist. <br>Es ist ein wunderbares Konzert, dessen erster Teil mit einem sehr extrovertierten \u201cHeroin\u201d nach guten 50 Minuten endet. <strong>Ira Kaplan, James McNew<\/strong> und <strong>Georgia Hubley<\/strong> kommen aber nochmals f\u00fcr einen gut halbst\u00fcndigen zweiten Teil zur\u00fcck.<\/p>\n\n\n\n<figure class=\"wp-block-embed aligncenter is-type-video is-provider-youtube wp-block-embed-youtube wp-embed-aspect-16-9 wp-has-aspect-ratio\"><div class=\"wp-block-embed__wrapper\">\n<p class=\"responsive-video-wrap clr\"><iframe title=\"Yo La Tengo - Surfin&#039; With the Shah (Urinals cover) - Live at Primavera a la Ciutat 2024 - 28th May\" width=\"1200\" height=\"675\" src=\"https:\/\/www.youtube.com\/embed\/w1AWzyCk73Q?feature=oembed\" frameborder=\"0\" allow=\"accelerometer; autoplay; clipboard-write; encrypted-media; gyroscope; picture-in-picture; web-share\" referrerpolicy=\"strict-origin-when-cross-origin\" allowfullscreen><\/iframe><\/p>\n<\/div><\/figure>\n\n\n\n<blockquote class=\"wp-block-quote is-layout-flow wp-block-quote-is-layout-flow\">\n<p>\u2018We did not write that last songs and we did not write the next songs \u2026 kind of a theme there\u2019. <\/p>\n<\/blockquote>\n\n\n\n<p>Erneut gibt <strong>Ira Kaplan<\/strong> den Hinweis auf das, was hier gerade passiert. In Summe ist das alles mehr, als ich erwartet oder erhofft habe. Nach kurzer Absprache zwischen <strong>Ira Kaplan<\/strong> und <strong>Georgia Hubley<\/strong> starten sie mit dem <strong>Jackson Browne<\/strong> Cover \u201eSomebody&#8217;s Baby\u201c in die zweite Runde. Es folgt <strong>Black Flag<\/strong> und ein spontan eingeworfenes <strong>Urinals<\/strong> Cover, bevor es zum Ende des Konzertes wieder akustisch und deutlich leiser wird. <strong>Georgia Hubley<\/strong> kommt nach vorne, um den Zuschauerwunsch \u201eThe whole of the law\u201c zu singen. Anschlie\u00dfend spielt sie zu \u201eSpeeding motorcycles\u201c Akustikgitarre und singt zum Abschluss \u201eBy the time it gets dark\u201c. Damit ist die all-covers Show vorbei. Es ist ein besinnliches Ende eines sehr sch\u00f6nen Konzertes. Und ein perfekter Start in die Primavera Sound Woche.<\/p>\n\n\n\n<p><strong>Setlist:<\/strong><br>01: Halloween (The Dream Syndicate cover)<br>02: I can&#8217;t explain (The Who cover)<br>03: With a girl like you (The Troggs cover)<br>04: Love Minus Zero\/No Limit (Bob Dylan cover)<br>05: Get ready (The Temptations cover)<br>06: I&#8217;m so lonesome I could cry (Hank Williams cover)<br>07: Somebody&#8217;s in love (Sun Ra cover)<br>08: Sunday morning (The Velvet Underground cover)<br>09: Don&#8217;t cry no tears (Neil Young &amp; Crazy Horse cover)<br>10: Have you seen my baby? (Randy Newman cover)<br>11: He&#8217;s a whore (Cheap Trick cover)<br>12: Heroin (The Velvet Underground cover)<br>Zugabe:<br>13: Somebody&#8217;s baby (Jackson Browne cover)<br>14: Nervous breakdown (Black Flag cover)<br>15: Till the End of the Day (The Kinks cover)<br>16: Surfin&#8216; With the Shah (Urinals cover)<br>17: The whole of the law (The Only Ones cover)<br>18: Speeding Motorcycle (Daniel Johnston cover)<br>19: By the time it gets dark (Sandy Denny cover)<\/p>\n\n\n\n<p>Hier das gesamte Konzert zum nachsehen:<\/p>\n\n\n\n<figure class=\"wp-block-embed aligncenter is-type-video is-provider-youtube wp-block-embed-youtube wp-embed-aspect-16-9 wp-has-aspect-ratio\"><div class=\"wp-block-embed__wrapper\">\n<p class=\"responsive-video-wrap clr\"><iframe title=\"Yo La Tengo - Barcelona, Sala Apolo - 28 May, 2024\" width=\"1200\" height=\"675\" src=\"https:\/\/www.youtube.com\/embed\/smHn4zuoCwc?feature=oembed\" frameborder=\"0\" allow=\"accelerometer; autoplay; clipboard-write; encrypted-media; gyroscope; picture-in-picture; web-share\" referrerpolicy=\"strict-origin-when-cross-origin\" allowfullscreen><\/iframe><\/p>\n<\/div><\/figure>\n\n\n\n<p><strong>Kontextkonzerte:<\/strong><br><a href=\"https:\/\/www.pretty-paracetamol.de\/blog\/yo-la-tengo-koeln-28-10-2015\/\">Yo la tengo &#8211; K\u00f6ln, 28.10.2015 \/ Kulturkirche<\/a><br><a href=\"https:\/\/www.pretty-paracetamol.de\/blog\/yo-la-tengo-dusseldorf-22112009\/\">Yo la Tengo &#8211; D\u00fcsseldorf, 22.11.2009 \/ Zakk<\/a><br><a href=\"https:\/\/www.pretty-paracetamol.de\/blog\/meet-me-on-the-dancefloor-yo-la-tengo-in-dusseldorf\/\">Yo la Tengo &#8211; D\u00fcsseldorf, 22.11.2006 \/ Zakk<\/a><a href=\"https:\/\/www.pretty-paracetamol.de\/blog\/a-sunny-day-in-glasgow-condo-fucks-primavera-28-05-2010\/\" target=\"_blank\" rel=\"noreferrer noopener\"><\/a><br><a href=\"https:\/\/www.pretty-paracetamol.de\/blog\/primavera-sound-festival-barcelona-01-06-2024\/\">Primavera Sound Festival &#8211; Barcelona, 01.06.2024<\/a><br><a href=\"https:\/\/www.pretty-paracetamol.de\/blog\/meet-me-on-the-dancefloor-yo-la-tengo-in-dusseldorf\/\"><\/a><a href=\"https:\/\/www.pretty-paracetamol.de\/blog\/primavera-sound-festival-barcelona-31-05-2024\/\">Primavera Sound Festival &#8211; Barcelona, 30.05.2024<\/a><br><a href=\"https:\/\/www.pretty-paracetamol.de\/blog\/wp-admin\/post.php?post=20117&amp;action=edit\">Primavera Sound Festival &#8211; Barcelona, 29.05.2024<\/a><br><a href=\"https:\/\/www.pretty-paracetamol.de\/blog\/primavera-sound-festival-barcelona-03-06-2023\/\">Primavera Sound Festival &#8211; Barcelona, 03.06.2023<\/a><br><a href=\"https:\/\/www.pretty-paracetamol.de\/blog\/primavera-sound-festival-barcelona-02-06-2023\/\">Primavera Sound Festival &#8211; Barcelona, 02.06.2023<\/a><br><a href=\"https:\/\/www.pretty-paracetamol.de\/blog\/primavera-sound-festival-barcelona-01-06-2023\/\">Primavera Sound Festival &#8211; Barcelona, 01.06.2023<\/a><br><a href=\"https:\/\/www.pretty-paracetamol.de\/blog\/primavera-sound-festival-barcelona-31-05-2023\">Primavera Sound Festival &#8211; Barcelona, 31.05.2023<\/a><br><a href=\"https:\/\/www.pretty-paracetamol.de\/blog\/meine-ersten-10-jahre-primavera-sound-festival\/\">Meine ersten 10 Jahre Primavera Sound Festival<\/a><br><a href=\"https:\/\/www.pretty-paracetamol.de\/blog\/primavera-sound-festival-barcelona-11-06-2022\/\">Primavera Sound Festival &#8211; Barcelona, 11.06.2022<\/a><br><a href=\"https:\/\/www.pretty-paracetamol.de\/blog\/primavera-sound-festival-barcelona-10-06-2022\/\">Primavera Sound Festival \u2013 Barcelona, 10.06.2022<\/a><br><a href=\"https:\/\/www.pretty-paracetamol.de\/blog\/primavera-sound-festival-barcelona-09-06-2022\/\">Primavera Sound Festival \u2013 Barcelona, 09.06.2022<\/a><br><a href=\"https:\/\/www.pretty-paracetamol.de\/blog\/primavera-a-la-ciutat-barcelona-05-06-bis-08-06-2022\/\">Primavera a la Ciutat &#8211; Barcelona, 05.06. bis 08.06.2022<\/a><br><a href=\"https:\/\/www.pretty-paracetamol.de\/blog\/primavera-sound-festival-barcelona-04-06-2022\/\">Primavera Sound Festival &#8211; Barcelona, 04.06.2022<\/a><br><a href=\"https:\/\/www.pretty-paracetamol.de\/blog\/primavera-sound-festival-barcelona-03-06-2022\/\">Primavera Sound Festival &#8211; Barcelona, 03.06.2022<\/a><br><a href=\"https:\/\/www.pretty-paracetamol.de\/blog\/primavera-sound-festival-barcelona-02-06-2022\/\">Primavera Sound Festival &#8211; Barcelona, 02.06.2022<\/a><br><a href=\"https:\/\/www.pretty-paracetamol.de\/blog\/primavera-sound-festival-barcelona-01-06-2019\/\">Primavera Sound Festival &#8211; Barcelona, 01.06.2019<\/a><br><a href=\"https:\/\/www.pretty-paracetamol.de\/blog\/primavera-sound-festival-barcelona-30-05-2019\/\">Primavera Sound Festival &#8211; Barcelona, 31.05.2019<\/a><br><a href=\"https:\/\/www.pretty-paracetamol.de\/blog\/primavera-sound-festival-barcelona-30-05-2019\/\">Primavera Sound Festival &#8211; Barcelona, 30.05.2019<\/a><br><a href=\"https:\/\/www.pretty-paracetamol.de\/blog\/primavera-sound-festival-barcelona-29-05-2019\/\">Primavera Sound Festival &#8211; Barcelona, 29.05.2019<\/a><br><a href=\"https:\/\/www.pretty-paracetamol.de\/blog\/primavera-sound-festival-barcelona-29052018\/\">Primavera Sound Festival &#8211; Barcelona, 29.05. \u2013 02.06.2018<\/a><br><a href=\"https:\/\/www.pretty-paracetamol.de\/blog\/primavera-sound-festival-2017\/\">Primavera Sound Festival 2017<\/a><br><a href=\"https:\/\/www.pretty-paracetamol.de\/blog\/primavera-sound-festival-barcelona-04-06-2017\/\">Primavera Sound Festival &#8211; Barcelona, 04.06.2017<\/a><br><a href=\"https:\/\/www.pretty-paracetamol.de\/blog\/primavera-sound-festival-barcelona-03-06-2017\/\">Primavera Sound Festival &#8211; Barcelona, 03.06.2017<\/a><br><a href=\"https:\/\/www.pretty-paracetamol.de\/blog\/primavera-sound-festival-barcelona-01-06-2017\/\">Primavera Sound Festival &#8211; Barcelona, 01.06.2017<\/a><br><a href=\"https:\/\/www.pretty-paracetamol.de\/blog\/primavera-sound-festival-barcelona-31-05-2017\/\">Primavera Sound Festival &#8211; Barcelona, 31.05.2017<\/a><br><a href=\"https:\/\/www.pretty-paracetamol.de\/blog\/primavera-sound-festival-barcelona\/\">Primavera Sound Festival Barcelona<\/a><br><a href=\"https:\/\/www.pretty-paracetamol.de\/blog\/primavera-sound-festival-barcelona-04-06-2016\/\">Primavera Sound Festival &#8211; Barcelona, 04.06.2016<\/a><br><a href=\"https:\/\/www.pretty-paracetamol.de\/blog\/primavera-sound-festival-barcelona-03-06-2016\/\">Primavera Sound Festival &#8211; Barcelona, 03.06.2016<\/a><br><a href=\"https:\/\/www.pretty-paracetamol.de\/blog\/primavera-sound-festival-barcelona-02-06-2016\/\">Primavera Sound Festival &#8211; Barcelona, 02.06.2016<\/a><br><a href=\"https:\/\/www.pretty-paracetamol.de\/blog\/primavera-sound-festival-barcelona-01-06-2016\/\">Primavera Sound Festival &#8211; Barcelona, 01.06.2016<\/a><br><a href=\"https:\/\/www.pretty-paracetamol.de\/blog\/primavera-sound-festival-barcelona-30-05-2015\/\">Primavera Sound Festival &#8211; Barcelona, 30.05.2015<\/a><br><a href=\"https:\/\/www.pretty-paracetamol.de\/blog\/primavera-sound-festival-barcelona-29-05-2015\/\">Primavera Sound Festival &#8211; Barcelona, 29.05.2015<\/a><br><a href=\"https:\/\/www.pretty-paracetamol.de\/blog\/primavera-sound-festival-barcelona-28-05-2015\/\">Primavera Sound Festival &#8211; Barcelona, 28.05.2015<\/a><br><a href=\"https:\/\/www.pretty-paracetamol.de\/blog\/primavera-sound-festival-barcelona-27-05-2015\/\">Primavera Sound Festival &#8211; Barcelona, 27.05.2015<\/a><br><a href=\"https:\/\/www.pretty-paracetamol.de\/blog\/primavera-sound-festival-barcelona-31-05-2014\/\">Primavera Sound Festival &#8211; Barcelona, 31.05.2014<\/a><br><a href=\"https:\/\/www.pretty-paracetamol.de\/blog\/primavera-sound-festival-barcelona-30-05-2014\/\">Primavera Sound Festival &#8211; Barcelona, 30.05.2014<\/a><br><a href=\"https:\/\/www.pretty-paracetamol.de\/blog\/primavera-sound-festival-barcelona-29-05-2014\/\">Primavera Sound Festival &#8211; Barcelona, 29.05.2014<\/a><br><a href=\"https:\/\/www.pretty-paracetamol.de\/blog\/primavera-sound-festival-barcelona-28-05-2014\/\">Primavera Sound Festival &#8211; Barcelona, 28.05.2014<\/a><br><a href=\"https:\/\/www.pretty-paracetamol.de\/blog\/primavera-sound-festival-barcelona-25-05-2013\/\">Primavera Sound Festival &#8211; Barcelona, 25.05.2013<\/a><br><a href=\"https:\/\/www.pretty-paracetamol.de\/blog\/primavera-sound-festival-barcelona-24-05-2013\/\">Primavera Sound Festival &#8211; Barcelona, 24.05.2013<\/a><br><a href=\"https:\/\/www.pretty-paracetamol.de\/blog\/primavera-sound-festival-barcelona-23-05-2013\/\">Primavera Sound Festival &#8211; Barcelona, 23.05.2013<\/a><br><a href=\"https:\/\/www.pretty-paracetamol.de\/blog\/primavera-sound-festival-barcelona-01-06-2012\/\">Primavera Sound Festival &#8211; Barcelona, 01.06.2012<\/a><br><a href=\"https:\/\/www.pretty-paracetamol.de\/blog\/primavera-sound-festival-barcelona-31-05-2012\/\">Primavera Sound Festival &#8211; Barcelona, 31.05.2012<\/a><br><a href=\"https:\/\/www.pretty-paracetamol.de\/blog\/primavera-sound-festival-barcelona-31-05-2012\/\">Primavera Sound Festival &#8211; Barcelona, 31.05.2012<\/a><br><a href=\"https:\/\/www.pretty-paracetamol.de\/blog\/primavera-sound-barcelona-28-05-2011\/\">Primavera Sound &#8211; Barcelona, 28.05.2011<\/a><br><a href=\"https:\/\/www.pretty-paracetamol.de\/blog\/primavera-sound-barcelona-27-05-2011\/\">Primavera Sound &#8211; Barcelona, 27.05.2011<\/a><br><a href=\"https:\/\/www.pretty-paracetamol.de\/blog\/primavera-sound-barcelona-26-05-2011\/\">Primavera Sound &#8211; Barcelona, 26.05.2011<\/a><br><a href=\"https:\/\/www.pretty-paracetamol.de\/blog\/the-charlatans-primavera-29-05-2010\/\">The Charlatans &#8211; Primavera, 29.05.2010<\/a><br><a href=\"https:\/\/www.pretty-paracetamol.de\/blog\/a-sunny-day-in-glasgow-condo-fucks-primavera-28-05-2010\/\">A sunny day in Glasgow, Condo Fucks &#8211; Primavera, 28.05.2010<\/a><br><a href=\"https:\/\/www.pretty-paracetamol.de\/blog\/pavement-the-xx-primavera-27-05-2010\/\">Pavement, The xx &#8211; Primavera, 27.05.2010<\/a><\/p>\n","protected":false},"excerpt":{"rendered":"<p>Yo la tengo play covers. Ich erz\u00e4hlte ja schon einmal, dass im Rahmen des Primavera Sound Festivals auch das sogenannte Primavera a la Ciutat stattfindet. In den Tagen vor und nach dem eigentlichen Festival am Parc del F\u00f2rum finden noch ein paar Konzerte in Musikclubs statt.<\/p>\n","protected":false},"author":2,"featured_media":20198,"comment_status":"open","ping_status":"open","sticky":false,"template":"","format":"standard","meta":{"_seopress_robots_primary_cat":"none","_seopress_titles_title":"pretty-paracetamol in concert: %%post_title%%","_seopress_titles_desc":"Yo la tengo play covers.","_seopress_robots_index":"","ocean_post_layout":"","ocean_both_sidebars_style":"","ocean_both_sidebars_content_width":0,"ocean_both_sidebars_sidebars_width":0,"ocean_sidebar":"","ocean_second_sidebar":"","ocean_disable_margins":"enable","ocean_add_body_class":"","ocean_shortcode_before_top_bar":"","ocean_shortcode_after_top_bar":"","ocean_shortcode_before_header":"","ocean_shortcode_after_header":"","ocean_has_shortcode":"","ocean_shortcode_after_title":"","ocean_shortcode_before_footer_widgets":"","ocean_shortcode_after_footer_widgets":"","ocean_shortcode_before_footer_bottom":"","ocean_shortcode_after_footer_bottom":"","ocean_display_top_bar":"default","ocean_display_header":"default","ocean_header_style":"","ocean_center_header_left_menu":"","ocean_custom_header_template":"","ocean_custom_logo":0,"ocean_custom_retina_logo":0,"ocean_custom_logo_max_width":0,"ocean_custom_logo_tablet_max_width":0,"ocean_custom_logo_mobile_max_width":0,"ocean_custom_logo_max_height":0,"ocean_custom_logo_tablet_max_height":0,"ocean_custom_logo_mobile_max_height":0,"ocean_header_custom_menu":"","ocean_menu_typo_font_family":"","ocean_menu_typo_font_subset":"","ocean_menu_typo_font_size":0,"ocean_menu_typo_font_size_tablet":0,"ocean_menu_typo_font_size_mobile":0,"ocean_menu_typo_font_size_unit":"px","ocean_menu_typo_font_weight":"","ocean_menu_typo_font_weight_tablet":"","ocean_menu_typo_font_weight_mobile":"","ocean_menu_typo_transform":"","ocean_menu_typo_transform_tablet":"","ocean_menu_typo_transform_mobile":"","ocean_menu_typo_line_height":0,"ocean_menu_typo_line_height_tablet":0,"ocean_menu_typo_line_height_mobile":0,"ocean_menu_typo_line_height_unit":"","ocean_menu_typo_spacing":0,"ocean_menu_typo_spacing_tablet":0,"ocean_menu_typo_spacing_mobile":0,"ocean_menu_typo_spacing_unit":"","ocean_menu_link_color":"","ocean_menu_link_color_hover":"","ocean_menu_link_color_active":"","ocean_menu_link_background":"","ocean_menu_link_hover_background":"","ocean_menu_link_active_background":"","ocean_menu_social_links_bg":"","ocean_menu_social_hover_links_bg":"","ocean_menu_social_links_color":"","ocean_menu_social_hover_links_color":"","ocean_disable_title":"default","ocean_disable_heading":"default","ocean_post_title":"","ocean_post_subheading":"","ocean_post_title_style":"","ocean_post_title_background_color":"","ocean_post_title_background":0,"ocean_post_title_bg_image_position":"","ocean_post_title_bg_image_attachment":"","ocean_post_title_bg_image_repeat":"","ocean_post_title_bg_image_size":"","ocean_post_title_height":0,"ocean_post_title_bg_overlay":0.5,"ocean_post_title_bg_overlay_color":"","ocean_disable_breadcrumbs":"default","ocean_breadcrumbs_color":"","ocean_breadcrumbs_separator_color":"","ocean_breadcrumbs_links_color":"","ocean_breadcrumbs_links_hover_color":"","ocean_display_footer_widgets":"default","ocean_display_footer_bottom":"default","ocean_custom_footer_template":"","osh_disable_topbar_sticky":"default","osh_disable_header_sticky":"default","osh_sticky_header_style":"default","osh_sticky_header_effect":"","osh_custom_sticky_logo":0,"osh_custom_retina_sticky_logo":0,"osh_custom_sticky_logo_height":0,"osh_background_color":"","osh_links_color":"","osh_links_hover_color":"","osh_links_active_color":"","osh_links_bg_color":"","osh_links_hover_bg_color":"","osh_links_active_bg_color":"","osh_menu_social_links_color":"","osh_menu_social_hover_links_color":"","ocean_post_oembed":"","ocean_post_self_hosted_media":"","ocean_post_video_embed":"","ocean_link_format":"","ocean_link_format_target":"self","ocean_quote_format":"","ocean_quote_format_link":"post","ocean_gallery_link_images":"on","ocean_gallery_id":[],"footnotes":""},"categories":[1771,3],"tags":[1882,391,390,1048,1682,1911,967,1316,116],"class_list":["post-20195","post","type-post","status-publish","format-standard","has-post-thumbnail","hentry","category-festival","category-konzert","tag-1882","tag-barcelona","tag-festival","tag-konzert","tag-primavera-a-la-ciutat","tag-primavera-sound-festival-2024","tag-sala-apolo","tag-spanien","tag-yo-la-tengo","entry","has-media"],"views":2642,"_links":{"self":[{"href":"https:\/\/www.pretty-paracetamol.de\/blog\/wp-json\/wp\/v2\/posts\/20195","targetHints":{"allow":["GET"]}}],"collection":[{"href":"https:\/\/www.pretty-paracetamol.de\/blog\/wp-json\/wp\/v2\/posts"}],"about":[{"href":"https:\/\/www.pretty-paracetamol.de\/blog\/wp-json\/wp\/v2\/types\/post"}],"author":[{"embeddable":true,"href":"https:\/\/www.pretty-paracetamol.de\/blog\/wp-json\/wp\/v2\/users\/2"}],"replies":[{"embeddable":true,"href":"https:\/\/www.pretty-paracetamol.de\/blog\/wp-json\/wp\/v2\/comments?post=20195"}],"version-history":[{"count":1,"href":"https:\/\/www.pretty-paracetamol.de\/blog\/wp-json\/wp\/v2\/posts\/20195\/revisions"}],"predecessor-version":[{"id":20201,"href":"https:\/\/www.pretty-paracetamol.de\/blog\/wp-json\/wp\/v2\/posts\/20195\/revisions\/20201"}],"wp:featuredmedia":[{"embeddable":true,"href":"https:\/\/www.pretty-paracetamol.de\/blog\/wp-json\/wp\/v2\/media\/20198"}],"wp:attachment":[{"href":"https:\/\/www.pretty-paracetamol.de\/blog\/wp-json\/wp\/v2\/media?parent=20195"}],"wp:term":[{"taxonomy":"category","embeddable":true,"href":"https:\/\/www.pretty-paracetamol.de\/blog\/wp-json\/wp\/v2\/categories?post=20195"},{"taxonomy":"post_tag","embeddable":true,"href":"https:\/\/www.pretty-paracetamol.de\/blog\/wp-json\/wp\/v2\/tags?post=20195"}],"curies":[{"name":"wp","href":"https:\/\/api.w.org\/{rel}","templated":true}]}}