{"id":19402,"date":"2023-06-27T17:48:52","date_gmt":"2023-06-27T15:48:52","guid":{"rendered":"https:\/\/www.pretty-paracetamol.de\/blog\/?p=19402"},"modified":"2023-06-27T17:48:54","modified_gmt":"2023-06-27T15:48:54","slug":"primavera-sound-festival-barcelona-04-06-2023","status":"publish","type":"post","link":"https:\/\/www.pretty-paracetamol.de\/blog\/primavera-sound-festival-barcelona-04-06-2023\/","title":{"rendered":"Primavera Sound Festival \u2013 Barcelona, 04.06.2023"},"content":{"rendered":"\n<p><strong>Ort:<\/strong> Parc del F\u00f2rum Sala Apolo, Paral-lel 62, Barcelona<br><strong>Bands: <\/strong>Pet Shop Boys, Cloud Nothings<\/p>\n\n\n<div class=\"wp-block-image\">\n<figure class=\"aligncenter size-large\"><img fetchpriority=\"high\" decoding=\"async\" width=\"1080\" height=\"608\" src=\"https:\/\/www.pretty-paracetamol.de\/blog\/wp-content\/uploads\/2023\/06\/PXL_20230604_193150290-1080x608.jpg\" alt=\"Pet Shop Boys - Primavera Sound Festival Barcelona, 04.06.2023\" class=\"wp-image-19405\" srcset=\"https:\/\/www.pretty-paracetamol.de\/blog\/wp-content\/uploads\/2023\/06\/PXL_20230604_193150290-1080x608.jpg 1080w, https:\/\/www.pretty-paracetamol.de\/blog\/wp-content\/uploads\/2023\/06\/PXL_20230604_193150290-980x551.jpg 980w, https:\/\/www.pretty-paracetamol.de\/blog\/wp-content\/uploads\/2023\/06\/PXL_20230604_193150290-550x309.jpg 550w, https:\/\/www.pretty-paracetamol.de\/blog\/wp-content\/uploads\/2023\/06\/PXL_20230604_193150290-800x450.jpg 800w, https:\/\/www.pretty-paracetamol.de\/blog\/wp-content\/uploads\/2023\/06\/PXL_20230604_193150290.jpg 1200w\" sizes=\"(max-width: 1080px) 100vw, 1080px\" \/><\/figure><\/div>\n\n\n<p>Sonntag. Absackertag. <br>Seit einigen Jahren ist es eine gute Idee, auch noch den Sonntag in der Stadt zu verweilen. Man kann in Ruhe doch noch etwas besichtigen, zu dem man w\u00e4hrend der Festivaltage \u00fcberhaupt keine Zeit hatte, oder man kann nochmal hierhin oder dorthin gehen. Und abends kann man ein letztes Mal tolle oder besondere Konzerte erleben. Die st\u00e4dtischen Abschlusskonzerte des Primavera Sound haben sich seit einigen Jahren als echte H\u00f6hepunkte erwiesen. In diesem Jahr ist es nicht anders. Die<strong> Pet Shop Boys<\/strong> im relativ \u00fcberschaubar gro\u00dfen Sala Apolo sind schon famos. Die Weltstars noch einmal so klein zu sehen, die Chance kommt so schnell nicht wieder. Von daher stand es au\u00dfer Frage, nicht noch eine Nacht Katalonien dranzuh\u00e4ngen und Karten f\u00fcr dieses Konzert zu reservieren. Aufgrund des \u00fcberschaubaren Flugangebotes kamen wir auch fast gar nicht umhin, es nicht zu tun. Sp\u00e4ter im Jahr wurde ich f\u00fcr diese Entscheidung noch mit dem <strong>Cloud nothing<\/strong> Konzert auf der anderen Stra\u00dfenseite im Klub Paral-el 62 belohnt. Die \u2018laut und heftig\u2019 Konzertreihe (neben den <strong>Cloud nothings<\/strong> spielen noch die <strong>Gilla Band<\/strong>, <strong>Unwound <\/strong>und <strong>Joe <\/strong>irgendwas &#8211; deren Konzerte ich aber alle nicht sah) wurde erst kurz vor dem Primavera bekanntgegeben, kam mir aber sehr entgegen.\u00a0<\/p>\n\n\n\n<p>Im Fr\u00fchjahr waren die <strong>Cloud nothings<\/strong> auf <em>Attack on memory<\/em> Jubil\u00e4umstour. Das Album feierte im letzten Jahr seinen 10. Geburtstag und die Band spielte unter anderem an Pfingsten ein Konzert in Br\u00fcssel. Es war die n\u00e4chste M\u00f6glichkeit, eines der Geburtstagskonzerte zu besuchen. Ich hatte ein Ticket, merkte aber erst sp\u00e4ter, dass mir der Termin nicht so richtig passt. Gott sei Dank kam dann irgendwann die Primavera Ank\u00fcndigung. Ich verkaufte das Br\u00fcsselticket, was schnell ging, und freute mich, dass es trotzdem noch mit einem <em>Attack on memory<\/em> Konzert klappt. <\/p>\n\n\n\n<p>Unser musikalischer Primavera Sound 2023 Kreis schlie\u00dft sich nicht nahtlos. Er l\u00e4uft quasi etwas \u00fcber, denn die <strong>Pet Shop Boys<\/strong> Auftritte am Mittwoch und am Sonntag bilden nicht ganz Anfang und Ende unseres Konzerturlaubs. Das <strong>Cloud nothings<\/strong> Konzert startet eine Stunde sp\u00e4ter, und die Amerikaner sind damit die letzte Band, die ich in Barcelona 2023 sehe. <br>21 Konzert sah ich auf dem Primavera Sound 2023. Eine gute Ausbeute, wie ich finde. Ich sah viele neue, interessante Bands und ich sah einige Musiker*innen, die ich lange nicht gesehen habe. Durch die Bank waren alle Konzerte im Parc del Forum und im Auditori gro\u00dfartig. Kein Konzert hat mich ge\u00e4rgert. Auch waren dieses Jahr die Rahmenbedingungen wieder so, wie ich sie von fr\u00fcheren Primaveras kannte. Voll, aber nicht zu voll, angenehmes Publikum, kein genervt sein durch irgendwas. Auch die Sachen mit den extra Registrierungen f\u00fcr den Mittwoch und die Klubkonzerte machten Sinn, erf\u00fcllten ihren Zweck (Besuchermanagement) und funktionierten technisch einwandfrei. Auch das war schon einmal anders. <br>In Summe waren es sch\u00f6ne und unterhaltsame Tage. Wenn das Primavera Sound 2023 der neue Primavera Standard wird, bin ich gerne 2024 wieder hier. (Mhh, der Satz macht so keinen Sinn. Es muss vielmehr hei\u00dfen: Um zu pr\u00fcfen, ob das der neue Primavera Standard sein wird, bin ich 2024 wieder vor Ort.)<\/p>\n\n\n\n<figure class=\"wp-block-embed aligncenter is-type-video is-provider-youtube wp-block-embed-youtube wp-embed-aspect-16-9 wp-has-aspect-ratio\"><div class=\"wp-block-embed__wrapper\">\n<p class=\"responsive-video-wrap clr\"><iframe title=\"Live: Pet Shop Boys - Suburbia\" width=\"1200\" height=\"675\" src=\"https:\/\/www.youtube.com\/embed\/0i3TSLMJt-Q?feature=oembed\" frameborder=\"0\" allow=\"accelerometer; autoplay; clipboard-write; encrypted-media; gyroscope; picture-in-picture; web-share\" allowfullscreen><\/iframe><\/p>\n<\/div><\/figure>\n\n\n\n<p>Und jetzt noch einmal die <strong>Pet Shop Boys<\/strong>. \u2018From Parc del Forums to Paral-lel Station\u2019 k\u00f6nnte ich sagen, denn der Sala Apolo, wo die <strong>Pet Shop Boys<\/strong> an diesem Abend ein kleines Clubkonzert spielen, liegt an der Metrostation Paral-lel. Ich war schon \u00f6fter in diesem Laden, <strong>Interpol <\/strong>und <strong>The sea and cake<\/strong> spielten hier vor einiger Zeit, im letzten Jahr sah ich hier unter anderem <strong>Cate le Bon<\/strong>.<\/p>\n\n\n\n<p>Als wir am Sala Apolo eintreffen, stehen schon einige Leute vor den &#8211; noch &#8211; verschlossenen T\u00fcren. In einer halben Stunde \u00f6ffnet der Laden, in einer Stunde spielen die <strong>Pet Shop Boys<\/strong>. Wer nur 15 Minuten spaeter als wir vor Ort ist, muss sich direkt 200 Meter weiter hinten einsortieren. Wir hatten Gl\u00fcck, und noch so gerade einen guten Moment abgepasst. Die Einlassprozedur zieht sich dann ein bisschen. Nur Gr\u00fcppchenweise werden Besucher ins Sala Apolo gelassen. Drinnen sind dann Taschen- und Ticketkontrolle.<\/p>\n\n\n\n<p>Eine halbe Stunde sp\u00e4ter stehen wir auf der Galerie, die in kleine Separees unterteilt ist, direkt \u00fcber der ersten Reihe. Beste Sicht auf die B\u00fchne. Nach und nach f\u00fcllt sich der Saal, und unser abgetrennter Bereich ist auch alsbald voll. Aber es steht sich gut hier oben. Wir k\u00f6nnten <strong>Neil Tennant<\/strong> auf den Kopf spucken, machen wir nat\u00fcrlich nicht. Die <strong>Pet Shop Boys<\/strong> treten mit einer weiteren Keyboarderin und einem Schlagzeuger auf. Mehr ben\u00f6tigen <strong>Neil Tennant<\/strong> und <strong>Rob Lowe<\/strong> an diesem Abend nicht. Die Showelemente bestehen dadurch, dass Neil Tennant von links nach rechts \u00fcber die B\u00fchne tapert; Videoeinspielungen, ein spektakul\u00e4res B\u00fchnenbild oder sonstigen Schnickschnack gibt es nicht.<\/p>\n\n\n<div class=\"wp-block-image\">\n<figure class=\"aligncenter size-full\"><img decoding=\"async\" width=\"700\" height=\"582\" src=\"https:\/\/www.pretty-paracetamol.de\/blog\/wp-content\/uploads\/2023\/06\/PXL_20230604_192157601.jpg\" alt=\"Neil Tennant - Primavera Sound Festival 2023\" class=\"wp-image-19408\" srcset=\"https:\/\/www.pretty-paracetamol.de\/blog\/wp-content\/uploads\/2023\/06\/PXL_20230604_192157601.jpg 700w, https:\/\/www.pretty-paracetamol.de\/blog\/wp-content\/uploads\/2023\/06\/PXL_20230604_192157601-550x457.jpg 550w\" sizes=\"(max-width: 700px) 100vw, 700px\" \/><\/figure><\/div>\n\n\n<p>Das ist der gro\u00dfe und erwartbare Unterschied zum mittw\u00f6chlichen Konzert im Parc del Forum. Die Setlist ist weitestgehend gleich. Einzige \u00c4nderung: anstelle von \u201eGo west\u201d spielt <strong>Neil Tennant<\/strong> \u201eYou only tell me you love me when you&#8217;re drunk\u201c solo auf der Akustikgitarre. eindeutig der bessere Song! <br>Die Musiker*innen haben sichtlich Spa\u00df an diesem kleinen Clubgig. Die Stimmung ist unschlagbar. Jetzt sind nur Fans hier, keine Gelegenheitsbesucher wie noch am Mittwoch. das sp\u00fcrt man bis hier oben. Alle singen immer mit. Immer! Es ist der Wahnsinn. Man mag ja \u00fcber Mitklatschkonzerte denken was man will, aber die Stimmung hier ist so grandios gut, dass es mir sehr schwerf\u00e4llt, r\u00fcber zu den <strong>Cloud nothings<\/strong> zu wechseln. Die sind mir aber auch wichtig, und so gehe ich kurz vor elf die Stufen nach unten, immer ein Ohr an der B\u00fchne. Zum Schluss noch ein kurzer Blick von ganz hinten in den Saal, dann r\u00fcber ins Paral-lel 62.<\/p>\n\n\n\n<p>Kontrastprogramm. <br>Irgendwie symbolisch f\u00fcr das Primavera Sound Festival, das in den Intervallen zwischen Pop und Punkrock sowie Hip-Hop und Elektro alles zusammenbringt. Nach dem Pop der <strong>Pet Shop Boys<\/strong> nun also Indierock. Die Rockband <strong>Cloud nothings<\/strong> galten Ende der 2000er Jahre kurzzeitig als die neuen <strong>Nirvana<\/strong>. Ihr Sound kam der alten Grungeband verd\u00e4chtig nahe. Roh, laut und auch ein bisschen wild waren ihre Konzerte. <em>Attack on memory<\/em> war 2012 das Album, mit dem die Band bekannter wurde. Ein 30-min\u00fctiger Knaller aller h\u00f6chster G\u00fcte. \u201eStay useless\u201c, \u201eOur plans\u201c, ich muss nicht mehr sagen, oder?! Falls ja, erg\u00e4nze ich um \u201eFall in\u201c, \u201eWasted days\u201c und \u201eNo future\/No past\u201c. <\/p>\n\n\n<div class=\"wp-block-image\">\n<figure class=\"aligncenter size-large\"><img decoding=\"async\" width=\"1080\" height=\"608\" src=\"https:\/\/www.pretty-paracetamol.de\/blog\/wp-content\/uploads\/2023\/06\/PXL_20230604_200646714-1080x608.jpg\" alt=\"Cloud Nothings - Primavera Sound Festival 2023, Barcelona\" class=\"wp-image-19406\" srcset=\"https:\/\/www.pretty-paracetamol.de\/blog\/wp-content\/uploads\/2023\/06\/PXL_20230604_200646714-1080x608.jpg 1080w, https:\/\/www.pretty-paracetamol.de\/blog\/wp-content\/uploads\/2023\/06\/PXL_20230604_200646714-980x551.jpg 980w, https:\/\/www.pretty-paracetamol.de\/blog\/wp-content\/uploads\/2023\/06\/PXL_20230604_200646714-550x309.jpg 550w, https:\/\/www.pretty-paracetamol.de\/blog\/wp-content\/uploads\/2023\/06\/PXL_20230604_200646714-800x450.jpg 800w, https:\/\/www.pretty-paracetamol.de\/blog\/wp-content\/uploads\/2023\/06\/PXL_20230604_200646714.jpg 1200w\" sizes=\"(max-width: 1080px) 100vw, 1080px\" \/><\/figure><\/div>\n\n\n<p>Ich bin das erste Mal vor Ort und schwer beeindruckt. Warum gibt es bei uns nicht solche Konzerts\u00e4le? Der Saal ist etwas kleiner als das Apolo, verf\u00fcgt aber \u00fcber zwei Galerien. In der ersten Etage kann man hinter einer Glasbr\u00fcstung auf St\u00fchlen sitzend die Konzerte verfolgen, die zweite Galerie bietet hinten heraus \u00fcberdies Sitzreihen. Wirklich top, wirklich gut durchdacht und architektonisch sch\u00f6n. Hier macht es sicherlich Spa\u00df, Konzerte zu gucken. Anders als im Sala Apolo, in dem an diesem Abend nur die <strong>Pet Shop Boys<\/strong> auftreten, spielen im Paral-lel mehrere Bands. Da es am n\u00e4chsten Morgen allerdings fr\u00fch Richtung Flughafen geht, verkneife ich mir die Konzerte der <strong>Gilla Band<\/strong> und von <strong>Unwound<\/strong>. Schade, <strong>Unwound <\/strong>hatte ich auch schon auf dem Festivalgel\u00e4nde verpasst. Aber ihr Slot um 1 Uhr nachts ist mir definitiv zu sp\u00e4t. Auf einen Nachtbus zum Place de la Catalunya und einen Fussweg zum Hotel habe ich definitiv keine Lust. Daf\u00fcr bin ich nun wirklich zu alt.<\/p>\n\n\n\n<p>Aber die <strong>Cloud nothings<\/strong> wollte ich mir nicht entgehen lassen. Zu meiner \u00dcberraschung spielen sie an diesem Abend <em>Attack on memory<\/em> nicht in G\u00e4nze. Drei Songs fehlen zum Albumkonzert. Einige Tage zuvor hielten sie sich noch an ihr Tourkotto und spielten die Songs von <em>Attack on memory<\/em> gar in Reihenfolge.<\/p>\n\n\n\n<p>Na egal, mein einziger Wermutstropfen, \u201eNo future\/No past\u201c h\u00e4tte ich schon gerne geh\u00f6rt. Mit \u201eNow here in\u201c und \u201eModern act\u201c starten sie etwas Indierockpoppiger. Aber genauso sch\u00f6n. <br>Es ist ein gutes und das erhofft tolle Konzert. Die <strong>Cloud nothings<\/strong> liefern bravour\u00f6s. Nach dem ganzen Pop und den eher getragenen Indierocksachen, ist das mein erstes und einziges &#8218;w\u00fcstes Indierock Gitarrenkonzert\u2019 beim diesj\u00e4hrigen Primavera. Stagediving inklusive. Ja, es geht mitunter wild zu. Und laut. <strong>Jayson Gerycz<\/strong> drischt auf das Schlagzeug, als g\u00e4be es keinen Morgen mehr. Die Techniker haben M\u00fche, es nach jedem Song immer und immer wieder neu zu fixieren. Dazu dreschen <strong>Dylan Baldi<\/strong> und <strong>Chris Brown<\/strong> &#8211; seit einem Jahr der neue Bassist der Band &#8211; wie irre auf die Gitarrensaiten. Wie gesagt, das Konzert ist grossartigst. Auch hier ist die Stimmung gut, wenn auch anders gut. Mitgeklatscht und mitgesungen wird nicht. Das w\u00fcrde auch keinen Sinn machen. Zum einen schreit <strong>Dylan Baldi<\/strong> mehr in sein Mikrofon, als dass er singt, und zum anderen: wohin mit dem Bierbecher. Der braucht eine Hand. Und Bier geht gut im Paral-lel.<\/p>\n\n\n\n<p>Nach einer Stunde sitzen wir wieder in der Metro. Das war es nun mit dem Primavera Sound Festival 2024. Doch nach dem Primavera ist vor dem Primavera. Die Ank\u00fcndigungen des Primavera Weekenders lassen uns nicht los. Der war doch letztes Jahr so toll, mit all inclusive Unterkunft im Magic Robin Hood Ressort und einfacher Anreise. Und dieses Jahr ist die Bandauswahl noch eine Spur interessanter&#8230;<\/p>\n\n\n\n<p><strong>Setlist Cloud nothings:<\/strong><br>01: Now hear in<br>02: Modern Act<br>03: Stay useless<br>04: Fall in<br>05: Psychic trauma<br>06: No sentiment<br>07: A longer moon<br>08: Separation<br>09: Enter entirely<br>10: Cut you<br>11: Can&#8217;t stay awake<br>12: Only light<br>13: I&#8217;m not part of me<br>14: Wasted days<\/p>\n\n\n\n<figure class=\"wp-block-embed aligncenter is-type-video is-provider-youtube wp-block-embed-youtube wp-embed-aspect-16-9 wp-has-aspect-ratio\"><div class=\"wp-block-embed__wrapper\">\n<p class=\"responsive-video-wrap clr\"><iframe title=\"Cloud nothings - A longer moon - live @ Primavera Sound 2023 - Barcelona\" width=\"1200\" height=\"675\" src=\"https:\/\/www.youtube.com\/embed\/DUwoVGo26VU?feature=oembed\" frameborder=\"0\" allow=\"accelerometer; autoplay; clipboard-write; encrypted-media; gyroscope; picture-in-picture; web-share\" allowfullscreen><\/iframe><\/p>\n<\/div><\/figure>\n\n\n\n<p><strong>Kontextkonzerte:<\/strong><br><a href=\"https:\/\/www.pretty-paracetamol.de\/blog\/cloud-nothings-koeln-04-12-2017\/\">Cloud nothings \u2013 K\u00f6ln, 04.12.2017 \/ Geb\u00e4ude 9<\/a><br><a rel=\"noreferrer noopener\" href=\"https:\/\/www.pretty-paracetamol.de\/blog\/primavera-sound-festival-barcelona-31-05-2014\/\" target=\"_blank\">Cloud nothings \u2013 Primavera Sound Festival Barcelona, 31.05.2014<\/a><br><a rel=\"noreferrer noopener\" href=\"https:\/\/www.pretty-paracetamol.de\/blog\/cloud-nothings-dortmund-04-05-2012\/\" target=\"_blank\">Cloud nothings \u2013 Dortmund, 04.05.2012 \/ FZW<\/a><br><a href=\"https:\/\/www.pretty-paracetamol.de\/blog\/primavera-sound-festival-barcelona-03-06-2023\/\">Primavera Sound Festival \u2013 Barcelona, 03.06.2023<\/a><br><a href=\"https:\/\/www.pretty-paracetamol.de\/blog\/primavera-sound-festival-barcelona-02-06-2023\/\">Primavera Sound Festival \u2013 Barcelona, 02.06.2023<\/a><br><a href=\"https:\/\/www.pretty-paracetamol.de\/blog\/primavera-sound-festival-barcelona-01-06-2023\/\">Primavera Sound Festival \u2013 Barcelona, 01.06.2023<\/a><br><a href=\"https:\/\/www.pretty-paracetamol.de\/blog\/primavera-sound-festival-barcelona-31-05-2023\">Primavera Sound Festival \u2013 Barcelona, 31.05.2023<\/a><br><a href=\"https:\/\/www.pretty-paracetamol.de\/blog\/meine-ersten-10-jahre-primavera-sound-festival\/\">Meine ersten 10 Jahre Primavera Sound Festival<\/a><br><a href=\"https:\/\/www.pretty-paracetamol.de\/blog\/primavera-sound-festival-barcelona-11-06-2022\/\">Primavera Sound Festival \u2013 Barcelona, 11.06.2022<\/a><br><a href=\"https:\/\/www.pretty-paracetamol.de\/blog\/primavera-sound-festival-barcelona-10-06-2022\/\">Primavera Sound Festival \u2013 Barcelona, 10.06.2022<\/a><br><a href=\"https:\/\/www.pretty-paracetamol.de\/blog\/primavera-sound-festival-barcelona-09-06-2022\/\">Primavera Sound Festival \u2013 Barcelona, 09.06.2022<\/a><br><a href=\"https:\/\/www.pretty-paracetamol.de\/blog\/primavera-a-la-ciutat-barcelona-05-06-bis-08-06-2022\/\">Primavera a la Ciutat \u2013 Barcelona, 05.06. bis 08.06.2022<\/a><br><a href=\"https:\/\/www.pretty-paracetamol.de\/blog\/primavera-sound-festival-barcelona-04-06-2022\/\">Primavera Sound Festival \u2013 Barcelona, 04.06.2022<\/a><br><a href=\"https:\/\/www.pretty-paracetamol.de\/blog\/primavera-sound-festival-barcelona-03-06-2022\/\">Primavera Sound Festival \u2013 Barcelona, 03.06.2022<\/a><br><a href=\"https:\/\/www.pretty-paracetamol.de\/blog\/primavera-sound-festival-barcelona-02-06-2022\/\">Primavera Sound Festival \u2013 Barcelona, 02.06.2022<\/a><br><a href=\"https:\/\/www.pretty-paracetamol.de\/blog\/primavera-sound-festival-barcelona-01-06-2019\/\">Primavera Sound Festival \u2013 Barcelona, 01.06.2019<\/a><br><a href=\"https:\/\/www.pretty-paracetamol.de\/blog\/primavera-sound-festival-barcelona-30-05-2019\/\">Primavera Sound Festival \u2013 Barcelona, 31.05.2019<\/a><br><a href=\"https:\/\/www.pretty-paracetamol.de\/blog\/primavera-sound-festival-barcelona-30-05-2019\/\">Primavera Sound Festival \u2013 Barcelona, 30.05.2019<\/a><br><a href=\"https:\/\/www.pretty-paracetamol.de\/blog\/primavera-sound-festival-barcelona-29-05-2019\/\">Primavera Sound Festival \u2013 Barcelona, 29.05.2019<\/a><br><a href=\"https:\/\/www.pretty-paracetamol.de\/blog\/primavera-sound-festival-barcelona-29052018\/\">Primavera Sound Festival \u2013 Barcelona, 29.05. \u2013 02.06.2018<\/a><br><a href=\"https:\/\/www.pretty-paracetamol.de\/blog\/primavera-sound-festival-2017\/\">Primavera Sound Festival 2017<\/a><br><a href=\"https:\/\/www.pretty-paracetamol.de\/blog\/primavera-sound-festival-barcelona-04-06-2017\/\">Primavera Sound Festival \u2013 Barcelona, 04.06.2017<\/a><br><a href=\"https:\/\/www.pretty-paracetamol.de\/blog\/primavera-sound-festival-barcelona-03-06-2017\/\">Primavera Sound Festival \u2013 Barcelona, 03.06.2017<\/a><br><a href=\"https:\/\/www.pretty-paracetamol.de\/blog\/primavera-sound-festival-barcelona-01-06-2017\/\">Primavera Sound Festival \u2013 Barcelona, 01.06.2017<\/a><br><a href=\"https:\/\/www.pretty-paracetamol.de\/blog\/primavera-sound-festival-barcelona-31-05-2017\/\">Primavera Sound Festival \u2013 Barcelona, 31.05.2017<\/a><br><a href=\"https:\/\/www.pretty-paracetamol.de\/blog\/primavera-sound-festival-barcelona\/\">Primavera Sound Festival Barcelona<\/a><br><a href=\"https:\/\/www.pretty-paracetamol.de\/blog\/primavera-sound-festival-barcelona-04-06-2016\/\">Primavera Sound Festival \u2013 Barcelona, 04.06.2016<\/a><br><a href=\"https:\/\/www.pretty-paracetamol.de\/blog\/primavera-sound-festival-barcelona-03-06-2016\/\">Primavera Sound Festival \u2013 Barcelona, 03.06.2016<\/a><br><a href=\"https:\/\/www.pretty-paracetamol.de\/blog\/primavera-sound-festival-barcelona-02-06-2016\/\">Primavera Sound Festival \u2013 Barcelona, 02.06.2016<\/a><br><a href=\"https:\/\/www.pretty-paracetamol.de\/blog\/primavera-sound-festival-barcelona-01-06-2016\/\">Primavera Sound Festival \u2013 Barcelona, 01.06.2016<\/a><br><a href=\"https:\/\/www.pretty-paracetamol.de\/blog\/primavera-sound-festival-barcelona-30-05-2015\/\">Primavera Sound Festival \u2013 Barcelona, 30.05.2015<\/a><br><a href=\"https:\/\/www.pretty-paracetamol.de\/blog\/primavera-sound-festival-barcelona-29-05-2015\/\">Primavera Sound Festival \u2013 Barcelona, 29.05.2015<\/a><br><a href=\"https:\/\/www.pretty-paracetamol.de\/blog\/primavera-sound-festival-barcelona-28-05-2015\/\">Primavera Sound Festival \u2013 Barcelona, 28.05.2015<\/a><br><a href=\"https:\/\/www.pretty-paracetamol.de\/blog\/primavera-sound-festival-barcelona-27-05-2015\/\">Primavera Sound Festival \u2013 Barcelona, 27.05.2015<\/a><br><a href=\"https:\/\/www.pretty-paracetamol.de\/blog\/primavera-sound-festival-barcelona-31-05-2014\/\">Primavera Sound Festival \u2013 Barcelona, 31.05.2014<\/a><br><a href=\"https:\/\/www.pretty-paracetamol.de\/blog\/primavera-sound-festival-barcelona-30-05-2014\/\">Primavera Sound Festival \u2013 Barcelona, 30.05.2014<\/a><br><a href=\"https:\/\/www.pretty-paracetamol.de\/blog\/primavera-sound-festival-barcelona-29-05-2014\/\">Primavera Sound Festival \u2013 Barcelona, 29.05.2014<\/a><br><a href=\"https:\/\/www.pretty-paracetamol.de\/blog\/primavera-sound-festival-barcelona-28-05-2014\/\">Primavera Sound Festival \u2013 Barcelona, 28.05.2014<\/a><br><a href=\"https:\/\/www.pretty-paracetamol.de\/blog\/primavera-sound-festival-barcelona-25-05-2013\/\">Primavera Sound Festival \u2013 Barcelona, 25.05.2013<\/a><br><a href=\"https:\/\/www.pretty-paracetamol.de\/blog\/primavera-sound-festival-barcelona-24-05-2013\/\">Primavera Sound Festival \u2013 Barcelona, 24.05.2013<\/a><br><a href=\"https:\/\/www.pretty-paracetamol.de\/blog\/primavera-sound-festival-barcelona-23-05-2013\/\">Primavera Sound Festival \u2013 Barcelona, 23.05.2013<\/a><br><a href=\"https:\/\/www.pretty-paracetamol.de\/blog\/primavera-sound-festival-barcelona-01-06-2012\/\">Primavera Sound Festival \u2013 Barcelona, 01.06.2012<\/a><br><a href=\"https:\/\/www.pretty-paracetamol.de\/blog\/primavera-sound-festival-barcelona-31-05-2012\/\">Primavera Sound Festival \u2013 Barcelona, 31.05.2012<\/a><br><a href=\"https:\/\/www.pretty-paracetamol.de\/blog\/primavera-sound-festival-barcelona-31-05-2012\/\">Primavera Sound Festival \u2013 Barcelona, 31.05.2012<\/a><br><a href=\"https:\/\/www.pretty-paracetamol.de\/blog\/primavera-sound-barcelona-28-05-2011\/\">Primavera Sound \u2013 Barcelona, 28.05.2011<\/a><br><a href=\"https:\/\/www.pretty-paracetamol.de\/blog\/primavera-sound-barcelona-27-05-2011\/\">Primavera Sound \u2013 Barcelona, 27.05.2011<\/a><br><a href=\"https:\/\/www.pretty-paracetamol.de\/blog\/primavera-sound-barcelona-26-05-2011\/\">Primavera Sound \u2013 Barcelona, 26.05.2011<\/a><br><a href=\"https:\/\/www.pretty-paracetamol.de\/blog\/the-charlatans-primavera-29-05-2010\/\">The Charlatans \u2013 Primavera, 29.05.2010<\/a><br><a href=\"https:\/\/www.pretty-paracetamol.de\/blog\/a-sunny-day-in-glasgow-condo-fucks-primavera-28-05-2010\/\">A sunny day in Glasgow, Condo Fucks \u2013 Primavera, 28.05.2010<\/a><br><a href=\"https:\/\/www.pretty-paracetamol.de\/blog\/pavement-the-xx-primavera-27-05-2010\/\">Pavement, The xx \u2013 Primavera, 27.05.2010<\/a><br><\/p>\n","protected":false},"excerpt":{"rendered":"<p>Sonntag. Absackertag. Seit einigen Jahren ist es eine gute Idee, auch noch den Sonntag in der Stadt zu verweilen. Man kann in Ruhe doch noch etwas besichtigen, zu dem man w\u00e4hrend der Festivaltage \u00fcberhaupt keine Zeit hatte, oder man kann nochmal hierhin oder dorthin gehen. Und abends kann man ein letztes Mal tolle oder besondere Konzerte erleben. Die st\u00e4dtischen Abschlusskonzerte des Primavera Sound haben sich seit einigen Jahren als echte H\u00f6hepunkte erwiesen. In diesem Jahr ist es nicht anders.<\/p>\n","protected":false},"author":2,"featured_media":19407,"comment_status":"open","ping_status":"open","sticky":false,"template":"","format":"standard","meta":{"_seopress_robots_primary_cat":"none","_seopress_titles_title":"pretty-paracetamol in concert: %%post_title%%","_seopress_titles_desc":"Sonntag. Absackertag. Seit einigen Jahren ist es eine gute Idee, auch noch den Sonntag in der Stadt zu verweilen. Man kann in Ruhe doch noch etwas besichtigen, zu dem man w\u00e4hrend der Festivaltage \u00fcberhaupt keine Zeit hatte, oder man kann nochmal hierhin oder dorthin gehen. Und abends kann man ein letztes Mal tolle oder besondere Konzerte erleben. Die st\u00e4dtischen Abschlusskonzerte des Primavera Sound haben sich seit einigen Jahren als echte H\u00f6hepunkte erwiesen. In diesem Jahr ist es nicht anders.","_seopress_robots_index":"","ocean_post_layout":"","ocean_both_sidebars_style":"","ocean_both_sidebars_content_width":0,"ocean_both_sidebars_sidebars_width":0,"ocean_sidebar":"0","ocean_second_sidebar":"0","ocean_disable_margins":"enable","ocean_add_body_class":"","ocean_shortcode_before_top_bar":"","ocean_shortcode_after_top_bar":"","ocean_shortcode_before_header":"","ocean_shortcode_after_header":"","ocean_has_shortcode":"","ocean_shortcode_after_title":"","ocean_shortcode_before_footer_widgets":"","ocean_shortcode_after_footer_widgets":"","ocean_shortcode_before_footer_bottom":"","ocean_shortcode_after_footer_bottom":"","ocean_display_top_bar":"default","ocean_display_header":"default","ocean_header_style":"","ocean_center_header_left_menu":"0","ocean_custom_header_template":"0","ocean_custom_logo":0,"ocean_custom_retina_logo":0,"ocean_custom_logo_max_width":0,"ocean_custom_logo_tablet_max_width":0,"ocean_custom_logo_mobile_max_width":0,"ocean_custom_logo_max_height":0,"ocean_custom_logo_tablet_max_height":0,"ocean_custom_logo_mobile_max_height":0,"ocean_header_custom_menu":"0","ocean_menu_typo_font_family":"0","ocean_menu_typo_font_subset":"","ocean_menu_typo_font_size":0,"ocean_menu_typo_font_size_tablet":0,"ocean_menu_typo_font_size_mobile":0,"ocean_menu_typo_font_size_unit":"px","ocean_menu_typo_font_weight":"","ocean_menu_typo_font_weight_tablet":"","ocean_menu_typo_font_weight_mobile":"","ocean_menu_typo_transform":"","ocean_menu_typo_transform_tablet":"","ocean_menu_typo_transform_mobile":"","ocean_menu_typo_line_height":0,"ocean_menu_typo_line_height_tablet":0,"ocean_menu_typo_line_height_mobile":0,"ocean_menu_typo_line_height_unit":"","ocean_menu_typo_spacing":0,"ocean_menu_typo_spacing_tablet":0,"ocean_menu_typo_spacing_mobile":0,"ocean_menu_typo_spacing_unit":"","ocean_menu_link_color":"","ocean_menu_link_color_hover":"","ocean_menu_link_color_active":"","ocean_menu_link_background":"","ocean_menu_link_hover_background":"","ocean_menu_link_active_background":"","ocean_menu_social_links_bg":"","ocean_menu_social_hover_links_bg":"","ocean_menu_social_links_color":"","ocean_menu_social_hover_links_color":"","ocean_disable_title":"default","ocean_disable_heading":"default","ocean_post_title":"","ocean_post_subheading":"","ocean_post_title_style":"","ocean_post_title_background_color":"","ocean_post_title_background":0,"ocean_post_title_bg_image_position":"","ocean_post_title_bg_image_attachment":"","ocean_post_title_bg_image_repeat":"","ocean_post_title_bg_image_size":"","ocean_post_title_height":0,"ocean_post_title_bg_overlay":0.5,"ocean_post_title_bg_overlay_color":"","ocean_disable_breadcrumbs":"default","ocean_breadcrumbs_color":"","ocean_breadcrumbs_separator_color":"","ocean_breadcrumbs_links_color":"","ocean_breadcrumbs_links_hover_color":"","ocean_display_footer_widgets":"default","ocean_display_footer_bottom":"default","ocean_custom_footer_template":"0","osh_disable_topbar_sticky":"default","osh_disable_header_sticky":"default","osh_sticky_header_style":"default","osh_sticky_header_effect":"","osh_custom_sticky_logo":0,"osh_custom_retina_sticky_logo":0,"osh_custom_sticky_logo_height":0,"osh_background_color":"","osh_links_color":"","osh_links_hover_color":"","osh_links_active_color":"","osh_links_bg_color":"","osh_links_hover_bg_color":"","osh_links_active_bg_color":"","osh_menu_social_links_color":"","osh_menu_social_hover_links_color":"","ocean_post_oembed":"","ocean_post_self_hosted_media":"","ocean_post_video_embed":"","ocean_link_format":"","ocean_link_format_target":"self","ocean_quote_format":"","ocean_quote_format_link":"post","ocean_gallery_link_images":"off","ocean_gallery_id":[],"footnotes":""},"categories":[1771,3],"tags":[1773,391,643,390,1048,1824,1811,1810,1153,967,1316],"class_list":["post-19402","post","type-post","status-publish","format-standard","has-post-thumbnail","hentry","category-festival","category-konzert","tag-1773","tag-barcelona","tag-cloud-nothings","tag-festival","tag-konzert","tag-paral-lel-62","tag-pet-shop-boys","tag-primavera-sound-2023","tag-primavera-sound-festival","tag-sala-apolo","tag-spanien","entry","has-media"],"views":2658,"_links":{"self":[{"href":"https:\/\/www.pretty-paracetamol.de\/blog\/wp-json\/wp\/v2\/posts\/19402","targetHints":{"allow":["GET"]}}],"collection":[{"href":"https:\/\/www.pretty-paracetamol.de\/blog\/wp-json\/wp\/v2\/posts"}],"about":[{"href":"https:\/\/www.pretty-paracetamol.de\/blog\/wp-json\/wp\/v2\/types\/post"}],"author":[{"embeddable":true,"href":"https:\/\/www.pretty-paracetamol.de\/blog\/wp-json\/wp\/v2\/users\/2"}],"replies":[{"embeddable":true,"href":"https:\/\/www.pretty-paracetamol.de\/blog\/wp-json\/wp\/v2\/comments?post=19402"}],"version-history":[{"count":1,"href":"https:\/\/www.pretty-paracetamol.de\/blog\/wp-json\/wp\/v2\/posts\/19402\/revisions"}],"predecessor-version":[{"id":19410,"href":"https:\/\/www.pretty-paracetamol.de\/blog\/wp-json\/wp\/v2\/posts\/19402\/revisions\/19410"}],"wp:featuredmedia":[{"embeddable":true,"href":"https:\/\/www.pretty-paracetamol.de\/blog\/wp-json\/wp\/v2\/media\/19407"}],"wp:attachment":[{"href":"https:\/\/www.pretty-paracetamol.de\/blog\/wp-json\/wp\/v2\/media?parent=19402"}],"wp:term":[{"taxonomy":"category","embeddable":true,"href":"https:\/\/www.pretty-paracetamol.de\/blog\/wp-json\/wp\/v2\/categories?post=19402"},{"taxonomy":"post_tag","embeddable":true,"href":"https:\/\/www.pretty-paracetamol.de\/blog\/wp-json\/wp\/v2\/tags?post=19402"}],"curies":[{"name":"wp","href":"https:\/\/api.w.org\/{rel}","templated":true}]}}