{"id":19334,"date":"2023-06-17T20:03:21","date_gmt":"2023-06-17T18:03:21","guid":{"rendered":"https:\/\/www.pretty-paracetamol.de\/blog\/?p=19334"},"modified":"2023-06-21T21:02:31","modified_gmt":"2023-06-21T19:02:31","slug":"primavera-sound-festival-barcelona-01-06-2023","status":"publish","type":"post","link":"https:\/\/www.pretty-paracetamol.de\/blog\/primavera-sound-festival-barcelona-01-06-2023\/","title":{"rendered":"Primavera Sound Festival \u2013 Barcelona, 01.06.2023"},"content":{"rendered":"\n<p><strong>Ort:<\/strong> Parc del F\u00f2rum, Barcelona<br><strong>Bands: <\/strong>Black Country, New Road, Come, Yard Act, Blondshell, New Order, Blur<\/p>\n\n\n<div class=\"wp-block-image\">\n<figure class=\"aligncenter size-large\"><img fetchpriority=\"high\" decoding=\"async\" width=\"1080\" height=\"608\" src=\"https:\/\/www.pretty-paracetamol.de\/blog\/wp-content\/uploads\/2023\/06\/P6011099-1080x608.jpg\" alt=\"Primavera Sound Festival \u2013 Barcelona, 31.05.2023\" class=\"wp-image-19338\" srcset=\"https:\/\/www.pretty-paracetamol.de\/blog\/wp-content\/uploads\/2023\/06\/P6011099-1080x608.jpg 1080w, https:\/\/www.pretty-paracetamol.de\/blog\/wp-content\/uploads\/2023\/06\/P6011099-980x551.jpg 980w, https:\/\/www.pretty-paracetamol.de\/blog\/wp-content\/uploads\/2023\/06\/P6011099-550x309.jpg 550w, https:\/\/www.pretty-paracetamol.de\/blog\/wp-content\/uploads\/2023\/06\/P6011099-800x450.jpg 800w, https:\/\/www.pretty-paracetamol.de\/blog\/wp-content\/uploads\/2023\/06\/P6011099.jpg 1200w\" sizes=\"(max-width: 1080px) 100vw, 1080px\" \/><\/figure><\/div>\n\n\n<p>Es soll Regen geben. Und das passierte in der Vergangenheit noch nicht oft. Eigentlich nur einmal: Vor vielen Jahren stand ich bei gef\u00fchlten 5 Grad vor der ATP-B\u00fchne, um <strong>The Sea and Cake<\/strong>, <strong>Meat Puppets<\/strong> und <strong>Bob Mould<\/strong> zu sehen. Tags zuvor erlebte ich beim Primavera erstmals (und auch letztmals) Regenschirme. Und jetzt sagt der Wetterbericht erneut Regen voraus. F\u00fcr den Donnerstag. Na mal sehen. Mittlerweile freut man sich ja \u00fcber den ein oder anderen Regenguss. Gerade auch in der &nbsp;Sommerzeit, in der es mittlerweile doch arg trocken zugeht. Und das nicht nur in Spanien. Damals, und damit meine ich vor 10 Jahren plus, war die Welt (oder die Sichtweise) noch etwas anders. Da war Regen nicht so gern gesehen. <br>Mehr als ein paar Tropfen und dunkle Wolken am fr\u00fchen Nachmittag gibt es dann aber nicht. Unser Standard Primavera Outfit m\u00fcssen wir nicht um Regenschutzzeugs updaten, als wir gegen 16.30 Uhr das Gel\u00e4nde betreten.<\/p>\n\n\n\n<p>Die Sicherheitskontrollen sind in diesem Jahr lagem\u00e4\u00dfig nach vorne gezogen worden. Schon auf dem Weg von der Stra\u00dfenbahnhaltestelle zum Parc del Forum auf H\u00f6he des Auditori stehen die Kontrollposten und die Ticketscanner. Gleichg\u00fcltig nehme ich das zur Kenntnis, erst sp\u00e4ter wird uns der Vorteil dieser Anordnung klar: wenn wir Konzerte im Konzertsaal Auditori &#8211; offiziell Auditori F\u00f2rum CCIB &#8211; besuchen, m\u00fcssen wir nicht mehr das Gel\u00e4nde verlassen und auschecken. Das macht Auditori Besuche enorm einfacher. Trotzdem beginnt der Donnerstag mit einem logistischen Problem. Beim Primavera Sound ist es erlaubt, Essen mit auf das Gel\u00e4nde zu nehmen. Ich mache das, einmal aus Kostengr\u00fcnden und zum anderen aus Zeitgr\u00fcnden. Die Warteschlangen im Foodcourt sind oft lang und es dauert, bis man das mit dem Essen hinbekommen hat. Deshalb kaufe ich mir lieber vorher im Supermarkt gegen\u00fcber dem Parc del F\u00f2rum ein paar Bocadillos, die ich dann mitnehme und bei Zeit und Lust verspeise. <strong>New Order<\/strong> zum Beispiel funktionieren mit einem Schinkensandwich gleich viel besser. Die Essensmitnahme auf das Gel\u00e4nde ist also gestattet, ins Auditori darf man aber weder Essen noch Getr\u00e4nke mitnehmen.<\/p>\n\n\n\n<p>Und nun komme ich zu meinem Dilemma: <strong>Come<\/strong>, die ich unbedingt sehen m\u00f6chte, spielen am fr\u00fchen Abend im Auditori. Es gibt nun zwei M\u00f6glichkeiten, wie ich das mit <strong>Come <\/strong>und dem Essen l\u00f6sen kann. Entweder ich nehme kein Essen mit aufs Gel\u00e4nde oder ich verlasse nach dem <strong>Come <\/strong>Konzert noch einmal kurz den Parc del F\u00f2rum, um Essen zu besorgen. Ich entschied mich f\u00fcr letzteres, checkte nochmal kurz vom Gel\u00e4nde aus und deckte mich mit ein paar belegten Br\u00f6tchen ein. Schlie\u00dflich ist die Nacht lang, <strong>Blur <\/strong>werden bis halb vier spielen.<\/p>\n\n\n<div class=\"wp-block-image\">\n<figure class=\"aligncenter size-large\"><img decoding=\"async\" width=\"1080\" height=\"608\" src=\"https:\/\/www.pretty-paracetamol.de\/blog\/wp-content\/uploads\/2023\/06\/P6011095-1080x608.jpg\" alt=\"BC,NR - Primavera Sound Festival Barcelona, 31.05.2023\" class=\"wp-image-19340\" srcset=\"https:\/\/www.pretty-paracetamol.de\/blog\/wp-content\/uploads\/2023\/06\/P6011095-1080x608.jpg 1080w, https:\/\/www.pretty-paracetamol.de\/blog\/wp-content\/uploads\/2023\/06\/P6011095-980x551.jpg 980w, https:\/\/www.pretty-paracetamol.de\/blog\/wp-content\/uploads\/2023\/06\/P6011095-550x309.jpg 550w, https:\/\/www.pretty-paracetamol.de\/blog\/wp-content\/uploads\/2023\/06\/P6011095-800x450.jpg 800w, https:\/\/www.pretty-paracetamol.de\/blog\/wp-content\/uploads\/2023\/06\/P6011095.jpg 1200w\" sizes=\"(max-width: 1080px) 100vw, 1080px\" \/><\/figure><\/div>\n\n\n<p>Doch das ist sp\u00e4ter. Unser erster Weg f\u00fchrt uns zu <strong>Black Country, New Road<\/strong>. Aber nur kurz. Denn nahezu zeitgleich spielen <strong>Yard Act<\/strong> am anderen Ende des Gel\u00e4ndes und die Band aus Leeds steht etwas h\u00f6her in unserer Gunst. <strong>BC,NR<\/strong> habe ich in den letzten Jahren sehr oft gesehen, <strong>Yard Act<\/strong> nicht. Ein kurzer Blick auf den gro\u00dfen Konzertplatz mit den beiden nebeneinander angeordneten Hauptb\u00fchnen am entlegenen Kopfende ist aber auch als Vorbereitung auf den sp\u00e4teren Abend nicht verkehrt. Dann waren wir schon mal da und wissen, wo wir gut stehen k\u00f6nnen. <strong>Black Country, New Road <\/strong>spielen auf der linken der beiden B\u00fchnen, genau wie Stunden sp\u00e4ter <strong>New Order<\/strong> und <strong>Blur<\/strong>.<\/p>\n\n\n\n<p>Zu <strong>Black Country, New Road<\/strong> gibt es nichts Neues zu berichten. Mit \u201eBC,NR friends forever\u201c er\u00f6ffnen sie weiterhin ihre Konzerte. <strong>Tyler Hyde<\/strong>, <strong>Lewis Ewans<\/strong>, <strong>Georgia Ellery<\/strong>, <strong>May Kershaw<\/strong>, <strong>Charlie Wayne<\/strong> und <strong>Luke Mark<\/strong> haben sich in der britischen Musikszene etabliert. Sie touren echt viel, wirken aber bei jedem Konzert irgendwie frisch. An ihren fr\u00fcheren S\u00e4nger <strong>Isaac Wood<\/strong> erinnert mittlerweile nichts mehr. Nach zwei, drei Songs gehen wir in Richtung Ron Brugal B\u00fchne und <strong>Yard Act<\/strong>.<\/p>\n\n\n<div class=\"wp-block-image\">\n<figure class=\"aligncenter size-large\"><img decoding=\"async\" width=\"1080\" height=\"608\" src=\"https:\/\/www.pretty-paracetamol.de\/blog\/wp-content\/uploads\/2023\/06\/P6011110-1080x608.jpg\" alt=\"Yard Act - Primavera Sound Festival Barcelona, 31.05.2023\" class=\"wp-image-19339\" srcset=\"https:\/\/www.pretty-paracetamol.de\/blog\/wp-content\/uploads\/2023\/06\/P6011110-1080x608.jpg 1080w, https:\/\/www.pretty-paracetamol.de\/blog\/wp-content\/uploads\/2023\/06\/P6011110-980x551.jpg 980w, https:\/\/www.pretty-paracetamol.de\/blog\/wp-content\/uploads\/2023\/06\/P6011110-550x309.jpg 550w, https:\/\/www.pretty-paracetamol.de\/blog\/wp-content\/uploads\/2023\/06\/P6011110-800x450.jpg 800w, https:\/\/www.pretty-paracetamol.de\/blog\/wp-content\/uploads\/2023\/06\/P6011110.jpg 1200w\" sizes=\"(max-width: 1080px) 100vw, 1080px\" \/><\/figure><\/div>\n\n\n<p>Waren es die Jahre davor <strong>Squid <\/strong>und <strong>The Murder Capital<\/strong>, sind jetzt <strong>Yard Act<\/strong> an der Reihe. Die Band aus Leeds ist der Post-Punk Trend des Sommers. Versprochen. Ich sah sie vor einigen Wochen beim Little Waves Festival und war begeistert. Und auch jetzt \u00fcberzeugen sie restlos. Vor der B\u00fchne ist es ordentlich voll, scheinbar halte nicht nur ich viel von <strong>Yard Act<\/strong>. Sie haben ein Album, und das spielen sie. S\u00e4nger <strong>James Smith<\/strong> beendet jedes St\u00fcck mit den Worten \u2018A nice one\u2019. Himmel, seit <strong>Richard Ashcroft <\/strong>habe ich diesen Ausspruch nicht mehr geh\u00f6rt.<\/p>\n\n\n\n<figure class=\"wp-block-embed aligncenter is-type-rich is-provider-twitter wp-block-embed-twitter\"><div class=\"wp-block-embed__wrapper\">\n<div class=\"oceanwp-oembed-wrap clr\"><blockquote class=\"twitter-tweet\" data-width=\"550\" data-dnt=\"true\"><p lang=\"en\" dir=\"ltr\">James here. My phone died and I got lost in madrid. Was an amazing day. Went and hung out at the wrong venue for 4 hrs wondering where the rest of the boys and OFF! Were but found em now. Gonna be hanging out at the venue from 11.30pm<\/p>&mdash; Yard Act (@YardActBand) <a href=\"https:\/\/twitter.com\/YardActBand\/status\/1666898263826391056?ref_src=twsrc%5Etfw\">June 8, 2023<\/a><\/blockquote><script async src=\"https:\/\/platform.twitter.com\/widgets.js\" charset=\"utf-8\"><\/script><\/div>\n<\/div><\/figure>\n\n\n\n<p><strong>James Smith<\/strong> scheint \u00fcberdies ein interessanter Typ. <strong>Yard Act<\/strong> sind definitiv eine interessante Band. <em>The Overload<\/em> hei\u00dft ihr Album. Ich empfehle es sehr. Bitte dranbleiben!<\/p>\n\n\n\n<p>Standortvorteil: Ron Brugal B\u00fchne. Es ist nicht weit zum Auditori. Hier spielen gleich <strong>Come<\/strong>. obwohl \u2018gleich\u2019 Unsinn ist. Sie spielen f\u00fcnf Minuten nach Ende des <strong>Yard Act<\/strong> Konzertes. Allerdings mit leichten \u00dcberschneidungen zum <strong>Built to spill<\/strong> Konzert, das leider Gottes auch parallel zu <strong>Yard Act<\/strong> stattfindet. (Warum kann ich mich nicht dreiteilen?) Ansetzungstechnisch finde ich das ein bisschen dumm. Ich behaupte n\u00e4mlich, dass die Schnittmenge von <strong>Come <\/strong>und <strong>Built to spill<\/strong> Fans gro\u00df ist. So raubt man leider den Bands die Fans.<\/p>\n\n\n\n<figure class=\"wp-block-embed aligncenter is-type-video is-provider-youtube wp-block-embed-youtube wp-embed-aspect-16-9 wp-has-aspect-ratio\"><div class=\"wp-block-embed__wrapper\">\n<p class=\"responsive-video-wrap clr\"><iframe title=\"Live: Yard Act - Dead horse\" width=\"1200\" height=\"675\" src=\"https:\/\/www.youtube.com\/embed\/lsozSYYNvK8?feature=oembed\" frameborder=\"0\" allow=\"accelerometer; autoplay; clipboard-write; encrypted-media; gyroscope; picture-in-picture; web-share\" allowfullscreen><\/iframe><\/p>\n<\/div><\/figure>\n\n\n\n<p>Ich habe \u00fcberhaupt keine Ahnung, wie viele Leute die Bostoner Band ins Auditori lockt. Als wir uns dem Eingang n\u00e4hern wird klar, viele sind es nicht. Eine Schlange ist nicht existent und auch drinnen sind nur die ersten Reihen sp\u00e4rlich besetzt. Im Laufe des gut einst\u00fcndigen Konzertes wird es voller, es bleibt aber im irgendwie erwartbaren Rahmen von vielleicht maximal f\u00fcnfhundert Leuten. <br>Die Boston Connection ist neben den Hauptb\u00fchnenkonzerten mein zweites gro\u00dfes Primavera Happening in diesem Jahr. <strong>Come<\/strong> heute, <strong>Karate <\/strong>morgen. Purer Indierock aus den 1990er Jahren. Ich mag sowas ja, und so stand es komplett au\u00dfer Frage, die beiden Auftritte nicht zu sehen. Auch wenn ich mit dem <strong>Come <\/strong>Slot im Vorfeld ein bisschen haderte.<\/p>\n\n\n<div class=\"wp-block-image\">\n<figure class=\"aligncenter size-large\"><img loading=\"lazy\" decoding=\"async\" width=\"1080\" height=\"608\" src=\"https:\/\/www.pretty-paracetamol.de\/blog\/wp-content\/uploads\/2023\/06\/P6011145-1080x608.jpg\" alt=\"Come - Primavera Sound Festival Barcelona, 31.05.2023\" class=\"wp-image-19341\" srcset=\"https:\/\/www.pretty-paracetamol.de\/blog\/wp-content\/uploads\/2023\/06\/P6011145-1080x608.jpg 1080w, https:\/\/www.pretty-paracetamol.de\/blog\/wp-content\/uploads\/2023\/06\/P6011145-980x551.jpg 980w, https:\/\/www.pretty-paracetamol.de\/blog\/wp-content\/uploads\/2023\/06\/P6011145-550x309.jpg 550w, https:\/\/www.pretty-paracetamol.de\/blog\/wp-content\/uploads\/2023\/06\/P6011145-800x450.jpg 800w, https:\/\/www.pretty-paracetamol.de\/blog\/wp-content\/uploads\/2023\/06\/P6011145.jpg 1200w\" sizes=\"(max-width: 1080px) 100vw, 1080px\" \/><\/figure><\/div>\n\n\n<p>\u00dcber <strong>Come <\/strong>wusste ich lange nicht viel. In den 1990er Jahren hatte ich die Band um <strong>Thalia Zedek<\/strong> und <strong>Chris Brokaw<\/strong> so semi auf dem Schirm. Ich wusste, es gibt sie, ich kannte auch ein oder zwei Songs, aber das war es. Ihr Song \u201eCar\u201c ist auf dem Sampler <em>Afternoon Delight!: Love Songs From Sub Pop<\/em>, den ich mir damals irgendwann kaufte. Aber dar\u00fcber hinaus spielten sie doch sehr unter dem Radar, so dass ich kaum Informationen \u00fcber <strong>Come <\/strong>sammeln konnte. <strong>Chris Brokaw<\/strong> lief mir sp\u00e4ter dann konzerttechnisch in der D\u00fcsseldorfer Kassette \u00fcber den Weg, etwas sp\u00e4ter nochmal als Gitarrist bei den Lemonheads. In D\u00fcsseldorf spielte er einen <strong>Come<\/strong> Song (und auch einen <strong>Codeine<\/strong> Song) und ich erinnerte mich langsam wieder an die Dinge, die ich nach \u00fcber 10 Jahren so gut wie vergessen hatte. Damals dachte ich, ich habe eine <strong>Come <\/strong>CD zuhause. Habe ich aber nicht, ich verwechselte <strong>Come <\/strong>mit <strong>Cold Water Flat<\/strong>. Und die CD mit einem Song auf dem Sub Pop Sampler. Aber seit diesem Konzert stand <strong>Come <\/strong>wieder h\u00f6her<strong> <\/strong>auf meiner Liste und als die Band Anfang des Jahres eine Europatour bekanntgab, war ich sogar bereit , f\u00fcr ein Konzert nach Den Haag oder Z\u00fcrich zu fahren. Froh war ich, als im zweiten Rundlauf Luxemburg auf die Liste gesetzt wurde, sehr froh, als ein Primavera Slot dazukam.<\/p>\n\n\n\n<p>So sitze ich nun mit weiteren Menschen meines Alters im Auditori. <strong>Come <\/strong>spielen in Originalbesetzung, das hei\u00dft, neben <strong>Thalia Zedek<\/strong> und <strong>Chris Brokaw<\/strong> auch mit <strong>Sean O&#8217;Brien <\/strong>am Bass und <strong>Arthur Johnson <\/strong>am Schlagzeug. Ich finde es immer wieder \u00fcberraschend und interessant, wie sich Musiker nach all den Jahren, in denen sie bestimmt viele getrennte Wege gegangen sind und andere Leben etabliert haben, irgendwann wieder zusammenkommen und beschlie\u00dfen, ein paar Konzerte zu spielen. Und das nicht in einem Bostoner Vorort, wo man abends wieder nach Hause fahren kann, sondern in Europa. Was ist da die Motivation? Wie kriegt man das hin?<\/p>\n\n\n\n<p>Im Auditori machen <strong>Come <\/strong>das gut. Klar, der Saal ist 10 Nummern zu gro\u00df, aber irgendwann scheint das nicht mehr zu st\u00f6ren. Sie spielen ein gutes Konzert, ein kurzweiliges. Mein Highlight ist \u201eSaints around my neck\u201c. Der Song hat alles, was ich an 1990er Jahre Indierock so toll finde. \u201eCar\u201c spielen sie auch. Als letzten Song. Ein guter, ein richtiger Abschluss ihres gut einst\u00fcndigen Sets.<\/p>\n\n\n\n<p><strong>Setlist Come:<\/strong> <br>01: Dead Molly <br>02. Stomp <br>03: Recidivist <br>04: Hurricane <br>05: Mercury Falls <br>06: Let&#8217;s get lost <br>07: Weak as the Moon <br>08: Saints around my neck <br>09: The fade-outs <br>10: Submerge <br>11: Car<\/p>\n\n\n\n<figure class=\"wp-block-embed aligncenter is-type-video is-provider-youtube wp-block-embed-youtube wp-embed-aspect-16-9 wp-has-aspect-ratio\"><div class=\"wp-block-embed__wrapper\">\n<p class=\"responsive-video-wrap clr\"><iframe title=\"Live: Come - Recidivist\" width=\"1200\" height=\"675\" src=\"https:\/\/www.youtube.com\/embed\/qC2bjTDqhvc?feature=oembed\" frameborder=\"0\" allow=\"accelerometer; autoplay; clipboard-write; encrypted-media; gyroscope; picture-in-picture; web-share\" allowfullscreen><\/iframe><\/p>\n<\/div><\/figure>\n\n\n\n<p>Nach dem <strong>Come <\/strong>Konzert und dem Kurzausflug zum Supermarkt bleibt noch eine Stunde Zeit, bis <strong>New Order<\/strong> auftreten. Ich k\u00f6nnte <strong>Pusha T. <\/strong>sehen, und <strong>PinkPantheress. <\/strong>Allerdings ziehe ich einen besseren Stehplatz vor der gro\u00dfen B\u00fchne vor. Und das bedeutet, wir sollten nicht erst kurz vor knapp auf dem gro\u00dfen Konzertplatz auflaufen. Wenn wir schon <strong>New Order<\/strong> sehen m\u00f6chten, und das m\u00f6chten wir, dann auch einigerma\u00dfen richtig und nicht nur aus weiter Ferne und via Leinwand.<\/p>\n\n\n\n<p>Auf dem Weg zur Estrella B\u00fchne laufen wir am <strong>Blondshell <\/strong>Konzert vorbei. Die Band spielt ein Showcase Konzert auf der kleinen The Vision Stage. Diese B\u00fchne ist nur \u00fcber einen Steg zu erreichen. Sie liegt im Wasser, auf einem Rondell. Maximal 100 Personen sind auf dem Areal zugelassen. Nat\u00fcrlich geh\u00f6ren wir an diesem Abend nicht zu den 100 Personen, und wir versuchen es auch erst gar nicht, im Laufe des Konzertes zu den 100 zu geh\u00f6ren. Die Schlange ist relativ lang, der Austausch (Leute gehen, andere werden zugelassen) zwar fl\u00fcssig, aber wir wollen ja zu <strong>New Order<\/strong>. So stehen wir am Ufer und sehen nur zur B\u00fchne her\u00fcber. <strong>Blondshell <\/strong>covern die <strong>Cranberries<\/strong>. A ha. Denn Song erkenne ich nicht. Es ist nicht \u201eLinger\u201c. Danach ziehen wir weiter.<br>Morgen, wenn<strong> Japanese Breakfast<\/strong> und <strong>The Wedding Present<\/strong> hier spielen, m\u00f6chte ich liebend gerne zu den 100 Personen geh\u00f6ren, die an der orangenen Kugel stehen d\u00fcrfen.<\/p>\n\n\n<div class=\"wp-block-image\">\n<figure class=\"aligncenter size-large\"><img loading=\"lazy\" decoding=\"async\" width=\"1080\" height=\"608\" src=\"https:\/\/www.pretty-paracetamol.de\/blog\/wp-content\/uploads\/2023\/06\/PXL_20230602_150730943_01-1080x608.jpg\" alt=\"Primavera Sound Festival \u2013 Barcelona, 01.06.2023\" class=\"wp-image-19344\" srcset=\"https:\/\/www.pretty-paracetamol.de\/blog\/wp-content\/uploads\/2023\/06\/PXL_20230602_150730943_01-1080x608.jpg 1080w, https:\/\/www.pretty-paracetamol.de\/blog\/wp-content\/uploads\/2023\/06\/PXL_20230602_150730943_01-980x551.jpg 980w, https:\/\/www.pretty-paracetamol.de\/blog\/wp-content\/uploads\/2023\/06\/PXL_20230602_150730943_01-550x309.jpg 550w, https:\/\/www.pretty-paracetamol.de\/blog\/wp-content\/uploads\/2023\/06\/PXL_20230602_150730943_01-800x450.jpg 800w, https:\/\/www.pretty-paracetamol.de\/blog\/wp-content\/uploads\/2023\/06\/PXL_20230602_150730943_01.jpg 1200w\" sizes=\"(max-width: 1080px) 100vw, 1080px\" \/><\/figure><\/div>\n\n\n<p>Eine gute halbe Stunde vor Konzertbeginn stehen wir an der Estrella B\u00fchne und warten auf <strong>New Order<\/strong>. Der Plan ging auf, es ist noch \u00fcberschaubar voll und wir k\u00f6nnen uns b\u00fchnennah positionieren. Perfekt, alles richtig gemacht. <br>\u00c4hnlich wie bei <strong>Come <\/strong>kann ich nicht wirklich einsch\u00e4tzen, wie viele der jungen Leute <strong>New Order<\/strong> sehen wollen. Ich meine, 80% des Publikums waren noch nicht geboren, als \u201eBlue Monday\u201c ver\u00f6ffentlicht wurde. Und ich spreche vom 1988er Remix, nicht von der Erstver\u00f6ffentlicht, die &#8211; ich fasse es nicht &#8211; dieses Jahr 40 Jahre zur\u00fcckliegt. <br>Nun, es ist gut gef\u00fcllt, sag ich mal. Wie viele Leute nach hinten heraus noch vor der B\u00fchne stehen, kann ich nicht einsch\u00e4tzen. Das sehe ich nicht. Aber in unserem n\u00e4heren Umfeld ist es ordentlich.<\/p>\n\n\n\n<p>Zu einem Auszug von Wagners \u201eTristan und Isolde\u201c kommen die Musiker*innen (sie haben eine Keyboarderin dabei) auf die B\u00fchne. Passt gut, der \u00dcbergang zu \u201eRegret\u201c fluppt nahtlos. Doch das war es schon fast. <strong>New Order<\/strong> tun sich schwer, die Menge durchgehend zu begeistern. Im Anschluss huldigen sie den Anf\u00e4ngen, von <em>Power, Corruption &amp; Lies<\/em> spielen sie \u201eYour silent face\u201c und \u201eAge of consent\u201c. Damit k\u00f6nnen ich und ein paar andere \u00e4ltere Leute zwar was anfangen, die Masse jedoch kennt die Songs nicht. Genauso wie \u201eSub-culture\u201c oder das neuere \u201ePlastic\u201c. Es sind St\u00fccke, die nicht vollkommen begeistern. Oder drastisch ausgedr\u00fcckt, es sind Stimmungskiller. Um uns herum wird es alsbald etwas unruhig und schnell haben wir auch mehr Platz und k\u00f6nnen noch ein paar Meter nach vorne gehen.<\/p>\n\n\n<div class=\"wp-block-image\">\n<figure class=\"aligncenter size-large\"><img loading=\"lazy\" decoding=\"async\" width=\"1080\" height=\"608\" src=\"https:\/\/www.pretty-paracetamol.de\/blog\/wp-content\/uploads\/2023\/06\/DSC06686-1080x608.jpg\" alt=\"New Order - Primavera Sound Festival Barcelona, 31.05.2023\" class=\"wp-image-19342\" srcset=\"https:\/\/www.pretty-paracetamol.de\/blog\/wp-content\/uploads\/2023\/06\/DSC06686-1080x608.jpg 1080w, https:\/\/www.pretty-paracetamol.de\/blog\/wp-content\/uploads\/2023\/06\/DSC06686-980x551.jpg 980w, https:\/\/www.pretty-paracetamol.de\/blog\/wp-content\/uploads\/2023\/06\/DSC06686-550x309.jpg 550w, https:\/\/www.pretty-paracetamol.de\/blog\/wp-content\/uploads\/2023\/06\/DSC06686-800x450.jpg 800w, https:\/\/www.pretty-paracetamol.de\/blog\/wp-content\/uploads\/2023\/06\/DSC06686.jpg 1200w\" sizes=\"(max-width: 1080px) 100vw, 1080px\" \/><\/figure><\/div>\n\n\n<p>Warum nur spielen <strong>New Order<\/strong> kein \u201eWorld in Motion\u201c, kein \u201ePrice of love\u201c und \u201eCrystal\u201c, kein \u201eRound &amp; Round\u201c oder \u201eTouched by the hand of god\u201c? Es sind doch nicht nur <strong>New Order<\/strong> Enthusiasten vor der B\u00fchne. Die meisten warten eh\u2018 auf <strong>Blur<\/strong>. Da h\u00e4tten sie sich doch wenigstens ein bisschen Anbiedern k\u00f6nnen und mehr auf Radiohits setzen. Die haben sie doch. Stattdessen spielen sie ein paar neue Songs und, keine Ahnung, Lieblingslieder? Ein Festivalset ist das zumindest nicht, eher eins f\u00fcr gro\u00dfe Fans. So ist es nur logisch, dass es nur selten richtig stimmungsvoll wird. Klar, \u201eBlue Monday\u201c kennt jeder. \u201eTempation\u201c und&nbsp; \u201eLove will tear us apart\u201c auch. Das spielen sie zum Schluss und wahrscheinlich sind das die beiden Songs, die der Mehrzahl der Besucher am st\u00e4rksten h\u00e4ngenbleiben. Schade, <strong>New Order<\/strong> h\u00e4tten ein gro\u00dfes Best-of abliefern k\u00f6nnen, das mehr Spa\u00df und Stimmung verbreitet. Sie haben sich aber dagegen entschieden. Irgendwie merkw\u00fcrdige 90 Minuten.<\/p>\n\n\n<div class=\"wp-block-image\">\n<figure class=\"aligncenter size-large\"><img loading=\"lazy\" decoding=\"async\" width=\"1080\" height=\"608\" src=\"https:\/\/www.pretty-paracetamol.de\/blog\/wp-content\/uploads\/2023\/06\/DSC06698-1080x608.jpg\" alt=\"Blur - Primavera Sound Festival Barcelona, 31.05.2023\" class=\"wp-image-19343\" srcset=\"https:\/\/www.pretty-paracetamol.de\/blog\/wp-content\/uploads\/2023\/06\/DSC06698-1080x608.jpg 1080w, https:\/\/www.pretty-paracetamol.de\/blog\/wp-content\/uploads\/2023\/06\/DSC06698-980x551.jpg 980w, https:\/\/www.pretty-paracetamol.de\/blog\/wp-content\/uploads\/2023\/06\/DSC06698-550x309.jpg 550w, https:\/\/www.pretty-paracetamol.de\/blog\/wp-content\/uploads\/2023\/06\/DSC06698-800x450.jpg 800w, https:\/\/www.pretty-paracetamol.de\/blog\/wp-content\/uploads\/2023\/06\/DSC06698.jpg 1200w\" sizes=\"(max-width: 1080px) 100vw, 1080px\" \/><\/figure><\/div>\n\n\n<p><strong>Blur<\/strong>. Kurz nach 2 Uhr. Alle sind hier und trotzdem ist es entspannt. Wir stehen ungef\u00e4hr da, wo wir drei Stunden zuvor auch bei <strong>New Order<\/strong> gestanden haben. Es ist nicht schwer gewesen, hierher zu gelangen. nebenan spielt noch <strong>Halsey<\/strong>, wir h\u00f6ren die letzten Kl\u00e4nge von \u201eWithout me\u201c. Ich kenne das und bin &#8211; genauso wie tags zuvor bei <strong>Confidence Man<\/strong> &#8211; dar\u00fcber erstaunt. <br>Neben den vielen musikalischen \u00dcberraschungen ist das meine non-musikalische \u00dcberraschung. Scheinen die Beobachtungen der letzten Stunden doch nicht ganz falsch gewesen zu sein. Das Primavera Sound 2023 bietet mehr Freiraum und scheinbar bed\u00e4chtiger festgesetzte Besucherzahlen. Zwar ist der Donnerstag quasi ausverkauft, aber es ist ein anderes ausverkauft als die letzten Male. So machen dann auch die gro\u00dfen Konzerte Spa\u00df. Die knappen zwei Stunden zwischen den beiden Auftritten haben wir mit ein paar Songs <strong>Alison Goldfrapps<\/strong> und <strong>Loyle Carner<\/strong> \u00fcberbr\u00fcckt. Zu ein paar Augenblicken <strong>Le Tigre<\/strong> hat es leider nicht gereicht, was ich etwas bedauere.<\/p>\n\n\n\n<p>Mein heimlicher Plan B war es, das Konzert der Amis um <strong>Kathleen Hannah<\/strong> und Co. zu sehen, falls es vor der <strong>Blur <\/strong>B\u00fchne zu nervig werden sollte. So wie vor 10 Jahren, als ich entnervt nach ein, zwei Songs gegangen bin und mir mit 100 anderen stattdessen die <strong>Swans <\/strong>angesehen habe. Aber den Plan B muss ich heute nicht ziehen. Es bleibt entspannt und <strong>Blur <\/strong>rei\u00dfen mich von der ersten Sekunde an mit.<\/p>\n\n\n\n<p>Etwas \u00fcber das Konzert zu sagen, es w\u00e4re wie Eulen nach Athen zu tragen. Nat\u00fcrlich ist es ein Best-of Set, ein Festivalset mit allen Hits und einer feiner B\u00fchnenshow. Die Stimmung ist durchg\u00e4ngig en top, auch wenn einige wenige tats\u00e4chlich nicht alles kennen. Ich werde doch bei \u201eTrimm Trabb\u201c allen Ernstes gefragt, ob das jetzt ein neuer Song sei. Naja, \u201eTrimm Trabb\u201c, \u00fcbrigens einer meiner <strong>Blur<\/strong> Lieblinge, klingt ja auch heute noch sehr zeitgem\u00e4\u00df und modern. <br>Und wie man das als gro\u00dfe Band auf einem gro\u00dfen Festivals so macht, f\u00fcr die echten Fans erg\u00e4nzt man die Hits um eine schrumpelige B-Seite (\u201eLuminous\u201c) und &#8211; wenn man eine neue Platte gemacht hat, und <strong>Blur<\/strong> haben das getan &#8211; spielt man auch einen oder maximal zwei neue Songs. <strong>Blur <\/strong>spielen die neuen Songs \u201eSt. Charles Square\u201c und \u201eThe Narcissist\u201c. Letzterer ist ein Riesenhit! Und mein letztes Konzert an diesem Tag ist ein Riesenkonzert!<\/p>\n\n\n\n<p>\u2018So geht man die Sache an, <strong>New Order\u2018<\/strong>, m\u00f6chte ich sagen. Denke das aber nur. Das Konzert liefert alles, was ich erwarte.<\/p>\n\n\n\n<p>Um halb f\u00fcnf liege ich im Bett. Ein wirklich toller Primavera Tag liegt hinter mir. Das hat Spa\u00df gemacht. Ich denke nochmal \u00fcber das Gesehene nach, und auch \u00fcber die nicht oder nur f\u00fcr Minuten erlebten Bands: <strong>Built to Spill<\/strong>, <strong>Loyle Carner<\/strong>, <strong>Goldfrapp<\/strong>, <strong>Pusha T.<\/strong>, <strong>Le Tigr<\/strong>e, <strong>Darkside<\/strong>. Die Liste liest sich auch gut.<\/p>\n\n\n\n<p>Aber <strong>Blur <\/strong>und <strong>New Order<\/strong> darf ich nicht verpassen.<\/p>\n\n\n\n<p><strong>Kontextkonzerte:<\/strong><br><a href=\"https:\/\/www.pretty-paracetamol.de\/blog\/zeitgeist-festival-nijmegen-03-12-2022\/\">Black Country, New Road \u2013 Zeitgeist Festival Nijmegen, 03.12.2022<\/a><br><a href=\"https:\/\/www.pretty-paracetamol.de\/blog\/primavera-sound-festival-barcelona-04-06-2022\/\">Black Country, New Road \u2013 Primavera Sound Festival Barcelona, 04.06.2022<\/a><br><a href=\"https:\/\/www.pretty-paracetamol.de\/blog\/black-country-new-road-luxemburg-22-10-2021\/\">Black Country, New Road \u2013 Luxemburg, 22.10.2021 \/ Rotondes<\/a><br><a href=\"https:\/\/www.pretty-paracetamol.de\/blog\/new-order-berlin-11-11-2015\/\">New Order \u2013 Berlin, 11.11.2015 \/ Tempodrom<\/a><br><a href=\"https:\/\/www.pretty-paracetamol.de\/blog\/new-order-brussel-17-10-2011\/\">New Order \u2013 Br\u00fcssel, 17.10.2011 \/ Ancienne Belgique<\/a><br><a href=\"https:\/\/www.pretty-paracetamol.de\/blog\/meine-ersten-10-jahre-primavera-sound-festival\/\">Meine ersten 10 Jahre Primavera Sound Festival<\/a><br><a href=\"https:\/\/www.pretty-paracetamol.de\/blog\/primavera-sound-festival-barcelona-11-06-2022\/\">Primavera Sound Festival \u2013 Barcelona, 11.06.2022<\/a><br><a href=\"https:\/\/www.pretty-paracetamol.de\/blog\/primavera-sound-festival-barcelona-10-06-2022\/\">Primavera Sound Festival \u2013 Barcelona, 10.06.2022<\/a><br><a href=\"https:\/\/www.pretty-paracetamol.de\/blog\/primavera-sound-festival-barcelona-09-06-2022\/\">Primavera Sound Festival \u2013 Barcelona, 09.06.2022<\/a><br><a href=\"https:\/\/www.pretty-paracetamol.de\/blog\/primavera-a-la-ciutat-barcelona-05-06-bis-08-06-2022\/\">Primavera a la Ciutat \u2013 Barcelona, 05.06. bis 08.06.2022<\/a><br><a href=\"https:\/\/www.pretty-paracetamol.de\/blog\/primavera-sound-festival-barcelona-04-06-2022\/\">Primavera Sound Festival \u2013 Barcelona, 04.06.2022<\/a><br><a href=\"https:\/\/www.pretty-paracetamol.de\/blog\/primavera-sound-festival-barcelona-03-06-2022\/\">Primavera Sound Festival \u2013 Barcelona, 03.06.2022<\/a><br><a href=\"https:\/\/www.pretty-paracetamol.de\/blog\/primavera-sound-festival-barcelona-02-06-2022\/\">Primavera Sound Festival \u2013 Barcelona, 02.06.2022<\/a><br><a href=\"https:\/\/www.pretty-paracetamol.de\/blog\/primavera-sound-festival-barcelona-01-06-2019\/\">Primavera Sound Festival \u2013 Barcelona, 01.06.2019<\/a><br><a href=\"https:\/\/www.pretty-paracetamol.de\/blog\/primavera-sound-festival-barcelona-30-05-2019\/\">Primavera Sound Festival \u2013 Barcelona, 31.05.2019<\/a><br><a href=\"https:\/\/www.pretty-paracetamol.de\/blog\/primavera-sound-festival-barcelona-30-05-2019\/\">Primavera Sound Festival \u2013 Barcelona, 30.05.2019<\/a><br><a href=\"https:\/\/www.pretty-paracetamol.de\/blog\/primavera-sound-festival-barcelona-29-05-2019\/\">Primavera Sound Festival \u2013 Barcelona, 29.05.2019<\/a><br><a href=\"https:\/\/www.pretty-paracetamol.de\/blog\/primavera-sound-festival-barcelona-29052018\/\">Primavera Sound Festival \u2013 Barcelona, 29.05. \u2013 02.06.2018<\/a><br><a href=\"https:\/\/www.pretty-paracetamol.de\/blog\/primavera-sound-festival-2017\/\">Primavera Sound Festival 2017<\/a><br><a href=\"https:\/\/www.pretty-paracetamol.de\/blog\/primavera-sound-festival-barcelona-04-06-2017\/\">Primavera Sound Festival \u2013 Barcelona, 04.06.2017<\/a><br><a href=\"https:\/\/www.pretty-paracetamol.de\/blog\/primavera-sound-festival-barcelona-03-06-2017\/\">Primavera Sound Festival \u2013 Barcelona, 03.06.2017<\/a><br><a href=\"https:\/\/www.pretty-paracetamol.de\/blog\/primavera-sound-festival-barcelona-01-06-2017\/\">Primavera Sound Festival \u2013 Barcelona, 01.06.2017<\/a><br><a href=\"https:\/\/www.pretty-paracetamol.de\/blog\/primavera-sound-festival-barcelona-31-05-2017\/\">Primavera Sound Festival \u2013 Barcelona, 31.05.2017<\/a><br><a href=\"https:\/\/www.pretty-paracetamol.de\/blog\/primavera-sound-festival-barcelona\/\">Primavera Sound Festival Barcelona<\/a><br><a href=\"https:\/\/www.pretty-paracetamol.de\/blog\/primavera-sound-festival-barcelona-04-06-2016\/\">Primavera Sound Festival \u2013 Barcelona, 04.06.2016<\/a><br><a href=\"https:\/\/www.pretty-paracetamol.de\/blog\/primavera-sound-festival-barcelona-03-06-2016\/\">Primavera Sound Festival \u2013 Barcelona, 03.06.2016<\/a><br><a href=\"https:\/\/www.pretty-paracetamol.de\/blog\/primavera-sound-festival-barcelona-02-06-2016\/\">Primavera Sound Festival \u2013 Barcelona, 02.06.2016<\/a><br><a href=\"https:\/\/www.pretty-paracetamol.de\/blog\/primavera-sound-festival-barcelona-01-06-2016\/\">Primavera Sound Festival \u2013 Barcelona, 01.06.2016<\/a><br><a href=\"https:\/\/www.pretty-paracetamol.de\/blog\/primavera-sound-festival-barcelona-30-05-2015\/\">Primavera Sound Festival \u2013 Barcelona, 30.05.2015<\/a><br><a href=\"https:\/\/www.pretty-paracetamol.de\/blog\/primavera-sound-festival-barcelona-29-05-2015\/\">Primavera Sound Festival \u2013 Barcelona, 29.05.2015<\/a><br><a href=\"https:\/\/www.pretty-paracetamol.de\/blog\/primavera-sound-festival-barcelona-28-05-2015\/\">Primavera Sound Festival \u2013 Barcelona, 28.05.2015<\/a><br><a href=\"https:\/\/www.pretty-paracetamol.de\/blog\/primavera-sound-festival-barcelona-27-05-2015\/\">Primavera Sound Festival \u2013 Barcelona, 27.05.2015<\/a><br><a href=\"https:\/\/www.pretty-paracetamol.de\/blog\/primavera-sound-festival-barcelona-31-05-2014\/\">Primavera Sound Festival \u2013 Barcelona, 31.05.2014<\/a><br><a href=\"https:\/\/www.pretty-paracetamol.de\/blog\/primavera-sound-festival-barcelona-30-05-2014\/\">Primavera Sound Festival \u2013 Barcelona, 30.05.2014<\/a><br><a href=\"https:\/\/www.pretty-paracetamol.de\/blog\/primavera-sound-festival-barcelona-29-05-2014\/\">Primavera Sound Festival \u2013 Barcelona, 29.05.2014<\/a><br><a href=\"https:\/\/www.pretty-paracetamol.de\/blog\/primavera-sound-festival-barcelona-28-05-2014\/\">Primavera Sound Festival \u2013 Barcelona, 28.05.2014<\/a><br><a href=\"https:\/\/www.pretty-paracetamol.de\/blog\/primavera-sound-festival-barcelona-25-05-2013\/\">Primavera Sound Festival \u2013 Barcelona, 25.05.2013<\/a><br><a href=\"https:\/\/www.pretty-paracetamol.de\/blog\/primavera-sound-festival-barcelona-24-05-2013\/\">Primavera Sound Festival \u2013 Barcelona, 24.05.2013<\/a><br><a href=\"https:\/\/www.pretty-paracetamol.de\/blog\/primavera-sound-festival-barcelona-23-05-2013\/\">Primavera Sound Festival \u2013 Barcelona, 23.05.2013<\/a><br><a href=\"https:\/\/www.pretty-paracetamol.de\/blog\/primavera-sound-festival-barcelona-01-06-2012\/\">Primavera Sound Festival \u2013 Barcelona, 01.06.2012<\/a><br><a href=\"https:\/\/www.pretty-paracetamol.de\/blog\/primavera-sound-festival-barcelona-31-05-2012\/\">Primavera Sound Festival \u2013 Barcelona, 31.05.2012<\/a><br><a href=\"https:\/\/www.pretty-paracetamol.de\/blog\/primavera-sound-festival-barcelona-31-05-2012\/\">Primavera Sound Festival \u2013 Barcelona, 31.05.2012<\/a><br><a href=\"https:\/\/www.pretty-paracetamol.de\/blog\/primavera-sound-barcelona-28-05-2011\/\">Primavera Sound \u2013 Barcelona, 28.05.2011<\/a><br><a href=\"https:\/\/www.pretty-paracetamol.de\/blog\/primavera-sound-barcelona-27-05-2011\/\">Primavera Sound \u2013 Barcelona, 27.05.2011<\/a><br><a href=\"https:\/\/www.pretty-paracetamol.de\/blog\/primavera-sound-barcelona-26-05-2011\/\">Primavera Sound \u2013 Barcelona, 26.05.2011<\/a><br><a href=\"https:\/\/www.pretty-paracetamol.de\/blog\/the-charlatans-primavera-29-05-2010\/\">The Charlatans \u2013 Primavera, 29.05.2010<\/a><br><a href=\"https:\/\/www.pretty-paracetamol.de\/blog\/a-sunny-day-in-glasgow-condo-fucks-primavera-28-05-2010\/\">A sunny day in Glasgow, Condo Fucks \u2013 Primavera, 28.05.2010<\/a><br><a href=\"https:\/\/www.pretty-paracetamol.de\/blog\/pavement-the-xx-primavera-27-05-2010\/\">Pavement, The xx \u2013 Primavera, 27.05.2010<\/a><\/p>\n","protected":false},"excerpt":{"rendered":"<p>Es soll Regen geben. Und das passierte in der Vergangenheit noch nicht oft. Eigentlich nur einmal: Vor vielen Jahren stand ich bei gef\u00fchlten 5 Grad vor der ATP-B\u00fchne, um The Sea and Cake, Meat Puppets und Bob Mould zu sehen. Tags zuvor erlebte ich beim Primavera erstmals (und auch letztmals) Regenschirme.<\/p>\n<p>Und jetzt sagt der Wetterbericht erneut Regen voraus. F\u00fcr den Donnerstag. Na mal sehen. Mittlerweile freut man sich ja \u00fcber den ein oder anderen Regenguss.<\/p>\n","protected":false},"author":2,"featured_media":19337,"comment_status":"open","ping_status":"open","sticky":false,"template":"","format":"standard","meta":{"_seopress_robots_primary_cat":"none","_seopress_titles_title":"pretty-paracetamol in concert: %%post_title%%","_seopress_titles_desc":"Es soll Regen geben. Und das passierte in der Vergangenheit noch nicht oft. Eigentlich nur einmal: Vor vielen Jahren stand ich bei gef\u00fchlten 5 Grad vor der ATP-B\u00fchne, um The Sea and Cake, Meat Puppets und Bob Mould zu sehen.","_seopress_robots_index":"","ocean_post_layout":"","ocean_both_sidebars_style":"","ocean_both_sidebars_content_width":0,"ocean_both_sidebars_sidebars_width":0,"ocean_sidebar":"0","ocean_second_sidebar":"0","ocean_disable_margins":"enable","ocean_add_body_class":"","ocean_shortcode_before_top_bar":"","ocean_shortcode_after_top_bar":"","ocean_shortcode_before_header":"","ocean_shortcode_after_header":"","ocean_has_shortcode":"","ocean_shortcode_after_title":"","ocean_shortcode_before_footer_widgets":"","ocean_shortcode_after_footer_widgets":"","ocean_shortcode_before_footer_bottom":"","ocean_shortcode_after_footer_bottom":"","ocean_display_top_bar":"default","ocean_display_header":"default","ocean_header_style":"","ocean_center_header_left_menu":"0","ocean_custom_header_template":"0","ocean_custom_logo":0,"ocean_custom_retina_logo":0,"ocean_custom_logo_max_width":0,"ocean_custom_logo_tablet_max_width":0,"ocean_custom_logo_mobile_max_width":0,"ocean_custom_logo_max_height":0,"ocean_custom_logo_tablet_max_height":0,"ocean_custom_logo_mobile_max_height":0,"ocean_header_custom_menu":"0","ocean_menu_typo_font_family":"0","ocean_menu_typo_font_subset":"","ocean_menu_typo_font_size":0,"ocean_menu_typo_font_size_tablet":0,"ocean_menu_typo_font_size_mobile":0,"ocean_menu_typo_font_size_unit":"px","ocean_menu_typo_font_weight":"","ocean_menu_typo_font_weight_tablet":"","ocean_menu_typo_font_weight_mobile":"","ocean_menu_typo_transform":"","ocean_menu_typo_transform_tablet":"","ocean_menu_typo_transform_mobile":"","ocean_menu_typo_line_height":0,"ocean_menu_typo_line_height_tablet":0,"ocean_menu_typo_line_height_mobile":0,"ocean_menu_typo_line_height_unit":"","ocean_menu_typo_spacing":0,"ocean_menu_typo_spacing_tablet":0,"ocean_menu_typo_spacing_mobile":0,"ocean_menu_typo_spacing_unit":"","ocean_menu_link_color":"","ocean_menu_link_color_hover":"","ocean_menu_link_color_active":"","ocean_menu_link_background":"","ocean_menu_link_hover_background":"","ocean_menu_link_active_background":"","ocean_menu_social_links_bg":"","ocean_menu_social_hover_links_bg":"","ocean_menu_social_links_color":"","ocean_menu_social_hover_links_color":"","ocean_disable_title":"default","ocean_disable_heading":"default","ocean_post_title":"","ocean_post_subheading":"","ocean_post_title_style":"","ocean_post_title_background_color":"","ocean_post_title_background":0,"ocean_post_title_bg_image_position":"","ocean_post_title_bg_image_attachment":"","ocean_post_title_bg_image_repeat":"","ocean_post_title_bg_image_size":"","ocean_post_title_height":0,"ocean_post_title_bg_overlay":0.5,"ocean_post_title_bg_overlay_color":"","ocean_disable_breadcrumbs":"default","ocean_breadcrumbs_color":"","ocean_breadcrumbs_separator_color":"","ocean_breadcrumbs_links_color":"","ocean_breadcrumbs_links_hover_color":"","ocean_display_footer_widgets":"default","ocean_display_footer_bottom":"default","ocean_custom_footer_template":"0","osh_disable_topbar_sticky":"default","osh_disable_header_sticky":"default","osh_sticky_header_style":"default","osh_sticky_header_effect":"","osh_custom_sticky_logo":0,"osh_custom_retina_sticky_logo":0,"osh_custom_sticky_logo_height":0,"osh_background_color":"","osh_links_color":"","osh_links_hover_color":"","osh_links_active_color":"","osh_links_bg_color":"","osh_links_hover_bg_color":"","osh_links_active_bg_color":"","osh_menu_social_links_color":"","osh_menu_social_hover_links_color":"","ocean_post_oembed":"","ocean_post_self_hosted_media":"","ocean_post_video_embed":"","ocean_link_format":"","ocean_link_format_target":"self","ocean_quote_format":"","ocean_quote_format_link":"post","ocean_gallery_link_images":"off","ocean_gallery_id":[],"footnotes":""},"categories":[1771,3],"tags":[1773,391,1605,1814,358,1813,390,1048,46,656,1810,1153,1316,1799],"class_list":["post-19334","post","type-post","status-publish","format-standard","has-post-thumbnail","hentry","category-festival","category-konzert","tag-1773","tag-barcelona","tag-black-country-new-road","tag-blondshell","tag-blur","tag-come","tag-festival","tag-konzert","tag-new-order","tag-parc-del-forum","tag-primavera-sound-2023","tag-primavera-sound-festival","tag-spanien","tag-yard-act","entry","has-media"],"views":3341,"_links":{"self":[{"href":"https:\/\/www.pretty-paracetamol.de\/blog\/wp-json\/wp\/v2\/posts\/19334","targetHints":{"allow":["GET"]}}],"collection":[{"href":"https:\/\/www.pretty-paracetamol.de\/blog\/wp-json\/wp\/v2\/posts"}],"about":[{"href":"https:\/\/www.pretty-paracetamol.de\/blog\/wp-json\/wp\/v2\/types\/post"}],"author":[{"embeddable":true,"href":"https:\/\/www.pretty-paracetamol.de\/blog\/wp-json\/wp\/v2\/users\/2"}],"replies":[{"embeddable":true,"href":"https:\/\/www.pretty-paracetamol.de\/blog\/wp-json\/wp\/v2\/comments?post=19334"}],"version-history":[{"count":5,"href":"https:\/\/www.pretty-paracetamol.de\/blog\/wp-json\/wp\/v2\/posts\/19334\/revisions"}],"predecessor-version":[{"id":19361,"href":"https:\/\/www.pretty-paracetamol.de\/blog\/wp-json\/wp\/v2\/posts\/19334\/revisions\/19361"}],"wp:featuredmedia":[{"embeddable":true,"href":"https:\/\/www.pretty-paracetamol.de\/blog\/wp-json\/wp\/v2\/media\/19337"}],"wp:attachment":[{"href":"https:\/\/www.pretty-paracetamol.de\/blog\/wp-json\/wp\/v2\/media?parent=19334"}],"wp:term":[{"taxonomy":"category","embeddable":true,"href":"https:\/\/www.pretty-paracetamol.de\/blog\/wp-json\/wp\/v2\/categories?post=19334"},{"taxonomy":"post_tag","embeddable":true,"href":"https:\/\/www.pretty-paracetamol.de\/blog\/wp-json\/wp\/v2\/tags?post=19334"}],"curies":[{"name":"wp","href":"https:\/\/api.w.org\/{rel}","templated":true}]}}