{"id":17251,"date":"2022-06-24T19:09:34","date_gmt":"2022-06-24T17:09:34","guid":{"rendered":"https:\/\/www.pretty-paracetamol.de\/blog\/?p=17251"},"modified":"2026-04-22T20:55:58","modified_gmt":"2026-04-22T18:55:58","slug":"primavera-sound-festival-barcelona-09-06-2022","status":"publish","type":"post","link":"https:\/\/www.pretty-paracetamol.de\/blog\/primavera-sound-festival-barcelona-09-06-2022\/","title":{"rendered":"Primavera Sound Festival \u2013 Barcelona, 09.06.2022"},"content":{"rendered":"\n<p><strong>Ort:<\/strong> Parc del F\u00f2rum, Barcelona<br><strong>Bands: <\/strong>Dry Cleaning, Ride, Squid, Slowdive, Big Thief<\/p>\n\n\n<div class=\"wp-block-image\">\n<figure class=\"aligncenter size-full\"><img fetchpriority=\"high\" decoding=\"async\" width=\"1200\" height=\"675\" src=\"https:\/\/www.pretty-paracetamol.de\/blog\/wp-content\/uploads\/2022\/06\/IMG_20220604_1641591_02.jpg\" alt=\"Primavera Sound Festival \u2013 Barcelona, 09.06.2022\" class=\"wp-image-17253\"\/><\/figure><\/div>\n\n\n<p>Es zehrt. So langsam machen sich die vielen langen Abende, das Stehen in Warteschlangen und vor B\u00fchnen und das Wetter bemerkbar. Mittlerweile ist es ordentlich warm geworden in der Stadt und die Mattheit schl\u00e4gt gerade mittags ordentlich zu. Ich bin halt nicht mehr der J\u00fcngste, die Konzentration auf das Wesentliche ist das Gebot der Stunde. Immerhin liegen noch drei Festivaltage vor uns. <br>Am Donnerstag stehen so nur f\u00fcnf Bands auf dem Programm; auch, weil ich meine Jacke vergessen habe und es ab Mitternacht hier direkt am Meer windtechnisch gut auffrischt. Meine Erk\u00e4ltung von gestern muss ich nicht unbedingt ausbauen; <strong>Dua Lipa<\/strong> mag es mir verzeihen, dass ich ihren Auftritt misse. Ich \u00e4rgere mich schon ein bisschen dar\u00fcber.<\/p>\n\n\n\n<p>Wenn ich so durch meinen heutigen Tagesplan schweife, stelle ich fest: alles nichts Neues au\u00dfer <strong>Big Thief<\/strong>. <strong>Slowdive <\/strong>habe ich fr\u00fcher sehr oft und ausgiebig gesehen, <strong>Ride<\/strong>, <strong>Dry Cleaning<\/strong> und <strong>Squid <\/strong>erst in den letzten 12 Monaten das letzte Mal. Eine wirkliche Alternative bietet der Donnerstag allerdings leider nicht. \u00dcberhaupt hatten wir im Vorfeld schon festgestellt, dass das zweite Wochenende aus unserer Sicht qualitativ nicht mit dem ersten Wochenende mithalten kann. Auditori Konzerte gibt es nicht und am fr\u00fchen Abend l\u00e4uft auf den B\u00fchnen im Parc del Forum tats\u00e4chlich nichts Hochinteressantes. Weder an diesem Donnerstag, noch an den n\u00e4chsten beiden Tagen lohnt es sich, vor 19 Uhr auf dem Gel\u00e4nde zu sein. Es sei denn, man m\u00f6chte spanische Bands entdecken. Danach ist mir jedoch nicht. <br>Was bleibt, ist Zeit. Zeit, l\u00e4nger in der Stadt oder an der Diagonal rumzuh\u00e4ngen.<\/p>\n\n\n\n<figure class=\"wp-block-embed aligncenter is-type-video is-provider-youtube wp-block-embed-youtube wp-embed-aspect-16-9 wp-has-aspect-ratio\"><div class=\"wp-block-embed__wrapper\">\n<p class=\"responsive-video-wrap clr\"><iframe title=\"Live: Dry cleaning - Leafy\" width=\"1200\" height=\"675\" src=\"https:\/\/www.youtube.com\/embed\/pvyK-lZkZ9E?feature=oembed\" frameborder=\"0\" allow=\"accelerometer; autoplay; clipboard-write; encrypted-media; gyroscope; picture-in-picture\" allowfullscreen><\/iframe><\/p>\n<\/div><\/figure>\n\n\n\n<p>Hatte ich \u00fcbrigens schon erw\u00e4hnt, wie easy peasy der Einlass mit dieser App funktioniert? QR Code scannen, das Passfoto (das musste ich vorher in die App einf\u00fcgen &#8211; sag ich mal lapidar) auf dem Monitor mit dem Typen in der Warteschlange vergleichen, und durch. Eine Sache von Sekunden. Das Armb\u00e4ndchen bekommt man nach dem ersten Einlass nur noch aus Nostalgiegr\u00fcnden und wenn man beim Mann mit den B\u00e4ndchen stehen bleibt. Nat\u00fcrlich lasse ich mir eins geben. Vorzeigen muss ich das sp\u00e4ter nirgendwo mehr. Na immerhin verteilen sie noch welche. Ganz verzichtet haben die Primaveraleute auf gedruckte DIN A5 Programmflyer. Aus verschiedensten Gr\u00fcnden nat\u00fcrlich mehr als l\u00f6blich und sinnvoll, aus Sammlersicht sehr schade. So bleiben als Informationsquelle (wer, was, wo) die App und ein pdf Plan.<\/p>\n\n\n<div class=\"wp-block-image\">\n<figure class=\"aligncenter size-full\"><img decoding=\"async\" width=\"1200\" height=\"675\" src=\"https:\/\/www.pretty-paracetamol.de\/blog\/wp-content\/uploads\/2022\/06\/IMG_4277.jpg\" alt=\"Dry Cleaning - Primavera Sound Festival \u2013 Barcelona, 09.06.2022\" class=\"wp-image-17257\"\/><\/figure><\/div>\n\n\n<p>Zu <strong>Dry Cleaning<\/strong>, die jetzt auf der Binance B\u00fchne spielen, finden wir trotzdem. Erster Eindruck: hui, letztes Wochenende war es um 20 Uhr auf dem Gel\u00e4nde voller. Tats\u00e4chlich scheint die Festivalauslastung an diesem Donnerstag die bisher geringste zu sein, vor den Merchst\u00e4nden, im Food Court, vor den B\u00fchnen, auf den Wiesen, \u00fcberall ist mehr Platz. Vor der Binance B\u00fchne ist es nur \u00fcberschaubar voll. Es gelingt uns m\u00fchelos, dem muffeligen Abwasserabfluss, der links von der B\u00fchne die ersten Reihen quert, zu entkommen. Endlich mal kein Stress. <strong>Dry Cleaning<\/strong> freuen sich \u00fcber ihren bisher gr\u00f6\u00dften Gig. Wir freuen uns, dass wir auf der Videoleinwand die Gesichtsz\u00fcge von S\u00e4ngerin <strong>Florence Shaw<\/strong> ganz genau beobachten k\u00f6nnen.<\/p>\n\n\n\n<blockquote class=\"wp-block-quote is-layout-flow wp-block-quote-is-layout-flow\">\n<p>Brain. Replaced by something.<\/p>\n<\/blockquote>\n\n\n\n<p><strong>Squid<\/strong>. Sie m\u00fcssen gegen die tiefstehende Sonne ran und ich glaube, das macht keinen Spa\u00df. Die Sonne knallt direkt auf die B\u00fchne der Cupra Stage, Schatten Fehlanzeige.<\/p>\n\n\n<div class=\"wp-block-image\">\n<figure class=\"aligncenter size-full\"><img decoding=\"async\" width=\"1200\" height=\"675\" src=\"https:\/\/www.pretty-paracetamol.de\/blog\/wp-content\/uploads\/2022\/06\/IMG_4285.jpg\" alt=\"Squid - Primavera Sound Festival \u2013 Barcelona, 09.06.2022\" class=\"wp-image-17258\"\/><\/figure><\/div>\n\n\n<p>Wir sitzen im Schatten auf den Steinstufen an der Cupra Stage, essen Schinkenbocadillos und betrachten mehr das Treiben als die Band. <strong>Squid <\/strong>gehen dabei ein bisschen an mir vorbei. Auch hier ist es jetzt nicht voll. Es gibt noch gen\u00fcgend freie Pl\u00e4tze auf den Steinstufen und auch h\u00e4tten wir nach dem <strong>Dry Cleaning<\/strong> Gig noch bequem bis nach vorne an die B\u00fchne gehen k\u00f6nnen. Gef\u00fchlt spielen <strong>Squid <\/strong>das, was sie seit zwei Jahren spielen: Songs ihres tollen Albums <em>Bright Green Field<\/em>. Neues Material, das bei diesem Primavera Sound einige Bands vorstellen (wie zum Beispiel vor ein paar Minuten <strong>Dry Cleaning<\/strong>), scheinen sie aktuell nicht zu haben. Zumindest habe ich keine neuen Songs wahrgenommen. Wir bleiben nicht ganz bis zum Schluss, auf der anderen B\u00fchne warten <strong>Ride <\/strong>mit ihrem zweiten Albumkonzert binnen zwei Tagen.<\/p>\n\n\n<div class=\"wp-block-image\">\n<figure class=\"aligncenter size-full\"><img loading=\"lazy\" decoding=\"async\" width=\"1200\" height=\"674\" src=\"https:\/\/www.pretty-paracetamol.de\/blog\/wp-content\/uploads\/2022\/06\/IMG_4302.jpg\" alt=\"Ride - Primavera Sound Festival \u2013 Barcelona, 09.06.2022\" class=\"wp-image-17259\"\/><\/figure><\/div>\n\n\n<p>Also schon wieder <strong>Ride<\/strong>. Nachdem sie gestern <em>Going blank again<\/em> in G\u00e4nze gespielt haben, ist nun <em>Nowhere <\/em>dran. Ich las es zuf\u00e4llig am Morgen, und das ist gut. Denn eigentlich hatte ich ein weiteres <strong>Ride <\/strong>Konzert f\u00fcr heute nicht eingeplant. Noch einmal <em>Going blank again<\/em> w\u00e4re zu viel des Guten. So freue ich mich, dass sie nicht noch einmal <em>Going Blank again<\/em> spielen, sondern etwas anderes. Und dass das Andere dann noch <em>Nowhere <\/em>ist, yuppie!<\/p>\n\n\n\n<p><em>Nowhere <\/em>&#8211; das Deb\u00fctalbum der Band nach 3 EPs &#8211; feierte seinen 30sten Geburtstag vor zwei Jahren. Aus den bekannten Gr\u00fcnden fielen die Feierlichkeiten &#8211; sprich Albumkonzerte &#8211; seinerzeit aus. An diesem Abend k\u00f6nnen <strong>Andy Bell<\/strong>, <strong>Mark Gardener<\/strong>, <strong>Steve Queralt<\/strong> und <strong>Laurence Colbert<\/strong> nun zumindest ihren 2020er Primavera Gig nachholen. Das lockt auch <strong>Damon Albarn <\/strong>aus dem Backstagebereich. Er steht neben dem <strong>Ride <\/strong>Roadie am Mischpult und schaut sich kopfnickend die ersten vier Songs an.<\/p>\n\n\n\n<figure class=\"wp-block-embed aligncenter is-type-video is-provider-youtube wp-block-embed-youtube wp-embed-aspect-16-9 wp-has-aspect-ratio\"><div class=\"wp-block-embed__wrapper\">\n<p class=\"responsive-video-wrap clr\"><iframe title=\"Live: Ride - Vapour Trail\" width=\"1200\" height=\"675\" src=\"https:\/\/www.youtube.com\/embed\/9FuVC6JCivY?feature=oembed\" frameborder=\"0\" allow=\"accelerometer; autoplay; clipboard-write; encrypted-media; gyroscope; picture-in-picture\" allowfullscreen><\/iframe><\/p>\n<\/div><\/figure>\n\n\n\n<p><em>Nowhere <\/em>habe ich in den letzten Jahren noch seltener geh\u00f6rt als <em>Going blank again<\/em>. Nichtsdestotrotz, ein Song wie \u201eVapour Trail\u201d bleibt einfach im Ged\u00e4chtnis. \u201eDreams burn down\u201d und \u201eHere and now\u201d waren in den 1990er Jahren meine anderen beiden Albumlieblinge. Was mir seinerzeit gar nicht so stark auffiel ist die Tatsache, dass <strong>Andy Bell<\/strong> auf dem Deb\u00fctalbum die h\u00f6chsten Gesangsanteile hat. F\u00fcr mich war eigentlich immer <strong>Mark Gardener<\/strong> der Haupts\u00e4nger von <strong>Ride<\/strong>. Aber das wurde dann erst sp\u00e4ter so und f\u00fchrte bekanntlich zum Zank und zur Trennung von <strong>Andy Bell<\/strong> und damit zur Aufl\u00f6sung von <strong>Ride<\/strong>. Alte Kamellen.<\/p>\n\n\n\n<blockquote class=\"wp-block-quote is-layout-flow wp-block-quote-is-layout-flow\">\n<p>Slowdive in about five minutes.<\/p>\n<\/blockquote>\n\n\n\n<p>Richtig, Herr <strong>Gardener<\/strong>. Da gehen wir jetzt auch hin. Zusammen mit dem gr\u00f6\u00dften Teil der <strong>Ride <\/strong>Zuschauer. Ist ja gleich um die Ecke.<\/p>\n\n\n<div class=\"wp-block-image\">\n<figure class=\"aligncenter size-full\"><img loading=\"lazy\" decoding=\"async\" width=\"1200\" height=\"675\" src=\"https:\/\/www.pretty-paracetamol.de\/blog\/wp-content\/uploads\/2022\/06\/IMG_4321.jpg\" alt=\"Slowdive - Primavera Sound Festival \u2013 Barcelona, 09.06.2022\" class=\"wp-image-17256\"\/><\/figure><\/div>\n\n\n<p><strong>Slowdive <\/strong>spielen auf der Cupra Stage nebenan. Noch so ein Shoegaze Dino, der sich vor einigen Jahren irgendwie wachgek\u00fcsst hat. <strong>Slowdive <\/strong>sind 2022 immer noch wie 1991: diffuses Licht, viel Nebel, nur Gitarren. Damals sah ich sie mit ihrem Deb\u00fctalbum <em>Just for a Day<\/em> in der Zeche in Bochum. Es war mein erstes Zusammentreffen mit dem damals ach so hippen Shoegaze und erst das vierte oder f\u00fcnfte Konzert in meinem Leben. Nur eine Videoleinwand gab es damals noch nicht.  \u201eCatch the breeze\u201d schon, den Song spielten <strong>Slowdive <\/strong>sowohl 1991 als auch an diesem Abend. Welche Eindr\u00fccke gewann eigentlich <strong>Lou Barlow<\/strong> \u00fcber den <strong>Slowdive <\/strong>Auftritt. Nun, das kann man auf seinem Instagramkanal nachlesen:<\/p>\n\n\n\n<blockquote class=\"wp-block-quote is-layout-flow wp-block-quote-is-layout-flow\">\n<p>I was an early and avid Slowdive fan.. I saw them in Portugal at the Primavera Sound festival yesterday and they\u2019ve still got -it-: the expansive wash of sound, the magic\u2026.I really love this band.. but i have a confession to make: I can be picky about the way bands -look-.. I realize this is wildly hypocritical (I\u2019ve played in shorts with no shirt on) but I\u2019m speaking as a fan, not an artist, and I beg you to forgive me for what I\u2019m about to write: Neil, the lead guitarist now looks like a member of the touring Beach Boys circa 1987.. this is not a bad thing, per se, and he is surely gazing at his shoes under the brim of his baseball cap -but- my teeny-tiny little brain associates th band with an entirely different look (shaggy Beatles cut, dark-clothes and a particular Goth-lite common to bands of the genre) they were named after a Siouxsee and the Banshees song for chrissake \u2026it creates a dissonance that I feel no choice but to share, hoping to exorcise some of my guilt..to illustrate my hypocrisy the pictured white t-shirt is, much to @adellelouise \u2018s chagrin, my current stage uniform.. unlike Slowdive, my American indie-rock pedigree has no dress code\u2026. these days I usually try to wear a nice shirt but, for some reason, I\u2019ve abandoned that and gone total-dirtbag-basic for this run of shows, which makes my critique of Neil\u2019s appearance all the more distasteful.. I\u2019m so sorry..let\u2019s pretend I never posted this.. also, ironically, I was going to wear a nice shirt today for the Dinosaur Jr performance but all of our luggage, guitars and guitar effects were lost by TAP airlines on our flight in.. so we\u2019re going, basically, naked for our big show on the main-stage tonite..also Interpol is playing after us and if they show up in shorts and flip-flops I will eat my t-shirt<\/p>\n<\/blockquote>\n\n\n\n<p>Er berichtet zwar aus Porto, aber da ist es nicht viel anders als in Barcelona einen Tag zuvor.<\/p>\n\n\n\n<p>Dann <strong>Big Thief<\/strong>. Die New Yorker Indierocker sind sowas wie der Hype der Stunde. Grund genug, sich die Band mal n\u00e4her anzuschauen. <\/p>\n\n\n<div class=\"wp-block-image\">\n<figure class=\"aligncenter size-full\"><img loading=\"lazy\" decoding=\"async\" width=\"1200\" height=\"675\" src=\"https:\/\/www.pretty-paracetamol.de\/blog\/wp-content\/uploads\/2022\/06\/IMG_4353.jpg\" alt=\"Big Thief - Primavera Sound Festival \u2013 Barcelona, 09.06.2022\" class=\"wp-image-17260\"\/><\/figure><\/div>\n\n\n<p><strong>Adrianne Lenker<\/strong> ist die S\u00e4ngerin, Gitarristin und einzige Songschreiberin der Band. Das lese ich irgendwo und identifiziere sie daraufhin als entscheidende Person bei Big Thief. Neben ihr spielen <strong>Alexander Buckley Meek<\/strong> (Gitarre), <strong>Max Oleartchik<\/strong> (Bass) und <strong>James Krivchenia<\/strong> (Schlagzeug). Die klassische Bandbesetzung ohne Schnickschnack. Musikalisch ist es amerikanischer Indierock, der mir von der Plenitude Stage entgegenschallt. Unspektakul\u00e4r, aber nicht uninteressant. Ich kenne nichts von der Band und muss mich also komplett auf das Konzert einlassen, um die Band verstehen zu k\u00f6nnen. Bei einem Festival ist das kein leichtes Unterfangen, da es aber auch jetzt um kurz nach 23 Uhr nicht wirklich zu voll ist, gelingt mir das \u00fcberraschenderweise ganz gut. Indierock, ja. Aber manchmal f\u00fcr meinen Geschmack auch eine Spur zu viel Country und\/oder Folk. Zu \u201eSpud Infinity\u201c gegen Ende des Sets holen sie gar die Maultrommel raus. Das gef\u00e4llt mir nicht so gut. Aber anyway, grunds\u00e4tzlich hinterlassen <strong>Big Thief<\/strong> einen interessanten Eindruck bei mir. Und wenn Fachleute sagen, dass die Band gut und derzeit sehr wichtig ist, dann muss da ja etwas dran sein. Ich h\u00f6re sp\u00e4ter im Sommer mal in ihr aktuelles Album. Auf dem Weg zur\u00fcck zum Hotel h\u00f6re ich erneut die <strong>Gorillaz<\/strong> von einer der gro\u00dfen B\u00fchnen r\u00fcber schallen. Mist, schon wieder verpasst.<\/p>\n\n\n\n<p><strong>Kontextkonzerte:<\/strong><br><a rel=\"noreferrer noopener\" href=\"https:\/\/www.pretty-paracetamol.de\/blog\/squid-koeln-11-10-2021\/\" target=\"_blank\" data-type=\"post\" data-id=\"16082\">Squid &#8211; K\u00f6ln, 11.10.2021 \/ Geb\u00e4ude 9<\/a><br><a rel=\"noreferrer noopener\" href=\"https:\/\/www.pretty-paracetamol.de\/blog\/transformer-4-festival-maastricht-18-01-2020\/\" target=\"_blank\">Squid &#8211; Transformer 4 Festival Maastricht, 18.01.2020<\/a><br><a href=\"https:\/\/www.pretty-paracetamol.de\/blog\/sonic-city-festival-kortrijk-09-u-10-11-2019\/\"><\/a><a rel=\"noreferrer noopener\" href=\"https:\/\/www.pretty-paracetamol.de\/blog\/sonic-city-festival-kortrijk-09-u-10-11-2019\/\" target=\"_blank\">Squid &#8211; Sonic City Festival Kortrjik, 10.11.2019<\/a><br><a href=\"https:\/\/www.pretty-paracetamol.de\/blog\/dry-cleaning-bruessel-17-04-2022\/\" data-type=\"post\" data-id=\"16930\">Dry Cleaning &#8211; Br\u00fcssel, 17.04.2022 \/ Botanique<\/a><br><a href=\"https:\/\/www.pretty-paracetamol.de\/blog\/slowdive-genf-09-09-2014\/\" data-type=\"post\" data-id=\"5974\">Slowdive &#8211; Genf, 09.09.2014 \/ Maison communale de Plainpalais<\/a><br><a rel=\"noreferrer noopener\" href=\"https:\/\/www.pretty-paracetamol.de\/blog\/?p=5760\" target=\"_blank\">Slowdive &#8211; Primavera Sound Festival Barcelona, 30.05.2014<\/a><br><a href=\"https:\/\/www.pretty-paracetamol.de\/blog\/primavera-a-la-ciutat-barcelona-05-06-bis-08-06-2022\/\" data-type=\"post\" data-id=\"17235\">Ride &#8211; Primavera a la Ciutat Barcelona, 05.06.2022<\/a><br><a href=\"https:\/\/www.pretty-paracetamol.de\/blog\/primavera-sound-festival-barcelona-29052018\/\" data-type=\"post\" data-id=\"10010\">Ride &#8211; Primavera Sound Festival Barcelona, 29.05. \u2013 02.06.2018<\/a><\/p>\n","protected":false},"excerpt":{"rendered":"<p>Ort: Parc del F\u00f2rum, BarcelonaBands: Dry Cleaning, Ride, Squid, Slowdive, Big Thief Es zehrt. So langsam machen sich die vielen langen Abende, das Stehen in Warteschlangen und vor B\u00fchnen und das Wetter bemerkbar. Mittlerweile ist es ordentlich warm geworden in der Stadt und die Mattheit schl\u00e4gt gerade mittags ordentlich zu. Ich bin halt nicht mehr [&hellip;]<\/p>\n","protected":false},"author":2,"featured_media":17254,"comment_status":"open","ping_status":"open","sticky":false,"template":"","format":"standard","meta":{"_seopress_robots_primary_cat":"none","_seopress_titles_title":"pretty-paracetamol in concert: %%post_title%%","_seopress_titles_desc":"","_seopress_robots_index":"","ocean_post_layout":"","ocean_both_sidebars_style":"","ocean_both_sidebars_content_width":0,"ocean_both_sidebars_sidebars_width":0,"ocean_sidebar":"0","ocean_second_sidebar":"0","ocean_disable_margins":"enable","ocean_add_body_class":"","ocean_shortcode_before_top_bar":"","ocean_shortcode_after_top_bar":"","ocean_shortcode_before_header":"","ocean_shortcode_after_header":"","ocean_has_shortcode":"","ocean_shortcode_after_title":"","ocean_shortcode_before_footer_widgets":"","ocean_shortcode_after_footer_widgets":"","ocean_shortcode_before_footer_bottom":"","ocean_shortcode_after_footer_bottom":"","ocean_display_top_bar":"default","ocean_display_header":"default","ocean_header_style":"","ocean_center_header_left_menu":"0","ocean_custom_header_template":"0","ocean_custom_logo":0,"ocean_custom_retina_logo":0,"ocean_custom_logo_max_width":0,"ocean_custom_logo_tablet_max_width":0,"ocean_custom_logo_mobile_max_width":0,"ocean_custom_logo_max_height":0,"ocean_custom_logo_tablet_max_height":0,"ocean_custom_logo_mobile_max_height":0,"ocean_header_custom_menu":"0","ocean_menu_typo_font_family":"0","ocean_menu_typo_font_subset":"","ocean_menu_typo_font_size":0,"ocean_menu_typo_font_size_tablet":0,"ocean_menu_typo_font_size_mobile":0,"ocean_menu_typo_font_size_unit":"px","ocean_menu_typo_font_weight":"","ocean_menu_typo_font_weight_tablet":"","ocean_menu_typo_font_weight_mobile":"","ocean_menu_typo_transform":"","ocean_menu_typo_transform_tablet":"","ocean_menu_typo_transform_mobile":"","ocean_menu_typo_line_height":0,"ocean_menu_typo_line_height_tablet":0,"ocean_menu_typo_line_height_mobile":0,"ocean_menu_typo_line_height_unit":"","ocean_menu_typo_spacing":0,"ocean_menu_typo_spacing_tablet":0,"ocean_menu_typo_spacing_mobile":0,"ocean_menu_typo_spacing_unit":"","ocean_menu_link_color":"","ocean_menu_link_color_hover":"","ocean_menu_link_color_active":"","ocean_menu_link_background":"","ocean_menu_link_hover_background":"","ocean_menu_link_active_background":"","ocean_menu_social_links_bg":"","ocean_menu_social_hover_links_bg":"","ocean_menu_social_links_color":"","ocean_menu_social_hover_links_color":"","ocean_disable_title":"default","ocean_disable_heading":"default","ocean_post_title":"","ocean_post_subheading":"","ocean_post_title_style":"","ocean_post_title_background_color":"","ocean_post_title_background":0,"ocean_post_title_bg_image_position":"","ocean_post_title_bg_image_attachment":"","ocean_post_title_bg_image_repeat":"","ocean_post_title_bg_image_size":"","ocean_post_title_height":0,"ocean_post_title_bg_overlay":0.5,"ocean_post_title_bg_overlay_color":"","ocean_disable_breadcrumbs":"default","ocean_breadcrumbs_color":"","ocean_breadcrumbs_separator_color":"","ocean_breadcrumbs_links_color":"","ocean_breadcrumbs_links_hover_color":"","ocean_display_footer_widgets":"default","ocean_display_footer_bottom":"default","ocean_custom_footer_template":"0","osh_disable_topbar_sticky":"default","osh_disable_header_sticky":"default","osh_sticky_header_style":"default","osh_sticky_header_effect":"","osh_custom_sticky_logo":0,"osh_custom_retina_sticky_logo":0,"osh_custom_sticky_logo_height":0,"osh_background_color":"","osh_links_color":"","osh_links_hover_color":"","osh_links_active_color":"","osh_links_bg_color":"","osh_links_hover_bg_color":"","osh_links_active_bg_color":"","osh_menu_social_links_color":"","osh_menu_social_hover_links_color":"","ocean_post_oembed":"","ocean_post_self_hosted_media":"","ocean_post_video_embed":"","ocean_link_format":"","ocean_link_format_target":"self","ocean_quote_format":"","ocean_quote_format_link":"post","ocean_gallery_link_images":"off","ocean_gallery_id":[],"footnotes":""},"categories":[1771,3],"tags":[1627,391,1686,1644,390,1048,656,1667,1153,280,899,1316,1481],"class_list":["post-17251","post","type-post","status-publish","format-standard","has-post-thumbnail","hentry","category-festival","category-konzert","tag-1627","tag-barcelona","tag-big-thief","tag-dry-cleaning","tag-festival","tag-konzert","tag-parc-del-forum","tag-primavera-sound-2022","tag-primavera-sound-festival","tag-ride","tag-slowdive","tag-spanien","tag-squid","entry","has-media"],"views":3999,"_links":{"self":[{"href":"https:\/\/www.pretty-paracetamol.de\/blog\/wp-json\/wp\/v2\/posts\/17251","targetHints":{"allow":["GET"]}}],"collection":[{"href":"https:\/\/www.pretty-paracetamol.de\/blog\/wp-json\/wp\/v2\/posts"}],"about":[{"href":"https:\/\/www.pretty-paracetamol.de\/blog\/wp-json\/wp\/v2\/types\/post"}],"author":[{"embeddable":true,"href":"https:\/\/www.pretty-paracetamol.de\/blog\/wp-json\/wp\/v2\/users\/2"}],"replies":[{"embeddable":true,"href":"https:\/\/www.pretty-paracetamol.de\/blog\/wp-json\/wp\/v2\/comments?post=17251"}],"version-history":[{"count":5,"href":"https:\/\/www.pretty-paracetamol.de\/blog\/wp-json\/wp\/v2\/posts\/17251\/revisions"}],"predecessor-version":[{"id":21644,"href":"https:\/\/www.pretty-paracetamol.de\/blog\/wp-json\/wp\/v2\/posts\/17251\/revisions\/21644"}],"wp:featuredmedia":[{"embeddable":true,"href":"https:\/\/www.pretty-paracetamol.de\/blog\/wp-json\/wp\/v2\/media\/17254"}],"wp:attachment":[{"href":"https:\/\/www.pretty-paracetamol.de\/blog\/wp-json\/wp\/v2\/media?parent=17251"}],"wp:term":[{"taxonomy":"category","embeddable":true,"href":"https:\/\/www.pretty-paracetamol.de\/blog\/wp-json\/wp\/v2\/categories?post=17251"},{"taxonomy":"post_tag","embeddable":true,"href":"https:\/\/www.pretty-paracetamol.de\/blog\/wp-json\/wp\/v2\/tags?post=17251"}],"curies":[{"name":"wp","href":"https:\/\/api.w.org\/{rel}","templated":true}]}}