{"id":17014,"date":"2022-05-11T20:24:55","date_gmt":"2022-05-11T18:24:55","guid":{"rendered":"https:\/\/www.pretty-paracetamol.de\/blog\/?p=17014"},"modified":"2023-01-27T21:50:17","modified_gmt":"2023-01-27T20:50:17","slug":"little-waves-festival-genk-07-05-2022","status":"publish","type":"post","link":"https:\/\/www.pretty-paracetamol.de\/blog\/little-waves-festival-genk-07-05-2022\/","title":{"rendered":"Little Waves Festival \u2013 Genk, 07.05.2022"},"content":{"rendered":"\n<p><strong>Ort:<\/strong> C-Mine, Genk<br><strong>Bands:<\/strong> Villagers, Ryley Walker, Andy Shauf, Sylvie Kreusch, Helena Deland<\/p>\n\n\n\n<div class=\"wp-block-image\"><figure class=\"aligncenter size-full\"><img fetchpriority=\"high\" decoding=\"async\" width=\"1200\" height=\"675\" src=\"https:\/\/www.pretty-paracetamol.de\/blog\/wp-content\/uploads\/2022\/05\/DSC03012.jpg\" alt=\"Villagers; Little Waves Festival \u2013 Genk, 07.05.2022\" class=\"wp-image-17016\"\/><\/figure><\/div>\n\n\n\n<p>Wenn das Out of the crowd Festival f\u00fcr laut steht, steht das Little Waves Festival f\u00fcr leise. In Genk bestimmen die Singer\/Songwriter*innen das Programm; es ist ein Festival f\u00fcr Freund*innen der ruhigen und sanften T\u00f6ne. Ausnahmen best\u00e4tigen nat\u00fcrlich diese Regel: <strong>Sylvie Kreusch<\/strong> in diesem Jahr, die <strong>Whispering Sons<\/strong> vor ein paar Jahren. In diesen F\u00e4llen greift Regel zwei des Little Waves Festivals: unterst\u00fctze belgische Bands.<\/p>\n\n\n\n<p>Zeitlich ist das Little Waves nicht so gut durchgetaktet wie das Out of the crowd Festival. Es gibt \u00dcberlagerungen zwischen den drei B\u00fchnen. Und f\u00fcr mich gibt es gr\u00f6\u00dfere L\u00fccken im Programm, da mich nicht alle K\u00fcnstler*innen gleicherma\u00dfen interessieren. Aber das Ambiente der C-Mine ist so toll, da l\u00e4sst sich das leicht verschmerzen und mit einem Spaziergang ausgleichen. Au\u00dferdem gibt es einen Food Truck mit belgischen Kartoffelspezialit\u00e4ten. Was will ich mehr?! <br>Freitags hatte ich mir den Tagesplan f\u00fcr Samstag zurechtgelegt: Nat\u00fcrlich <strong>Villagers<\/strong>, <strong>Ryley Walker<\/strong> und <strong>Andy Shauf<\/strong>, um am Abend anzufangen. Am Nachmittag auch <strong>Helena Deland<\/strong>. Da hatte ich mich zuvor ein bisschen reingeh\u00f6rt, die Songs der Kanadierin klingen interessant. Um die gut zweist\u00fcndige L\u00fccke zwischen Nachmittag und Abend nicht nur mit Spazieren gehen zu f\u00fcllen, entschied ich mich noch, <strong>Sylvie Kreusch<\/strong> anzusehen. Eine sch\u00f6ne Auswahl f\u00fcr einen spannenden Tag in Genk, wie ich finde. <br>Gegen 16 Uhr treffen wir in der ehemaligen Bergbaumine ein. In den letzten Jahren ist hier ein feines Kulturzentrum mit Konzerts\u00e4len, Ausstellungsr\u00e4umen und Kino entstanden, das auch ohne Konzerttermin einen Ausflug wert ist. Von Aachen ist man in weniger als einer Stunde hier, wir ben\u00f6tigen an diesem Samstagnachmittag 90 Minuten.<\/p>\n\n\n\n<div class=\"wp-block-image\"><figure class=\"aligncenter size-full\"><img decoding=\"async\" width=\"1200\" height=\"675\" src=\"https:\/\/www.pretty-paracetamol.de\/blog\/wp-content\/uploads\/2022\/05\/DSC02909.jpg\" alt=\"Helena Deland; Little Waves Festival \u2013 Genk, 07.05.2022\" class=\"wp-image-17020\"\/><\/figure><\/div>\n\n\n\n<p><strong>Helena Deland<\/strong> ist aktuell mit ihrem Landsmann <strong>Andy Shauf<\/strong> auf Tour. Tags zuvor spielten beide im K\u00f6lner Luxor; ein Konzert, das ich mir angesehen h\u00e4tte, wenn nicht dieser Termin klar gewesen w\u00e4re. Die Kanadierin er\u00f6ffnet f\u00fcr mich das Little Waves Festival. Vor der B\u00fchne stehen um kurz nach 16 Uhr vielleicht 50 Leute. Auf der B\u00fchne steht <strong>Helena Deland<\/strong> und es l\u00e4sst sie unbeeindruckt, dass 80% des Saales leer sind. Mehr wirft sie da schon ein Fan aus der Bahn, der sie aus dem Saal heraus anspricht und um ein Foto bittet. nach 40 Minuten ist ihr Auftritt vorbei und ich wei\u00df wieder, warum ich dieses kleine Festival so mag: es sind die ruhigen T\u00f6ne und das unaufgeregte Ambiente, die beim Little Waves f\u00fcr eine gute Zeit sorgen. Denn selbst wenn das Festival ausverkauft ist, oder so gut wie ausverkauft ist, wirkt es nie voll und un\u00fcbersichtlich, ist es nie hektisch. Es gibt immer einen Sitzplatz im Theatersaal; der kleine Saal ist nie zu voll und das Gel\u00e4nde drinnen und drau\u00dfen weitl\u00e4ufig genug, um auch mal seine Ruhe zu haben.<\/p>\n\n\n\n<div class=\"wp-block-image\"><figure class=\"aligncenter size-full\"><img decoding=\"async\" width=\"1200\" height=\"675\" src=\"https:\/\/www.pretty-paracetamol.de\/blog\/wp-content\/uploads\/2022\/05\/DSC02939.jpg\" alt=\"Sylvie Kreusch; Little Waves Festival \u2013 Genk, 07.05.2022\" class=\"wp-image-17019\"\/><\/figure><\/div>\n\n\n\n<p><strong>Sylvie Kreusch<\/strong> l\u00e4sst mich an <strong>Florence and the machine<\/strong> denken. Nicht musikalisch, mehr durch ihre B\u00fchnenpr\u00e4senz. Die Belgierin bringt eine vierk\u00f6pfige Begleitband mit und liefert die opulenteste Show, die ich bei diesem Little Waves Festival sehe. Mit Kopftuch und schwarzgerandeter Sonnenbrille sieht sie aus wie eine 1960er Jahre Filmikone. Eine imposante Erscheinung, die &#8211; so denke ich &#8211; alle Blicke im Saal auf sich zieht. Musikalisch ist es bei <strong>Sylvie Kreusch<\/strong> so: 2021 erschien ihr Deb\u00fctalbum <em>Montbray<\/em>. Ich mache es mir einfach und zitiere Laut.de, die folgendes dar\u00fcber schreiben:<\/p>\n\n\n\n<blockquote class=\"wp-block-quote is-layout-flow wp-block-quote-is-layout-flow\"><p>Dass ein Beziehungsende die gegens\u00e4tzlichsten und verwirrendsten Reaktionen hervorrufen kann, beweist sie auf &#8222;Montbray&#8220; umf\u00e4nglich: Akzeptanz, Vorwurf, Wut, Beleidigung, Heimsuchung, Neuanfang &#8211; you name it, she sings it. Dabei h\u00fcllt die Belgierin ihre Emotionen in hypnotisierenden Pop, der mal atmosph\u00e4risch, mal tanzbar ausf\u00e4llt &#8211; je nachdem, was besser zu Kopfsch\u00fctteln \u00fcber die eigene Naivit\u00e4t, sarkastischen Fragen oder bitteren Vorhaltungen passt.<\/p><\/blockquote>\n\n\n\n<p>Angesprochen wird hier die Trennung <strong>Sylvie Kreuschs<\/strong> von <strong>Maarten Devoldere<\/strong>, dem S\u00e4nger der belgischen Band <strong>Balthazar<\/strong>, die ich sogar schon einmal vor Jahren im Garten des Molotows zum Reeperbahnfestival gesehen habe. Die waren ganz gut, nebenbei bemerkt. <br>Doch zur\u00fcck zu <strong>Sylvie Kreusch<\/strong>. Live schwingt viel Pathos in ihrem Auftritt mit; ihre Gesten und der Tanzstil sind sehr extrovertiert. Oft beugt sie sich zu den ersten Reihen herunter, stolziert \u00fcber die B\u00fchne und verliert das ein oder andere Mal ihr Kopftuch. In Belgien scheint sie eine gute Fangemeinde zu haben, der Saal in der C-Mine ist sehr gut gef\u00fcllt. So ganz ist das nicht meins, trotzdem bin ich irgendwie beeindruckt und gefangen von der B\u00fchnenpr\u00e4senz und Show der <strong>Sylvie Kreusch<\/strong>. Mehr aber auch nicht.<\/p>\n\n\n\n<div class=\"wp-block-image\"><figure class=\"aligncenter size-full\"><img loading=\"lazy\" decoding=\"async\" width=\"1200\" height=\"675\" src=\"https:\/\/www.pretty-paracetamol.de\/blog\/wp-content\/uploads\/2022\/05\/DSC02966.jpg\" alt=\"Andy Shauf; Little Waves Festival \u2013 Genk, 07.05.2022\" class=\"wp-image-17018\"\/><\/figure><\/div>\n\n\n\n<p>Restlos \u00fcberzeugt bin ich von <strong>Andy Shauf <\/strong>bereits beim Soundcheck. Ein paar Minuten vor seinem Konzert steht er noch auf der B\u00fchne und sucht mit den Technikern die letzten Soundeinstellungen. Die ersten Leute stehen schon vor der B\u00fchne und gucken sich das Schauspiel interessiert an. Ich auch. Die Band spielt diverse Songs an und schon bei diesen Fragmenten werde ich Fan. Yachrockig klingt das, nach lauschigster Fahrstuhlmusik (im positiven) Sinn. Ein eher jazziges Schlagzeug, das mehr gewischt denn geschlagen wird, ein Saxophon und eine Bassklarinette schmeicheln mir. Dazu die ruhige, sanfte Stimme <strong>Andy Shaufs<\/strong>, die ab und an an Josh Rouse erinnert. Ja, ein Konzert h\u00e4tte es nicht mehr ben\u00f6tigt, um mich zu \u00fcberzeugen. <br>Die n\u00e4chste Stunde ist dann durchg\u00e4ngig toll. Und unaufgeregt. <strong>Andy Shauf <\/strong>ist ein zur\u00fcckhaltender S\u00e4nger und Frontmann, der sich oft in die Reihe seiner Mitmusiker stellt. Mir scheint es so, dass er nicht der sein will, der vorne steht. \u2018Ob man das Licht nicht ein bisschen dimmen k\u00f6nne\u2019, fragt nach den ersten beiden Songs den Lichttechniker. Man kann. Und dann spielt <strong>Andy Shauf<\/strong> einfach wundersch\u00f6ne Melodien ohne Ende. und ich frage mich zwischendurch immer wieder, wieso ich <strong>Andy Shauf<\/strong> nicht fr\u00fcher entdeckt habe und wieso ich so Wenige seiner Songs kenne. Ein fataler Umstand, den ich dringend \u00e4ndern mu\u00df. Letztes Jahr erschien sein aktuelles Album <em>Wilds,<\/em> aus dem er an diesem Abend eine Menge Songs spielt. Anfang des Jahres erschien mit \u201eSatan\u201c eine neue Single, die <strong>Andy Shauf<\/strong> auch vortr\u00e4gt. Das Vorg\u00e4ngeralbum <em>Neon Skyline<\/em> aus dem Jahr 2020 ist ebenso mehrmals vertreten, nat\u00fcrlich auch mit dem Song \u201eNeon skyline\u201c. Ja genau, der Song, den <strong>Barack Obama<\/strong> auf seiner Playlist hatte. Und was <strong>Barack Obama<\/strong> gef\u00e4llt, \u2026<\/p>\n\n\n\n<figure class=\"wp-block-embed aligncenter is-type-video is-provider-youtube wp-block-embed-youtube wp-embed-aspect-16-9 wp-has-aspect-ratio\"><div class=\"wp-block-embed__wrapper\">\n<p class=\"responsive-video-wrap clr\"><iframe title=\"Live: Andy Shauf - Things I do\" width=\"1200\" height=\"675\" src=\"https:\/\/www.youtube.com\/embed\/iM0U8yv6pOA?feature=oembed\" frameborder=\"0\" allow=\"accelerometer; autoplay; clipboard-write; encrypted-media; gyroscope; picture-in-picture\" allowfullscreen><\/iframe><\/p>\n<\/div><\/figure>\n\n\n\n<p><strong>Setlist:<\/strong> <br>01: Neon skyline <br>02: Clove cigarette <br>03: Where are you Judy <br>04: Spanish on the beach <br>05: Twist my ankle <br>06: Begin again <br>07: Living room <br>08: Things I do <br>09: Try again <br>10: Television blue <br>11: Quite like you <br>12: Thirteen hours <br>13: To you <br>14: The Magician <br>15: Satan<\/p>\n\n\n\n<div class=\"wp-block-image\"><figure class=\"aligncenter size-full\"><img loading=\"lazy\" decoding=\"async\" width=\"1200\" height=\"675\" src=\"https:\/\/www.pretty-paracetamol.de\/blog\/wp-content\/uploads\/2022\/05\/DSC02991.jpg\" alt=\"Ryley Walker; Little Waves Festival \u2013 Genk, 07.05.2022\" class=\"wp-image-17017\"\/><\/figure><\/div>\n\n\n\n<p>Eine der Besonderheiten des Little Waves ist es, dass die K\u00fcnstler*innen von einer Conf\u00e9rencieuse vorgestellt werden. Die junge Dame kommt vor dem ersten Song auf die B\u00fchne und liest von ihrem Tablet W\u00f6rter ab, die die Musiker*innen und deren Werk beschreiben sollen. Man kennt. Oft l\u00e4uft das unspektakul\u00e4r ab, die K\u00fcnstler*innen stehen daneben und konzentrieren sich auf ihren Auftritt. Anders<strong> Ryley Walker<\/strong>. Er versteht das ein oder andere Wort und kommentiert durch Zwischenrufe und Gesten. \u2018Fingerpicking\u2019, <strong>Ryley Walker<\/strong> nickt und lacht in sich hinein, \u2018jazziger Schlagzeuger\u2019, <strong>Ryley Walker <\/strong>bejaht. Ein bisschen fl\u00e4misch versteht halt jeder; die Sprache besitzt einige allgemeinverst\u00e4ndliche W\u00f6rter.&nbsp;<\/p>\n\n\n\n<p><strong>Ryley Walker<\/strong> ist ein komischer Typ. Nicht-Frisur, leicht verpeilt wirkend. Zu Beginn philosophiert er erst einmal ein paar Minuten \u00fcber Pommes und Mayonnaise. Beides super Sachen, von denen er nicht genug bekommen kann. Mayonnaise hat es ihm sehr angetan, die g\u00e4be es ja so in den USA nicht zu Pommes. Wenn er so erz\u00e4hlt, schiebt er sein Kaugummi von einer Wangenseite in die andere und er spricht nicht ins Mikrofon, <strong>Ryley Walker<\/strong> br\u00fcllt, als ob er der Mikrofontechnik nicht trauen w\u00fcrde. Das ist spa\u00dfig, aber auf Dauer ein bisschen nervig.<\/p>\n\n\n\n<p>Seit 2014 hat <strong>Ryley Walker<\/strong> eine Vielzahl von Ver\u00f6ffentlichungen vorgelegt (darunter auch ein Album mit Coversongs der <strong>Dave Matthews Band<\/strong>), die ich alle nicht kenne. Ein bisschen was kenne ich von seiner letzten Platte <em>Course in fable<\/em>. Fingerpicking ist eine bestimmte Technik des Gitarre Spielens. Dabei schl\u00e4gt man die Gitarrensaiten nicht mit einem Plektrum, sondern man zupfst sie einzeln mit den Fingern. <strong>Ryley Walker<\/strong> kann das wirklich sehr gut, und es sieht manchmal lustig aus, wenn er seine vier Finger \u00fcber die Saiten legt und damit zugreift. Die Konzentration in den Songs liegt auf dem Gitarrenspiel, entsprechend sind die einzelnen St\u00fccke durchsetzt mit Soli. Und dadurch lang. Im einst\u00fcndigen Set spielen die drei (neben <strong>Ryley Walker<\/strong> stehen ein Bassist und Schlagzeuger auf der B\u00fchne) vier oder f\u00fcnf Songs. Langatmig wird es dadurch aber nicht.<\/p>\n\n\n\n<figure class=\"wp-block-embed aligncenter is-type-video is-provider-youtube wp-block-embed-youtube wp-embed-aspect-16-9 wp-has-aspect-ratio\"><div class=\"wp-block-embed__wrapper\">\n<p class=\"responsive-video-wrap clr\"><iframe title=\"Ryley Walker - Opening songs (titles, anybody?) on Little Waves Festival, C-Mine, Genk - 2022-05-07\" width=\"1200\" height=\"675\" src=\"https:\/\/www.youtube.com\/embed\/VzUCkD2Da6o?feature=oembed\" frameborder=\"0\" allow=\"accelerometer; autoplay; clipboard-write; encrypted-media; gyroscope; picture-in-picture\" allowfullscreen><\/iframe><\/p>\n<\/div><\/figure>\n\n\n\n<p>Und \u00fcberhaupt: Genk oder Gent. Neben Mayonnaise das zweite gro\u00dfe Gespr\u00e4chsthema. Wie lebt es sich in einer Stadt, die dauernd mit Gent verwechselt wird? Egal. Hauptsache Belgien. Und Pommes Frites. Der S\u00e4nger der <strong>Villagers <\/strong>ist grau geworden. Kein Wunder, dass mich das verwundert, ich habe die Band das letzte Mal vor gut 12 Jahren gesehen und seitdem ehrlich gesagt nicht mehr beachtet. Schaue ich in den Spiegel, sehe ich ganz genau, was 12 Jahre anrichten k\u00f6nnen. Um kurz vor Mitternacht sehe ich <strong>Conor O&#8217;Brien<\/strong> wieder. Musikalisch haben sich die <strong>Villagers <\/strong>nicht gro\u00df ge\u00e4ndert, stelle ich schnell fest. Immer noch haben sie diese sch\u00f6nen ruhigen, melodi\u00f6sen, tagtr\u00e4umerischen Popsongs, denen ich mich dann und wann nicht entziehen kann. Es reicht bei mir zwar nicht zu absolutem Fantum, aber schon vor Jahren genoss ich ihre Konzerte sehr. Im richtigen Mood mag ich mir die <strong>Villagers<\/strong> live bedingungslos ansehen. Da haben sie gro\u00dfe \u00c4hnlichkeit zu <strong>Elbow<\/strong>, die mich live in eine \u00e4hnliche Stimmung versetzen k\u00f6nnen. So steht es auch zu keiner Zeit in Frage, den <strong>Villagers <\/strong>Auftritt mitzunehmen. \u00dcberdies ist es ein sch\u00f6nes Konzert, das den Abend rund macht und uns gem\u00fctlich in die Nacht entl\u00e4sst.<\/p>\n\n\n\n<figure class=\"wp-block-embed aligncenter is-type-video is-provider-youtube wp-block-embed-youtube wp-embed-aspect-16-9 wp-has-aspect-ratio\"><div class=\"wp-block-embed__wrapper\">\n<p class=\"responsive-video-wrap clr\"><iframe title=\"Live: Villagers - Song in seven\" width=\"1200\" height=\"675\" src=\"https:\/\/www.youtube.com\/embed\/_-JETafk8G0?feature=oembed\" frameborder=\"0\" allow=\"accelerometer; autoplay; clipboard-write; encrypted-media; gyroscope; picture-in-picture\" allowfullscreen><\/iframe><\/p>\n<\/div><\/figure>\n\n\n\n<p><strong>Kontextkonzerte:<\/strong><br><a href=\"https:\/\/www.pretty-paracetamol.de\/blog\/little-waves-festival-genk-13-04-2019\/\">Little Waves Festival \u2013 Genk, 13.04.2019 \/ C-Mine<\/a><br><a rel=\"noreferrer noopener\" href=\"https:\/\/www.pretty-paracetamol.de\/blog\/little-waves-festival-genk-14-04-2018\/\" target=\"_blank\">Little Waves Festival \u2013 Genk, 14.04.2018 \/ C-Mine<\/a><\/p>\n\n\n\n<p><\/p>\n","protected":false},"excerpt":{"rendered":"<p>Wenn das Out of the crowd Festival f\u00fcr laut steht, steht das Little Waves Festival f\u00fcr leise. In Genk bestimmen die Singer\/Songwriter*innen das Programm; es ist ein Festival f\u00fcr Freund*innen der ruhigen und sanften T\u00f6ne. Ausnahmen best\u00e4tigen nat\u00fcrlich diese Regel: Sylvie Kreusch in diesem Jahr, die Whispering Sons vor ein paar Jahren. In diesen F\u00e4llen greift Regel zwei des Little Waves Festivals: unterst\u00fctze belgische Bands.<\/p>\n","protected":false},"author":2,"featured_media":17025,"comment_status":"open","ping_status":"open","sticky":false,"template":"","format":"standard","meta":{"_seopress_robots_primary_cat":"none","_seopress_titles_title":"pretty-paracetamol in concert: %%post_title%%","_seopress_titles_desc":"Wenn das Out of the crowd Festival f\u00fcr laut steht, steht das Little Waves Festival f\u00fcr leise. In Genk bestimmen die Singer\/Songwriter*innen das Programm; es ist ein Festival f\u00fcr Freund*innen der ruhigen und sanften T\u00f6ne.","_seopress_robots_index":"","ocean_post_layout":"","ocean_both_sidebars_style":"","ocean_both_sidebars_content_width":0,"ocean_both_sidebars_sidebars_width":0,"ocean_sidebar":"0","ocean_second_sidebar":"0","ocean_disable_margins":"enable","ocean_add_body_class":"","ocean_shortcode_before_top_bar":"","ocean_shortcode_after_top_bar":"","ocean_shortcode_before_header":"","ocean_shortcode_after_header":"","ocean_has_shortcode":"","ocean_shortcode_after_title":"","ocean_shortcode_before_footer_widgets":"","ocean_shortcode_after_footer_widgets":"","ocean_shortcode_before_footer_bottom":"","ocean_shortcode_after_footer_bottom":"","ocean_display_top_bar":"default","ocean_display_header":"default","ocean_header_style":"","ocean_center_header_left_menu":"0","ocean_custom_header_template":"0","ocean_custom_logo":0,"ocean_custom_retina_logo":0,"ocean_custom_logo_max_width":0,"ocean_custom_logo_tablet_max_width":0,"ocean_custom_logo_mobile_max_width":0,"ocean_custom_logo_max_height":0,"ocean_custom_logo_tablet_max_height":0,"ocean_custom_logo_mobile_max_height":0,"ocean_header_custom_menu":"0","ocean_menu_typo_font_family":"0","ocean_menu_typo_font_subset":"","ocean_menu_typo_font_size":0,"ocean_menu_typo_font_size_tablet":0,"ocean_menu_typo_font_size_mobile":0,"ocean_menu_typo_font_size_unit":"px","ocean_menu_typo_font_weight":"","ocean_menu_typo_font_weight_tablet":"","ocean_menu_typo_font_weight_mobile":"","ocean_menu_typo_transform":"","ocean_menu_typo_transform_tablet":"","ocean_menu_typo_transform_mobile":"","ocean_menu_typo_line_height":0,"ocean_menu_typo_line_height_tablet":0,"ocean_menu_typo_line_height_mobile":0,"ocean_menu_typo_line_height_unit":"","ocean_menu_typo_spacing":0,"ocean_menu_typo_spacing_tablet":0,"ocean_menu_typo_spacing_mobile":0,"ocean_menu_typo_spacing_unit":"","ocean_menu_link_color":"","ocean_menu_link_color_hover":"","ocean_menu_link_color_active":"","ocean_menu_link_background":"","ocean_menu_link_hover_background":"","ocean_menu_link_active_background":"","ocean_menu_social_links_bg":"","ocean_menu_social_hover_links_bg":"","ocean_menu_social_links_color":"","ocean_menu_social_hover_links_color":"","ocean_disable_title":"default","ocean_disable_heading":"default","ocean_post_title":"","ocean_post_subheading":"","ocean_post_title_style":"","ocean_post_title_background_color":"","ocean_post_title_background":0,"ocean_post_title_bg_image_position":"","ocean_post_title_bg_image_attachment":"","ocean_post_title_bg_image_repeat":"","ocean_post_title_bg_image_size":"","ocean_post_title_height":0,"ocean_post_title_bg_overlay":0.5,"ocean_post_title_bg_overlay_color":"","ocean_disable_breadcrumbs":"default","ocean_breadcrumbs_color":"","ocean_breadcrumbs_separator_color":"","ocean_breadcrumbs_links_color":"","ocean_breadcrumbs_links_hover_color":"","ocean_display_footer_widgets":"default","ocean_display_footer_bottom":"default","ocean_custom_footer_template":"0","osh_disable_topbar_sticky":"default","osh_disable_header_sticky":"default","osh_sticky_header_style":"default","osh_sticky_header_effect":"","osh_custom_sticky_logo":0,"osh_custom_retina_sticky_logo":0,"osh_custom_sticky_logo_height":0,"osh_background_color":"","osh_links_color":"","osh_links_hover_color":"","osh_links_active_color":"","osh_links_bg_color":"","osh_links_hover_bg_color":"","osh_links_active_bg_color":"","osh_menu_social_links_color":"","osh_menu_social_hover_links_color":"","ocean_post_oembed":"","ocean_post_self_hosted_media":"","ocean_post_video_embed":"","ocean_link_format":"","ocean_link_format_target":"self","ocean_quote_format":"","ocean_quote_format_link":"post","ocean_gallery_link_images":"off","ocean_gallery_id":[],"footnotes":""},"categories":[1771,3],"tags":[1627,1656,1096,1278,390,1277,1658,1048,1408,1409,1655,1657,721],"class_list":["post-17014","post","type-post","status-publish","format-standard","has-post-thumbnail","hentry","category-festival","category-konzert","tag-1627","tag-andy-shauf","tag-belgien","tag-c-mine","tag-festival","tag-genk","tag-helena-deland","tag-konzert","tag-little-waves","tag-little-waves-festival","tag-ryley-walker","tag-sylvie-kreusch","tag-villagers","entry","has-media"],"views":3836,"_links":{"self":[{"href":"https:\/\/www.pretty-paracetamol.de\/blog\/wp-json\/wp\/v2\/posts\/17014","targetHints":{"allow":["GET"]}}],"collection":[{"href":"https:\/\/www.pretty-paracetamol.de\/blog\/wp-json\/wp\/v2\/posts"}],"about":[{"href":"https:\/\/www.pretty-paracetamol.de\/blog\/wp-json\/wp\/v2\/types\/post"}],"author":[{"embeddable":true,"href":"https:\/\/www.pretty-paracetamol.de\/blog\/wp-json\/wp\/v2\/users\/2"}],"replies":[{"embeddable":true,"href":"https:\/\/www.pretty-paracetamol.de\/blog\/wp-json\/wp\/v2\/comments?post=17014"}],"version-history":[{"count":6,"href":"https:\/\/www.pretty-paracetamol.de\/blog\/wp-json\/wp\/v2\/posts\/17014\/revisions"}],"predecessor-version":[{"id":17070,"href":"https:\/\/www.pretty-paracetamol.de\/blog\/wp-json\/wp\/v2\/posts\/17014\/revisions\/17070"}],"wp:featuredmedia":[{"embeddable":true,"href":"https:\/\/www.pretty-paracetamol.de\/blog\/wp-json\/wp\/v2\/media\/17025"}],"wp:attachment":[{"href":"https:\/\/www.pretty-paracetamol.de\/blog\/wp-json\/wp\/v2\/media?parent=17014"}],"wp:term":[{"taxonomy":"category","embeddable":true,"href":"https:\/\/www.pretty-paracetamol.de\/blog\/wp-json\/wp\/v2\/categories?post=17014"},{"taxonomy":"post_tag","embeddable":true,"href":"https:\/\/www.pretty-paracetamol.de\/blog\/wp-json\/wp\/v2\/tags?post=17014"}],"curies":[{"name":"wp","href":"https:\/\/api.w.org\/{rel}","templated":true}]}}