{"id":16450,"date":"2022-03-04T20:02:26","date_gmt":"2022-03-04T19:02:26","guid":{"rendered":"https:\/\/www.pretty-paracetamol.de\/blog\/?p=16450"},"modified":"2022-03-04T20:20:20","modified_gmt":"2022-03-04T19:20:20","slug":"damon-albarn-bruessel-01-03-2022","status":"publish","type":"post","link":"https:\/\/www.pretty-paracetamol.de\/blog\/damon-albarn-bruessel-01-03-2022\/","title":{"rendered":"Damon Albarn &#8211; Br\u00fcssel, 01.03.2022"},"content":{"rendered":"\n<p><strong>Ort:<\/strong> Palais des Beaux-Arts, Br\u00fcssel<br><strong>Vorband: <\/strong>&#8211;<\/p>\n\n\n\n<div class=\"wp-block-image\"><figure class=\"aligncenter size-full\"><img fetchpriority=\"high\" decoding=\"async\" width=\"1200\" height=\"675\" src=\"https:\/\/www.pretty-paracetamol.de\/blog\/wp-content\/uploads\/2022\/03\/DSC02092.jpg\" alt=\"Damon Albarn - Luxemburg, 26.02.2022\" class=\"wp-image-16455\"\/><\/figure><\/div>\n\n\n\n<p>Endlich. <strong>Damon Albarn im Bozar<\/strong> in Br\u00fcssel. Die Geschichte zu diesem Konzert ist lang und begann im Juli 2019, als wir flux nach der Bekanntgabe des <strong>Damon Albarn<\/strong> Konzertes (angesetztes Datum: 18.05.2020) Tickets f\u00fcr das Bozar klar machten. Zur Auswahl standen nicht mehr viele Pl\u00e4tze, wir entscheiden uns seinerzeit, auch wegen des Preises, f\u00fcr sichtbehinderte Pl\u00e4tze im 2. Oberrang. 20 Euro sind besser als die aufgerufenen 60 Euro im Parterre.&nbsp;<\/p>\n\n\n\n<p>Das Konzert fand nie statt, nat\u00fcrlich nicht. Stattdessen gab es am Tag ein Onlinekonzert, das <strong>Damon Albarn<\/strong> aus einem Ort Namens The Barn streamte. Zwischenzeitlich wurde der Termin nochmal verschoben, aber jetzt, gute zweieinhalb Jahre sp\u00e4ter, ist es soweit. <br>Die Tour ist neu arrangiert und findet statt. Kurzfristig kam noch ein Termin in Luxemburg dazu; ich denke, der war in den 2019er Planungen noch nicht enthalten. Schnell entschieden wir, auch dieses Konzert zu besuchen. Nach zwei Jahren mit sehr wenigen Konzerten kann ich <strong>Damon Albarn<\/strong> ruhigen Gewissens zweimal innerhalb von vier Tagen sehen.<\/p>\n\n\n\n<p>Das Bozar ist enorm un\u00fcbersichtlich und wirkt dadurch noch gr\u00f6sser, als das gut 100 Jahre alte Geb\u00e4ude tats\u00e4chlich ist. 2000 Sitzpl\u00e4tze bietet der gro\u00dfe Saal, dar\u00fcber hinaus finden in dem Kultur- und Kunstzentrum auch Ausstellungen, Konferenzen und Filmvorf\u00fchrungen statt. Das Palais des Beaux-Arts, wie das Bozar offiziell hei\u00dft, ist also nicht nur Konzertort. Kapazit\u00e4tsm\u00e4\u00dfig ist es damit doppelt so gro\u00df wie die Philharmonie in Luxemburg. Ausverkauft, bzw. nahezu ausverkauft ist es hier auch. Neben uns im Nachbarbalkon sind noch zwei, drei Pl\u00e4tze frei, weitere L\u00fccken kann ich im Saal nicht erkennen. Das Parterre scheint restlos besetzt. <br>Mit einigen M\u00fchen finden wir unsere Pl\u00e4tze. Die Platzbezeichnungen sind auf den ersten Blick unlogisch, und es ist mein erster Besuch im Bozar. 2. Balkon Oberrang. Eine Platzkategorie, die ich nicht empfehlen kann. Dass das eine gute Entscheidung mit Luxemburg war, wird mir jetzt klar. Sichtbehinderter Sitzplatz bedeutet n\u00e4mlich, nahezu keine Sicht auf die B\u00fchne. Ein bisschen sehe ich, ein kleines bisschen. Wenn ich mich strecke. Ansonsten sind die Br\u00fcstung und die vordere Reihe im Sichtfeld suboptimal pr\u00e4sent. Aber auch die nicht-sichtbehinderten Pl\u00e4tze weiter links von mir scheinen irgendwie nicht besser zu sein. Irgendwann stehen die Leute und zur Zugabe stehe ich dann auch. Allerdings hinten an der T\u00fcr, nicht in meiner Reihe zwei Meter weiter vorne. Von hier habe ich tats\u00e4chlich einen nahezu sichtfreien Blick auf die B\u00fchne. Das erste Mal an diesem Abend. Aber das reicht mir heute. Ich muss allerdings gestehen, dass ich mich sehr ge\u00e4rgert h\u00e4tte, wenn ich nicht schon zwei Tage zuvor die Erstausgabe dieses Konzert gesehen h\u00e4tte. Es war n\u00e4mlich eine eins zu eins Kopie des Luxemburger Konzertes. Selbst der Hut des Bassisten und auch <strong>Damon Albarns<\/strong> Hemd sind dieselben wie drei tage zuvor. Die Setlist, musikalische Zwischenspiele und Gestik eh\u2019; also bis auf \u201eOut of time\u201c.<\/p>\n\n\n\n<div class=\"wp-block-image\"><figure class=\"aligncenter size-full\"><img decoding=\"async\" width=\"1200\" height=\"675\" src=\"https:\/\/www.pretty-paracetamol.de\/blog\/wp-content\/uploads\/2022\/03\/DSC02104.jpg\" alt=\"Damon Albarn - Luxemburg, 26.02.2022\" class=\"wp-image-16456\"\/><\/figure><\/div>\n\n\n\n<p>Im Nachgang betrachtet war es ein Konzert, das ich mir h\u00e4tte schenken k\u00f6nnen. In Luxemburg hatte ich bereits alles gesehen und geh\u00f6rt. Aber was willste machen, wenn die Zugpl\u00e4tze lange gekauft sind &#8211; und im Super Sparpreis unversch\u00e4mt g\u00fcnstig waren &#8211; und alles geplant ist? Dann f\u00e4hrste eben hin. Und sei es nur, um sp\u00e4ter festzustellen, dass \u201eCombustion\u201c am Anfang auffallend nach <strong>Pulps <\/strong>\u201eCommon people\u201c klingt. In Luxemburg hatte ich das so nicht gemerkt. <br>Auch ist es sch\u00f6n, \u201cStrange news from another star\u201d mal wieder zu h\u00f6ren. Schlie\u00dflich war das 1997er <em>Blur <\/em>Album seinerzeit mein gro\u00dfer Favorit. Es war so viel mehr als nur \u201eBeetlebum\u201c und \u201eSong 2\u201c, an die man sich heute vielleicht noch erinnert. \u201eStrange news from another star\u201c ist keiner der gro\u00dfen <strong>Blur <\/strong>Hits; ich glaube, es war noch nicht einmal eine Singleauskopplung. Die Reaktionen im Bozar lassen mich darauf schlie\u00dfen, dass nicht viele den Song kennen und\/oder erkannt haben. Ach ja, \u201eStrange news from another star\u201c ist an diesem Abend das \u201eOut of time\u201c vom Luxemburg Konzert. Der dritte und letzte Song der Zugabe, die einzige St\u00fcck aus dem <strong>Blur <\/strong>Backkatalog.<\/p>\n\n\n\n<p>Ein blindes Konzerterlebnis ist nicht schlimm, wenn man zwei Tage zuvor alles gesehen hat. Ich frage mich nur, was <strong>Damon Albarn<\/strong> beim urspr\u00fcnglichen Konzerttermin 2020 gespielt h\u00e4tte. Sein aktuelles Album <em>The nearer the fountain, more pure the stream flows<\/em> wurde ja erst letztes Jahr im Herbst ver\u00f6ffentlicht.<\/p>\n\n\n\n<figure class=\"wp-block-embed aligncenter is-type-video is-provider-youtube wp-block-embed-youtube wp-embed-aspect-16-9 wp-has-aspect-ratio\"><div class=\"wp-block-embed__wrapper\">\n<p class=\"responsive-video-wrap clr\"><iframe title=\"Live: Damon Albarn - Strange news from another star\" width=\"1200\" height=\"675\" src=\"https:\/\/www.youtube.com\/embed\/NDeatmugxTA?feature=oembed\" frameborder=\"0\" allow=\"accelerometer; autoplay; clipboard-write; encrypted-media; gyroscope; picture-in-picture\" allowfullscreen><\/iframe><\/p>\n<\/div><\/figure>\n\n\n\n<p><strong>Setlist: <\/strong><br>01: The nearer the fountain, more pure the stream flows <br>02: The Cormorant <br>03: Royal morning blue  <br>04: Combustion <br>05: Daft Wader <br>06: Darkness to light <br>07: Esja <br>08: The Tower of Montevideo <br>09: Giraffe trumpet sea <br>10: Polaris <br>11: Particles <br>Zugabe: <br>12: The bollocked man <br>13: Island  <br>14: Strange news from another star <\/p>\n\n\n\n<p><strong>Kontextkonzerte:<\/strong><br><a rel=\"noreferrer noopener\" href=\"https:\/\/www.pretty-paracetamol.de\/blog\/damon-albarn-luxemburg-26-02-2022\/\" target=\"_blank\">Damon Albarn &#8211; Luxemburg, 26.02.2022 \/ Philharmonie<\/a><br><a rel=\"noreferrer noopener\" href=\"https:\/\/www.pretty-paracetamol.de\/blog\/damon-albarn-the-barn-18-05-2020\/\" target=\"_blank\">Damon Albarn &#8211; The barn, 18.05.2020<\/a> <br><a rel=\"noreferrer noopener\" href=\"https:\/\/www.pretty-paracetamol.de\/blog\/the-good-the-bad-the-queen-luxemburg-15-08-2019\/\" target=\"_blank\">The Good, the Bad &amp; the Queen \u2013 Luxemburg, 15.08.2019 \/ den Atelier<\/a><br><a rel=\"noreferrer noopener\" href=\"https:\/\/www.pretty-paracetamol.de\/blog\/gorillaz-koeln-20-06-2017\/\" target=\"_blank\">Gorillaz \u2013 K\u00f6ln, 20.06.2017 \/ Palladium<\/a><br><a rel=\"noreferrer noopener\" href=\"https:\/\/www.pretty-paracetamol.de\/blog\/primavera-sound-festival-barcelona-24-05-2013\/\" target=\"_blank\">Blur \u2013 Barcelona Primaver Sound Festival, 24.05.2013<\/a> <\/p>\n","protected":false},"excerpt":{"rendered":"<p>Endlich. Damon Albarn im Bozar in Br\u00fcssel. Die Geschichte zu diesem Konzert ist lang und begann im Juli 2019, als wir flux nach der Bekanntgabe des Damon Albarn Konzertes (angesetztes Datum: 18.05.2020) Tickets f\u00fcr das Bozar klar machten. Zur Auswahl standen nicht mehr viele Pl\u00e4tze, wir entscheiden uns seinerzeit, auch wegen des Preises, f\u00fcr sichtbehinderte Pl\u00e4tze im 2. Oberrang. 20 Euro sind besser als die aufgerufenen 60 Euro im Parterre.\u00a0<\/p>\n","protected":false},"author":2,"featured_media":16453,"comment_status":"open","ping_status":"open","sticky":false,"template":"","format":"standard","meta":{"_seopress_robots_primary_cat":"none","_seopress_titles_title":"pretty-paracetamol in concert: %%post_title%%","_seopress_titles_desc":"Endlich. Damon Albarn im Bozar in Br\u00fcssel. Die Geschichte zu diesem Konzert ist lang und begann im Juli 2019, als wir flux nach der Bekanntgabe des Damon Albarn Konzertes (angesetztes Datum: 18.05.2020) Tickets f\u00fcr das Bozar klar machten.","_seopress_robots_index":"","ocean_post_layout":"","ocean_both_sidebars_style":"","ocean_both_sidebars_content_width":0,"ocean_both_sidebars_sidebars_width":0,"ocean_sidebar":"0","ocean_second_sidebar":"0","ocean_disable_margins":"enable","ocean_add_body_class":"","ocean_shortcode_before_top_bar":"","ocean_shortcode_after_top_bar":"","ocean_shortcode_before_header":"","ocean_shortcode_after_header":"","ocean_has_shortcode":"","ocean_shortcode_after_title":"","ocean_shortcode_before_footer_widgets":"","ocean_shortcode_after_footer_widgets":"","ocean_shortcode_before_footer_bottom":"","ocean_shortcode_after_footer_bottom":"","ocean_display_top_bar":"default","ocean_display_header":"default","ocean_header_style":"","ocean_center_header_left_menu":"0","ocean_custom_header_template":"0","ocean_custom_logo":0,"ocean_custom_retina_logo":0,"ocean_custom_logo_max_width":0,"ocean_custom_logo_tablet_max_width":0,"ocean_custom_logo_mobile_max_width":0,"ocean_custom_logo_max_height":0,"ocean_custom_logo_tablet_max_height":0,"ocean_custom_logo_mobile_max_height":0,"ocean_header_custom_menu":"0","ocean_menu_typo_font_family":"0","ocean_menu_typo_font_subset":"","ocean_menu_typo_font_size":0,"ocean_menu_typo_font_size_tablet":0,"ocean_menu_typo_font_size_mobile":0,"ocean_menu_typo_font_size_unit":"px","ocean_menu_typo_font_weight":"","ocean_menu_typo_font_weight_tablet":"","ocean_menu_typo_font_weight_mobile":"","ocean_menu_typo_transform":"","ocean_menu_typo_transform_tablet":"","ocean_menu_typo_transform_mobile":"","ocean_menu_typo_line_height":0,"ocean_menu_typo_line_height_tablet":0,"ocean_menu_typo_line_height_mobile":0,"ocean_menu_typo_line_height_unit":"","ocean_menu_typo_spacing":0,"ocean_menu_typo_spacing_tablet":0,"ocean_menu_typo_spacing_mobile":0,"ocean_menu_typo_spacing_unit":"","ocean_menu_link_color":"","ocean_menu_link_color_hover":"","ocean_menu_link_color_active":"","ocean_menu_link_background":"","ocean_menu_link_hover_background":"","ocean_menu_link_active_background":"","ocean_menu_social_links_bg":"","ocean_menu_social_hover_links_bg":"","ocean_menu_social_links_color":"","ocean_menu_social_hover_links_color":"","ocean_disable_title":"default","ocean_disable_heading":"default","ocean_post_title":"","ocean_post_subheading":"","ocean_post_title_style":"","ocean_post_title_background_color":"","ocean_post_title_background":0,"ocean_post_title_bg_image_position":"","ocean_post_title_bg_image_attachment":"","ocean_post_title_bg_image_repeat":"","ocean_post_title_bg_image_size":"","ocean_post_title_height":0,"ocean_post_title_bg_overlay":0.5,"ocean_post_title_bg_overlay_color":"","ocean_disable_breadcrumbs":"default","ocean_breadcrumbs_color":"","ocean_breadcrumbs_separator_color":"","ocean_breadcrumbs_links_color":"","ocean_breadcrumbs_links_hover_color":"","ocean_display_footer_widgets":"default","ocean_display_footer_bottom":"default","ocean_custom_footer_template":"0","osh_disable_topbar_sticky":"default","osh_disable_header_sticky":"default","osh_sticky_header_style":"default","osh_sticky_header_effect":"","osh_custom_sticky_logo":0,"osh_custom_retina_sticky_logo":0,"osh_custom_sticky_logo_height":0,"osh_background_color":"","osh_links_color":"","osh_links_hover_color":"","osh_links_active_color":"","osh_links_bg_color":"","osh_links_hover_bg_color":"","osh_links_active_bg_color":"","osh_menu_social_links_color":"","osh_menu_social_hover_links_color":"","ocean_post_oembed":"","ocean_post_self_hosted_media":"","ocean_post_video_embed":"","ocean_link_format":"","ocean_link_format_target":"self","ocean_quote_format":"","ocean_quote_format_link":"post","ocean_gallery_link_images":"off","ocean_gallery_id":[],"footnotes":""},"categories":[3],"tags":[1627,1096,1636,338,1511,1048],"class_list":["post-16450","post","type-post","status-publish","format-standard","has-post-thumbnail","hentry","category-konzert","tag-1627","tag-belgien","tag-bozar","tag-brussel","tag-damon-albarn","tag-konzert","entry","has-media"],"views":2862,"_links":{"self":[{"href":"https:\/\/www.pretty-paracetamol.de\/blog\/wp-json\/wp\/v2\/posts\/16450","targetHints":{"allow":["GET"]}}],"collection":[{"href":"https:\/\/www.pretty-paracetamol.de\/blog\/wp-json\/wp\/v2\/posts"}],"about":[{"href":"https:\/\/www.pretty-paracetamol.de\/blog\/wp-json\/wp\/v2\/types\/post"}],"author":[{"embeddable":true,"href":"https:\/\/www.pretty-paracetamol.de\/blog\/wp-json\/wp\/v2\/users\/2"}],"replies":[{"embeddable":true,"href":"https:\/\/www.pretty-paracetamol.de\/blog\/wp-json\/wp\/v2\/comments?post=16450"}],"version-history":[{"count":5,"href":"https:\/\/www.pretty-paracetamol.de\/blog\/wp-json\/wp\/v2\/posts\/16450\/revisions"}],"predecessor-version":[{"id":16465,"href":"https:\/\/www.pretty-paracetamol.de\/blog\/wp-json\/wp\/v2\/posts\/16450\/revisions\/16465"}],"wp:featuredmedia":[{"embeddable":true,"href":"https:\/\/www.pretty-paracetamol.de\/blog\/wp-json\/wp\/v2\/media\/16453"}],"wp:attachment":[{"href":"https:\/\/www.pretty-paracetamol.de\/blog\/wp-json\/wp\/v2\/media?parent=16450"}],"wp:term":[{"taxonomy":"category","embeddable":true,"href":"https:\/\/www.pretty-paracetamol.de\/blog\/wp-json\/wp\/v2\/categories?post=16450"},{"taxonomy":"post_tag","embeddable":true,"href":"https:\/\/www.pretty-paracetamol.de\/blog\/wp-json\/wp\/v2\/tags?post=16450"}],"curies":[{"name":"wp","href":"https:\/\/api.w.org\/{rel}","templated":true}]}}