{"id":1212,"date":"2009-05-28T19:03:46","date_gmt":"2009-05-28T18:03:46","guid":{"rendered":"http:\/\/www.pretty-paracetamol.de\/blog\/?p=1212"},"modified":"2009-05-30T10:38:32","modified_gmt":"2009-05-30T09:38:32","slug":"herbstrock-dortmund-27052009","status":"publish","type":"post","link":"https:\/\/www.pretty-paracetamol.de\/blog\/herbstrock-dortmund-27052009\/","title":{"rendered":"Herbstrock &#8211; Dortmund, 27.05.2009"},"content":{"rendered":"<p style=\"text-align: center;\"><img fetchpriority=\"high\" decoding=\"async\" class=\"aligncenter\" title=\"Herbstrock - Dortmund, 27.05.2009\" src=\"http:\/\/u1.ipernity.com\/11\/69\/37\/4966937.952beb14.500.jpg\" alt=\"\" width=\"500\" height=\"281\" \/><\/p>\n<p><a title=\"Wikipedia\" href=\"http:\/\/de.wikipedia.org\/wiki\/Laura_Pausini\" target=\"_blank\">Laura Pausini<\/a> ist allgegenw\u00e4rtig. \u201eHeute spielen wir Laura Pausini nieder!\u201c ruft Anna, die S\u00e4ngerin der \u00f6sterreichischen Band Herbstrock, und Christina St\u00fcrmer gesteht, dass sie Laura Pausini bis dato gar nicht kannte. Immerhin hinderte die Frau die beiden daran, sich die Stadt anzuschauen. Zu verlockend schien der Blick auf die B\u00fchne in der Westfalenhalle Eins.<br \/>\nLaura Pausini spielt in der gr\u00f6\u00dften Halle des Messekomplexes an der B1 und hat einen B\u00fchnenaufbau, der auf einem Dutzend Trucks (Zitat Frau St\u00fcrmer) daherkommt.<br \/>\nAnna M\u00fcller und <a title=\"Homepage\" href=\"http:\/\/www.christinastuermer.de\/ist_mir_egal\/\" target=\"_blank\">Christina St\u00fcrmer<\/a> spielen mit ihren Bands in der Westfalenhalle Zwo auf einer B\u00fchne, die auf zwei LKWs verladen werden kann. Ihre B\u00fchne ist damit um einiges kleiner, aber immer noch recht gro\u00df. Sie vereinnahmt fast die gesamte Kopfseite der Halle, und ich frage mich, ob das nicht \u00fcbertrieben ist. Aber Christina St\u00fcrmer hatte sp\u00e4ter keine M\u00fche, die B\u00fchne auszuf\u00fcllen. Ihr Bewegungsdrang ben\u00f6tigt eine Menge Platz.<br \/>\nHerbstrock wurde es ein bisschen heimeliger gemacht, indem der hintere B\u00fchnenteil  mit einer Bandlogostellwand gro\u00dfz\u00fcgig abgetrennt wurde.<br \/>\nAuch die Herbstrock Frontfrau ist von hibbeliger Natur. Vor und zur\u00fcck, ein wenig nach links und rechts, und immer wieder h\u00fcpfen. Das hatte schon Turnfestcharakter.<br \/>\nHerbstrock sind zum ersten Mal in Deutschland unterwegs. Ihr zweites Album \u201eDie bessere H\u00e4lfte\u201c wird im Juni erscheinen. In \u00d6sterreich ist die noch recht junge Band schon einen Schritt weiter. F\u00fcr ihr erstes Album \u201eEnde:Gut\u201c wurden Herbstrock im vergangenen Jahr schon mit dem gr\u00f6\u00dften Musikpreis des Landes, dem Amadeus, ausgezeichnet. Auch spielten Frontfrau Anna M\u00fcller, Schlagzeuger Sebastian Vogt, Bassist Mathias Dajeff und Gitarrist Paul Wallner in einer Handy Comedy Soap mit, in der Geschichten einer jungen Band auf dem Weg zum Plattenvertrag erz\u00e4hlt wurden.<br \/>\nIm Vorprogramm von Amy MacDonald sah man sie auch schon.<br \/>\nIhr 40 min\u00fctiges Set starteten sie mit \u201eSo ist es eben\u201c. Bei <a title=\"MySpace\" href=\"http:\/\/www.myspace.com\/herbstrock\" target=\"_blank\">myspace<\/a> hatte ich mir kurz ein zwei Songs angeh\u00f6rt, dar\u00fcber hinaus wollte ich mich von der Band \u00fcberraschen lassen. Nat\u00fcrlich hatte ich mir vorher ein kleines Bild ausgedacht, Teeniepop und all diese Juli- Silbermond Dinge. Doch schnell war klar, dass das nicht passt. Nat\u00fcrlich machen <a title=\"Homepage\" href=\"http:\/\/www.herbstrock.at\/\" target=\"_blank\">Herbstrock<\/a> keine Musik f\u00fcr Enddrei\u00dfiger, die Ansprechpartner sind deutlich j\u00fcnger anzusetzen, aber mit den anderen beiden Bands, die ich im \u00fcbrigen immer durcheinander bringe, haben Herbstrock nicht allzu viel gemeinsam. Ihre Musik ist luftiger, beatlastiger und ausgelassener.<br \/>\nAnna, der Flummi in schwarzen Converseschuhen und rotem Kleid, ist kaum zu stoppen. \u201eAtmen nicht vergessen\u201c, sagt sie und recht hat sie. Die Ausgelassenheit einer 22j\u00e4hrigen ist anstrengend. Da man schnell nach \u00c4hnlichkeiten sucht, f\u00e4llt mir diese ein: Nena. Nena zu Beginn der 80er. Annas Beinarbeit ist der Grund. Ihre Bewegungen erinnern mich an <a title=\"YouTube\" href=\"http:\/\/www.youtube.com\/watch?v=onxZbKtMkcM\" target=\"_blank\">Nur getr\u00e4umt<\/a> Auftritte der NDW Koryph\u00e4e. Und dazu h\u00fcpfen, springen, und von vorn.<br \/>\nDas Motto des Abends gipfelt im vorletzten \u201eUm dein Leben\u201c. Ein Song, der eine jugendliche Ausgelassenheit geradezu herausfordert. Und Anna und Kollegen haben sie. Hier scheint jemand Spa\u00df zu haben.<br \/>\nDabei geht es ihr nicht ganz so gut. Ein zwei H\u00fcsterchen zeigen es. \u201eIch hab\u2019 mich verk\u00fchlt. Ich klinge wie ein Frosch\u201c. S\u00fc\u00df!<br \/>\nDie Kr\u00e4chzer h\u00f6re ich kaum, Annas Stimme bringt mich aber zur zweiten Assoziation. Mieze von Mia. In \u201eHerz lauf!\u201c f\u00e4llt es mir zum ersten Mal auf. Text und Melodie erinnern an Mia.<br \/>\nNun, es gibt schlechtere Gedankenspr\u00fcnge als die zu Nena und Mia.<br \/>\nDas Publikum in der nur zur H\u00e4lfte gef\u00fcllten Westfallenhalle Zwo scheint es \u00e4hnlich zu sehen. Es nimmt die Band gut an. Klar, auf die Animierversuche geht es nicht sonderlich ein, sie wirken aber auch zu unplatziert und platt. Ebenso die unendlichen Posen aus dem Gitarrenheroreportoire von Paul Wallner.<br \/>\nDoch die \u201eWir wollen die St\u00fcrmer sehen\u201c Rufe sind weg. Herbstrock haben \u00fcberzeugt. Voll und ganz.<br \/>\nWenn ich ein 13j\u00e4hriges M\u00e4dchen w\u00e4re, w\u00fcrde ich Herbstrock Fan werden und meine Silbermond T-Shirts verschenken.<\/p>\n<p>Noch ein paar S\u00e4tze zu Christina St\u00fcrmer. Unter Strassenbaul\u00e4rm und Bohrhammergewummere springen sie und ihre Band auf die B\u00fchne.<br \/>\nAuch hier gilt, es ist nicht unbedingt meine Musik, die die \u00f6sterreichische Starmania zweitplatzierte des Jahres 2003 macht (\u00fcbrigens mit dem Sportfreunde Stiller Lied \u201eEin Kompliment\u201c), aber im Laufe des Konzerts komme ich mehr und mehr zu dem Schluss, dass sie definitiv in einer h\u00f6heren Liga spielt als ihre deutschen DSDS Kollegen. Ihre Songs orientieren sich mehr an Kelly Clarkson, teilweise erinnern sie mich an die spanischen Dover. Es sind die schnellen, rockigeren St\u00fccke, die diese Vergleiche rechtfertigen. Hier stimmt vieles, und Christinas Stimme, die eher tief und dunkel t\u00f6nt, passt hier besonders.<br \/>\nIhre Band wirkt gut ausgew\u00e4hlt. Alle vier sind exzellente Musiker, die ihre Instrumente beherrschen. Das h\u00f6rt man bei den schlimmen Soli, die jeder denn auch spielen darf. Hier das Schlagzeugsolo, dort ein Mark Knopfler Gitarrenpart. Das ist nicht sch\u00f6n und zeigt, dass das Konzert hin und her schwankt zwischen Pur- eskem Schmuse-Feuerzeug-Balladenspiel und Serienmelodien, sowie  guten, zeitgem\u00e4\u00dfen Elektro- Rock Geschichten.<\/p>\n<p>Kulturtechnisch hat also \u00d6sterreich diese Woche die Nase vorn. Zwei goldene Palmen in Cannes und zwei \u00f6sterreichische Bands in Dortmund. Mehr Alpenland geht kaum.<\/p>\n<p>Setlist:<br \/>\n01. So ist das eben<br \/>\n02. Herz lauf!<br \/>\n03. Keine Zeit<br \/>\n04. Auf, ab und davon<br \/>\n05. Klar<br \/>\n06. Kopf durch die Wand<br \/>\n07. Sag mir wieviel davon<br \/>\n08. Wenn ich w\u00fcsste wie<br \/>\n09. Um dein Leben<br \/>\n10. Die bessere H\u00e4lfte<\/p>\n<p>\u2014\u2014<br \/>\nMultimedia:<br \/>\n<img decoding=\"async\" src=\"..\/..\/blog\/wp-content\/uploads\/2008\/02\/user-login-red.gif\" alt=\"\" align=\"absmiddle\" \/>Fotos: <a title=\"ipernity\" href=\"http:\/\/www.ipernity.com\/doc\/spiral-stairs\/album\/128396\" target=\"_blank\">frank@ipernity<\/a><a title=\"YouTube\" href=\"http:\/\/www.youtube.com\/watch?v=Vh1Y7YVeIss\" target=\"_blank\"><br \/>\n<\/a><\/p>\n","protected":false},"excerpt":{"rendered":"<p>Laura Pausini ist allgegenw\u00e4rtig. \u201eHeute spielen wir Laura Pausini nieder!\u201c ruft Anna, die S\u00e4ngerin der \u00f6sterreichischen Band Herbstrock, und Christina St\u00fcrmer gesteht, dass sie Laura Pausini bis dato gar nicht kannte. Immerhin hinderte die Frau die beiden daran, sich die Stadt anzuschauen. Zu verlockend schien der Blick auf die B\u00fchne in der Westfalenhalle Eins. Laura [&hellip;]<\/p>\n","protected":false},"author":2,"featured_media":0,"comment_status":"open","ping_status":"open","sticky":false,"template":"","format":"standard","meta":{"_seopress_robots_primary_cat":"","_seopress_titles_title":"","_seopress_titles_desc":"","_seopress_robots_index":"","ocean_post_layout":"","ocean_both_sidebars_style":"","ocean_both_sidebars_content_width":0,"ocean_both_sidebars_sidebars_width":0,"ocean_sidebar":"","ocean_second_sidebar":"","ocean_disable_margins":"enable","ocean_add_body_class":"","ocean_shortcode_before_top_bar":"","ocean_shortcode_after_top_bar":"","ocean_shortcode_before_header":"","ocean_shortcode_after_header":"","ocean_has_shortcode":"","ocean_shortcode_after_title":"","ocean_shortcode_before_footer_widgets":"","ocean_shortcode_after_footer_widgets":"","ocean_shortcode_before_footer_bottom":"","ocean_shortcode_after_footer_bottom":"","ocean_display_top_bar":"default","ocean_display_header":"default","ocean_header_style":"","ocean_center_header_left_menu":"","ocean_custom_header_template":"","ocean_custom_logo":0,"ocean_custom_retina_logo":0,"ocean_custom_logo_max_width":0,"ocean_custom_logo_tablet_max_width":0,"ocean_custom_logo_mobile_max_width":0,"ocean_custom_logo_max_height":0,"ocean_custom_logo_tablet_max_height":0,"ocean_custom_logo_mobile_max_height":0,"ocean_header_custom_menu":"","ocean_menu_typo_font_family":"","ocean_menu_typo_font_subset":"","ocean_menu_typo_font_size":0,"ocean_menu_typo_font_size_tablet":0,"ocean_menu_typo_font_size_mobile":0,"ocean_menu_typo_font_size_unit":"px","ocean_menu_typo_font_weight":"","ocean_menu_typo_font_weight_tablet":"","ocean_menu_typo_font_weight_mobile":"","ocean_menu_typo_transform":"","ocean_menu_typo_transform_tablet":"","ocean_menu_typo_transform_mobile":"","ocean_menu_typo_line_height":0,"ocean_menu_typo_line_height_tablet":0,"ocean_menu_typo_line_height_mobile":0,"ocean_menu_typo_line_height_unit":"","ocean_menu_typo_spacing":0,"ocean_menu_typo_spacing_tablet":0,"ocean_menu_typo_spacing_mobile":0,"ocean_menu_typo_spacing_unit":"","ocean_menu_link_color":"","ocean_menu_link_color_hover":"","ocean_menu_link_color_active":"","ocean_menu_link_background":"","ocean_menu_link_hover_background":"","ocean_menu_link_active_background":"","ocean_menu_social_links_bg":"","ocean_menu_social_hover_links_bg":"","ocean_menu_social_links_color":"","ocean_menu_social_hover_links_color":"","ocean_disable_title":"default","ocean_disable_heading":"default","ocean_post_title":"","ocean_post_subheading":"","ocean_post_title_style":"","ocean_post_title_background_color":"","ocean_post_title_background":0,"ocean_post_title_bg_image_position":"","ocean_post_title_bg_image_attachment":"","ocean_post_title_bg_image_repeat":"","ocean_post_title_bg_image_size":"","ocean_post_title_height":0,"ocean_post_title_bg_overlay":0.5,"ocean_post_title_bg_overlay_color":"","ocean_disable_breadcrumbs":"default","ocean_breadcrumbs_color":"","ocean_breadcrumbs_separator_color":"","ocean_breadcrumbs_links_color":"","ocean_breadcrumbs_links_hover_color":"","ocean_display_footer_widgets":"default","ocean_display_footer_bottom":"default","ocean_custom_footer_template":"","osh_disable_topbar_sticky":"default","osh_disable_header_sticky":"default","osh_sticky_header_style":"default","osh_sticky_header_effect":"","osh_custom_sticky_logo":0,"osh_custom_retina_sticky_logo":0,"osh_custom_sticky_logo_height":0,"osh_background_color":"","osh_links_color":"","osh_links_hover_color":"","osh_links_active_color":"","osh_links_bg_color":"","osh_links_hover_bg_color":"","osh_links_active_bg_color":"","osh_menu_social_links_color":"","osh_menu_social_hover_links_color":"","ocean_post_oembed":"","ocean_post_self_hosted_media":"","ocean_post_video_embed":"","ocean_link_format":"","ocean_link_format_target":"self","ocean_quote_format":"","ocean_quote_format_link":"post","ocean_gallery_link_images":"on","ocean_gallery_id":[],"footnotes":""},"categories":[3],"tags":[214,213],"class_list":["post-1212","post","type-post","status-publish","format-standard","hentry","category-konzert","tag-herbstrock","tag-westfalenhalle","entry"],"views":5866,"_links":{"self":[{"href":"https:\/\/www.pretty-paracetamol.de\/blog\/wp-json\/wp\/v2\/posts\/1212","targetHints":{"allow":["GET"]}}],"collection":[{"href":"https:\/\/www.pretty-paracetamol.de\/blog\/wp-json\/wp\/v2\/posts"}],"about":[{"href":"https:\/\/www.pretty-paracetamol.de\/blog\/wp-json\/wp\/v2\/types\/post"}],"author":[{"embeddable":true,"href":"https:\/\/www.pretty-paracetamol.de\/blog\/wp-json\/wp\/v2\/users\/2"}],"replies":[{"embeddable":true,"href":"https:\/\/www.pretty-paracetamol.de\/blog\/wp-json\/wp\/v2\/comments?post=1212"}],"version-history":[{"count":0,"href":"https:\/\/www.pretty-paracetamol.de\/blog\/wp-json\/wp\/v2\/posts\/1212\/revisions"}],"wp:attachment":[{"href":"https:\/\/www.pretty-paracetamol.de\/blog\/wp-json\/wp\/v2\/media?parent=1212"}],"wp:term":[{"taxonomy":"category","embeddable":true,"href":"https:\/\/www.pretty-paracetamol.de\/blog\/wp-json\/wp\/v2\/categories?post=1212"},{"taxonomy":"post_tag","embeddable":true,"href":"https:\/\/www.pretty-paracetamol.de\/blog\/wp-json\/wp\/v2\/tags?post=1212"}],"curies":[{"name":"wp","href":"https:\/\/api.w.org\/{rel}","templated":true}]}}