{"id":11038,"date":"2019-06-20T14:45:46","date_gmt":"2019-06-20T12:45:46","guid":{"rendered":"https:\/\/www.pretty-paracetamol.de\/blog\/?p=11038"},"modified":"2022-06-18T10:29:27","modified_gmt":"2022-06-18T08:29:27","slug":"primavera-sound-festival-barcelona-01-06-2019","status":"publish","type":"post","link":"https:\/\/www.pretty-paracetamol.de\/blog\/primavera-sound-festival-barcelona-01-06-2019\/","title":{"rendered":"Primavera Sound Festival \u2013 Barcelona, 01.06.2019"},"content":{"rendered":"\n<p><strong>Ort:<\/strong> Parc del F\u00f2rum, Barcelona<br><strong>Bands: <\/strong>Nil\u00fcfer Yanya, Built to spill, Shellac, Loyle Carner, Jarvis Cocker, Solange, Primal Scream, Stereolab<strong><br><\/strong><\/p>\n\n\n\n<div class=\"wp-block-image\"><figure class=\"aligncenter\"><img fetchpriority=\"high\" decoding=\"async\" width=\"1500\" height=\"844\" src=\"https:\/\/www.pretty-paracetamol.de\/blog\/wp-content\/uploads\/2019\/06\/IMG_2134.jpg\" alt=\"Parc del Forum\" class=\"wp-image-11043\"\/><\/figure><\/div>\n\n\n\n<p>Am Samstag ist es eine Qual. War es vor 10 Jahren eigentlich einfacher und weniger anstrengend, vier Tage Primavera durchzustehen? Ich kann auf diesen Beton\/ Pflastersteinen einfach nicht mehr wirklich ausgiebig lang stehen und nehme l\u00e4ngere Sitzpausen an der Ray-Ban B\u00fchne dankend an. An diesem Samstag beginnt die erste Pause bereits nach einer Stunde Parc del F\u00f2rum. <strong>Shellac<\/strong> brauche ich nicht aus der ersten Reihe, genauso wenig wie Stunden sp\u00e4ter ein komplettes <strong>Primal Scream<\/strong> Konzert.<\/p>\n\n\n\n<p>Bei <strong>Nil\u00fcfer Yanya<\/strong> dagegen mache ich noch keine Gefangenen. Die jungen Menschen aus sind mein erstes Konzert des Tages. Dieser Samstag beginnt f\u00fcr mich damit sp\u00e4ter als die Tage zuvor. Erst gegen 19 Uhr schleiche ich auf das Gel\u00e4nde, nachdem ich zuvor zwei Stra\u00dfenbahnen hab sausen lassen m\u00fcssen. Sie waren randvoll. Also ging ich wohl oder \u00fcbel zu Fu\u00df die Diagonal entlang, das erste Mal in diesem Jahr. Gott sei Dank!<br>Der Samstag ist traditionell der vollste Primavera Tag. Musikalisch ist er nicht immer der beste, aber in diesem Jahr zieht scheinbar&nbsp;<strong>Rosal\u00eda<\/strong> ihre Mitbewohner in den Parc del F\u00f2rum. Um 22 Uhr stehen die Massen vor der gr\u00f6\u00dften Festivalb\u00fchne. Es sind mehr als bei <strong>James Blake<\/strong> oder <strong>Solange<\/strong>, die nach der in Barcelona wohnenden S\u00e4ngerin auf den B\u00fchnen am gro\u00dfen Festivalplatz auftreten. Ich lese das erst sp\u00e4ter, am Abend bin ich nur dar\u00fcber verwundert, dass mir elendig viele Leute entgegenkommen, als ich mich zum <strong>Solange<\/strong> Konzert aufmache.<\/p>\n\n\n\n<div class=\"wp-block-image\"><figure class=\"aligncenter\"><img decoding=\"async\" width=\"1200\" height=\"674\" src=\"https:\/\/www.pretty-paracetamol.de\/blog\/wp-content\/uploads\/2019\/06\/IMG_2367_01.jpg\" alt=\"Nil\u00fcfer Yanya\" class=\"wp-image-11044\"\/><\/figure><\/div>\n\n\n\n<p>Hiphop ist also bigger than the government. Ein paar dieser <strong>Erykah Badu<\/strong> T-Shirts sehe ich hier und da. F\u00fcr ich ist an diesem letzten Primavera Abend Hiphop zumindest bigger than Gitarrenmusik. Denn eigentlich sind da nur <strong>Shellac<\/strong>, die f\u00fcr Kontrast sorgen.<br>Durften die Amis, die Stammg\u00e4ste auf dem Primavera sind, schon mal auf so einer gro\u00dfen B\u00fchne ran? Ich kann mich nicht erinnern.<\/p>\n\n\n\n<blockquote class=\"wp-block-quote is-layout-flow wp-block-quote-is-layout-flow\"><p>Here we are again<\/p><\/blockquote>\n\n\n\n<div class=\"wp-block-image\"><figure class=\"aligncenter\"><img decoding=\"async\" width=\"1200\" height=\"675\" src=\"https:\/\/www.pretty-paracetamol.de\/blog\/wp-content\/uploads\/2019\/06\/IMG_2377.jpg\" alt=\"Shellac\" class=\"wp-image-11047\"\/><\/figure><\/div>\n\n\n\n<p>Vor der Ray-Ban ist denn auch nicht voll. Das rabiate und mit l\u00e4ngeren Monologen durchsetzte Konzert ist anstrengend und arg gew\u00f6hnungsbed\u00fcrftig.Ich sitze auf den Steinstufen und verspeise dazu mein Boccadilla. So l\u00e4sst es sich aushalten und meine F\u00fc\u00dfe danken mir die kleine Sitzpause. Gedanklich h\u00e4nge ich noch dem <strong>Nil\u00fcfer Yanya<\/strong> Konzert nach. Das hatte mich sehr \u00fcberzeugt. Die Briten lieferten sch\u00f6nen Northern R\u2019n\u2019B und wirkten mit ihrer leichten aber sichtbaren Nervosit\u00e4t sehr sympathisch.<\/p>\n\n\n\n<p>Und die beiden Jungs der Band in ihren Liverpool Trikots fieberten bestimmt dem Finale entgegen. Genau wie <strong>Loyle Carner<\/strong>. Er hatte nur das Pech, zur ersten Halbzeit auf die B\u00fchne zu m\u00fcssen, freute sich aber ungemein \u00fcber die Information, dass es 1:0 steht. \u2018For them or for us?\u2018 fragte er mehrmals, als k\u00f6nne er die fr\u00fche F\u00fchrung nicht glauben. \u2018For us?! Yesssss!\u2018 gefolgt von einem H\u00fcpfer.<br>Auch sein Konzert gefiel mir au\u00dferordentlich gut. Ich glaube, ich mag die britische Art, Hiphop zu spielen. Sie wirkt nicht so hart und schroff, ist melodischer und melancholischer als das amerikanische Pendent. Gerade im direkten Vergleich zu <strong>Pusha T.<\/strong> fiel mir das besonders auf. Nach einer Stunde und einem kurzen Gru\u00df ins Publikum (\u2018Hi Jeff, good to see you.\u2018) war <strong>Loyle Carner<\/strong> durch und hatte endlich Zeit, zumindest die 2. Halbzeit des Champion League Finales im Fernsehen zu verfolgen. <strong>Nil\u00fcfer Yanya<\/strong> und <strong>Loyle Carner<\/strong> sind so zwei Entdeckungen des diesj\u00e4hrigen Primavera. Und die Erkenntnis, dass das Saxophon tats\u00e4chlich wieder eine gewichtige Rolle im Indie spielt. Und der Yachtrock.<\/p>\n\n\n\n<div class=\"wp-block-image\"><figure class=\"aligncenter\"><img loading=\"lazy\" decoding=\"async\" width=\"1500\" height=\"843\" src=\"https:\/\/www.pretty-paracetamol.de\/blog\/wp-content\/uploads\/2019\/06\/WP_20190601_21_32_17_Pro.jpg\" alt=\"Loyle Carner\" class=\"wp-image-11048\"\/><\/figure><\/div>\n\n\n\n<p>Die Zeit zwischen <strong>Loyle Carner<\/strong> und <strong>Solange<\/strong> musste ich f\u00fcllen. Ich entscheide mich, weil nun so wirklich gar nichts auf den B\u00fchnen nach wow! Klang, f\u00fcr <strong>Pusha T.<\/strong> . Doch der Daytona Rap entpuppt sich als sehr uninteressant und so verdengel ich die Zeit irgendwie, nur nicht mit einem Konzert. Im Nachhinein gedacht w\u00e4r ich doch lieber zu <strong>Rosal\u00eda<\/strong> vor die gro\u00dfe B\u00fchne gegangen, oder h\u00e4tte den weiten Weg zum Primavera Bits auf mich genommen, um <strong>Lizzo<\/strong> zu sehen. Na, ja. Hinterher ist man immer schlauer.<br>Das Konzert von <strong>Solange<\/strong> nehme ich nur so am Rande wahr. Ich wei\u00df nicht, woran es liegt, aber meine Konzentration auf ihren Auftritt war unterirdisch schlecht. Vielleicht bin ich nach drei Tagen einfach \u00fcberfordert, noch ein Konzert zu sehen, vielleicht bin ich einfach zu kaputt, um mehr Kraft aufzubringen. So bleibt es bei einer guten Handvoll Songs, die ich bewusst mitbekomme. Das ist \u00e4rgerlich.<\/p>\n\n\n\n<div class=\"wp-block-image\"><figure class=\"aligncenter\"><img loading=\"lazy\" decoding=\"async\" width=\"2048\" height=\"1150\" src=\"https:\/\/www.pretty-paracetamol.de\/blog\/wp-content\/uploads\/2019\/06\/IMG_2416.jpg\" alt=\"Jarvis Cocker\" class=\"wp-image-11046\"\/><\/figure><\/div>\n\n\n\n<p>Desgleichen bei <strong>Jarv is&#8230;<\/strong> a.k.a. <strong>Jarvis Cocker<\/strong>. Auch seinen Auftritt empfinde ich als anstrengend. Die Ray-Ban war somit an diesem Abend die B\u00fchne der anstrengenden Konzerte. <strong>Jarvis<\/strong> erz\u00e4hlt viel, verwirrt die erste Reihe mit schwierigen Fragen (\u2018Wovor hast du am meisten Angst?\u2018) und spielt neben einem <strong>Pulp<\/strong> Song und zwei Songs von fr\u00fcheren Soloalben (\u201eHis\u2019n\u2019hers\u201c, \u201eFurther complications\u201c, \u201eCunts are still running the world\u201c) nur Sachen, die ich nicht kenne.<\/p>\n\n\n\n<div class=\"wp-block-image\"><figure class=\"aligncenter\"><img loading=\"lazy\" decoding=\"async\" width=\"1500\" height=\"844\" src=\"https:\/\/www.pretty-paracetamol.de\/blog\/wp-content\/uploads\/2019\/06\/IMG_2438_01.jpg\" alt=\"Primal Scream\" class=\"wp-image-11045\"\/><\/figure><\/div>\n\n\n\n<p>Anyway, <strong>Primal Scream<\/strong> lassen mich danach kurz wach werden. Gleich zu Beginn feuern sie einige ihrer gr\u00f6\u00dferen Hits ab, die enorm viel Spa\u00df machen. Doch als dann die ersten schw\u00e4cheren Songs kommen, verzieh ich mich nach weiter hinten. M\u00fcdigkeit und so. Mein Primavera 2019 liegt in den letzten Z\u00fcgen und irgendwie reicht es auch.<\/p>\n\n\n\n<p>Im Anschluss noch einmal zur Ray-Ban, noch zwei, drei Songs <strong>Stereolab<\/strong> &#8211; ich kenne wirklich nichts von denen \u2013 und das Primavera Festival 2019 ist im Parc del Forum f\u00fcr mich endg\u00fcltig beendet. Sch\u00f6n war es. Wie jedes Jahr.<\/p>\n\n\n\n<blockquote class=\"wp-block-quote is-layout-flow wp-block-quote-is-layout-flow\"><p>My feet are aching. Though we had a good time.<\/p><\/blockquote>\n\n\n\n<p>N\u00e4chstes Jahr spielen <strong>Pavement<\/strong> auf dem Primavera Sound. Das wurde zwischendurch auf allen Videoscreens und vor allen B\u00fchnen bekannt gegeben. Eigentlich sollte doch mein 10. Primavera mein letztes Primavera gewesen sein. Eigentlich.<\/p>\n\n\n\n<div class=\"wp-block-image\"><figure class=\"aligncenter\"><img loading=\"lazy\" decoding=\"async\" width=\"1500\" height=\"843\" src=\"https:\/\/www.pretty-paracetamol.de\/blog\/wp-content\/uploads\/2019\/06\/IMG_2365.jpg\" alt=\"Built to spill\" class=\"wp-image-11049\"\/><\/figure><\/div>\n\n\n\n<p>PS:<br>Mit <strong>Built to spill<\/strong> schlie\u00dfe ich auf der aktuellen <em>Keep it like a secret<\/em> Geburtstagstour keinen Frieden mehr. Genau wie in Luxemburg \u00fcberzeugten mich <strong>Doug Martsch<\/strong> und Kollegen auch in Barcelona nicht. Nach drei Songs lie\u00df ich sie spielen und begab mich zu <strong>Nil\u00fcfer Yanyaz<\/strong>. Es war die richtige Entscheidung.<\/p>\n\n\n\n<p><strong>Kontextkonzerte:<\/strong><br><a rel=\"noopener\" href=\"https:\/\/www.pretty-paracetamol.de\/blog\/out-of-the-crowd-festival-esch-sur-alzette-27-04-2019\/\" target=\"_blank\">Built to spill &#8211; Out of the crowd Festival Esch-sur-Alzette, 27.04.2019<\/a><br><a rel=\"noopener\" href=\"https:\/\/www.pretty-paracetamol.de\/blog\/built-to-spill-koeln-13-11-2015\/\" target=\"_blank\">Built to Spill &#8211; K\u00f6ln, 13.11.2015 \/ Geb\u00e4ude 9<\/a><br><a title=\"Built to spill \u2013 K\u00f6ln, 26.09.2013\" rel=\"noopener\" href=\"https:\/\/www.pretty-paracetamol.de\/blog\/built-to-spill-koln-26-09-2013\/\" target=\"_blank\">Built to Spill \u2013 K\u00f6ln, 26.09.2013 \/ Geb\u00e4ude 9<\/a><br><a title=\"Built to Spill \u2013 Bochum, 16.10.2008\" rel=\"noopener\" href=\"https:\/\/www.pretty-paracetamol.de\/blog\/?p=576\" target=\"_blank\">Built to Spill \u2013 Bochum, 16.10.2008 \/ Bahnhof Langendreer<\/a><br><a title=\"Built to Spill \u2013 K\u00f6ln 18.05.2007\" rel=\"noopener\" href=\"https:\/\/www.pretty-paracetamol.de\/blog\/?p=203\" target=\"_blank\">Built to Spill \u2013 K\u00f6ln, 18.05.200 \/ Geb\u00e4ude 9<\/a><br><a rel=\"noopener\" href=\"https:\/\/www.pretty-paracetamol.de\/blog\/primavera-sound-festival-barcelona-29052018\/\" target=\"_blank\">Shellac &#8211; Primavera Sound Festival Barcelona, 29.05. bis 02.06.2018<\/a><br><a rel=\"noopener\" href=\"https:\/\/www.pretty-paracetamol.de\/blog\/primavera-sound-festival-barcelona-29-05-2014\/\" target=\"_blank\">Shellac &#8211; Primavera Sound Festival Barcelona, 29.05.2014<\/a><br><a rel=\"noopener\" href=\"https:\/\/www.pretty-paracetamol.de\/blog\/loyle-carner-koeln-02-03-2017\/\" target=\"_blank\">Loyle Carner &#8211; K\u00f6ln, 02.03.2017 \/ Club Bahnhof Ehrenfeld<\/a><\/p>\n\n\n\n<figure class=\"wp-block-embed aligncenter is-type-video is-provider-youtube wp-block-embed-youtube wp-embed-aspect-16-9 wp-has-aspect-ratio\"><div class=\"wp-block-embed__wrapper\">\n<p class=\"responsive-video-wrap clr\"><iframe width=\"1200\" height=\"675\" src=\"https:\/\/www.youtube.com\/embed\/LpSowpIEdPU?feature=oembed\" frameborder=\"0\" allow=\"accelerometer; autoplay; encrypted-media; gyroscope; picture-in-picture\" allowfullscreen><\/iframe><\/p>\n<\/div><\/figure>\n","protected":false},"excerpt":{"rendered":"<p>Am Samstag ist es eine Qual. War es vor 10 Jahren eigentlich einfacher und weniger anstrengend, vier Tage Primavera durchzustehen? Ich kann auf diesen Beton\/ Pflastersteinen einfach nicht mehr wirklich ausgiebig lang stehen und nehme l\u00e4ngere Sitzpausen an der Ray-Ban B\u00fchne dankend an. An diesem Samstag beginnt die erste Pause bereits nach einer Stunde Parc del F\u00f2rum. Shellac brauche ich nicht aus der ersten Reihe, genauso wenig wie Stunden sp\u00e4ter ein komplettes Primal Scream Konzert.<\/p>\n","protected":false},"author":2,"featured_media":10991,"comment_status":"open","ping_status":"open","sticky":false,"template":"","format":"standard","meta":{"_seopress_robots_primary_cat":"none","_seopress_titles_title":"pretty-paracetamol in concert: %%post_title%%","_seopress_titles_desc":"Am Samstag ist es eine Qual. War es vor 10 Jahren eigentlich einfacher und weniger anstrengend, vier Tage Primavera durchzustehen? Ich kann auf diesen Beton\/ Pflastersteinen einfach nicht mehr wirklich ausgiebig lang stehen und nehme l\u00e4ngere Sitzpausen an der Ray-Ban B\u00fchne dankend an.","_seopress_robots_index":"","ocean_post_layout":"","ocean_both_sidebars_style":"","ocean_both_sidebars_content_width":0,"ocean_both_sidebars_sidebars_width":0,"ocean_sidebar":"0","ocean_second_sidebar":"0","ocean_disable_margins":"enable","ocean_add_body_class":"","ocean_shortcode_before_top_bar":"","ocean_shortcode_after_top_bar":"","ocean_shortcode_before_header":"","ocean_shortcode_after_header":"","ocean_has_shortcode":"","ocean_shortcode_after_title":"","ocean_shortcode_before_footer_widgets":"","ocean_shortcode_after_footer_widgets":"","ocean_shortcode_before_footer_bottom":"","ocean_shortcode_after_footer_bottom":"","ocean_display_top_bar":"default","ocean_display_header":"default","ocean_header_style":"","ocean_center_header_left_menu":"0","ocean_custom_header_template":"0","ocean_custom_logo":0,"ocean_custom_retina_logo":0,"ocean_custom_logo_max_width":0,"ocean_custom_logo_tablet_max_width":0,"ocean_custom_logo_mobile_max_width":0,"ocean_custom_logo_max_height":0,"ocean_custom_logo_tablet_max_height":0,"ocean_custom_logo_mobile_max_height":0,"ocean_header_custom_menu":"0","ocean_menu_typo_font_family":"0","ocean_menu_typo_font_subset":"","ocean_menu_typo_font_size":0,"ocean_menu_typo_font_size_tablet":0,"ocean_menu_typo_font_size_mobile":0,"ocean_menu_typo_font_size_unit":"px","ocean_menu_typo_font_weight":"","ocean_menu_typo_font_weight_tablet":"","ocean_menu_typo_font_weight_mobile":"","ocean_menu_typo_transform":"","ocean_menu_typo_transform_tablet":"","ocean_menu_typo_transform_mobile":"","ocean_menu_typo_line_height":0,"ocean_menu_typo_line_height_tablet":0,"ocean_menu_typo_line_height_mobile":0,"ocean_menu_typo_line_height_unit":"","ocean_menu_typo_spacing":0,"ocean_menu_typo_spacing_tablet":0,"ocean_menu_typo_spacing_mobile":0,"ocean_menu_typo_spacing_unit":"","ocean_menu_link_color":"","ocean_menu_link_color_hover":"","ocean_menu_link_color_active":"","ocean_menu_link_background":"","ocean_menu_link_hover_background":"","ocean_menu_link_active_background":"","ocean_menu_social_links_bg":"","ocean_menu_social_hover_links_bg":"","ocean_menu_social_links_color":"","ocean_menu_social_hover_links_color":"","ocean_disable_title":"default","ocean_disable_heading":"default","ocean_post_title":"","ocean_post_subheading":"","ocean_post_title_style":"","ocean_post_title_background_color":"","ocean_post_title_background":0,"ocean_post_title_bg_image_position":"","ocean_post_title_bg_image_attachment":"","ocean_post_title_bg_image_repeat":"","ocean_post_title_bg_image_size":"","ocean_post_title_height":0,"ocean_post_title_bg_overlay":0.5,"ocean_post_title_bg_overlay_color":"","ocean_disable_breadcrumbs":"default","ocean_breadcrumbs_color":"","ocean_breadcrumbs_separator_color":"","ocean_breadcrumbs_links_color":"","ocean_breadcrumbs_links_hover_color":"","ocean_display_footer_widgets":"default","ocean_display_footer_bottom":"default","ocean_custom_footer_template":"0","osh_disable_topbar_sticky":"default","osh_disable_header_sticky":"default","osh_sticky_header_style":"default","osh_sticky_header_effect":"","osh_custom_sticky_logo":0,"osh_custom_retina_sticky_logo":0,"osh_custom_sticky_logo_height":0,"osh_background_color":"","osh_links_color":"","osh_links_hover_color":"","osh_links_active_color":"","osh_links_bg_color":"","osh_links_hover_bg_color":"","osh_links_active_bg_color":"","osh_menu_social_links_color":"","osh_menu_social_hover_links_color":"","ocean_post_oembed":"","ocean_post_self_hosted_media":"","ocean_post_video_embed":"","ocean_link_format":"","ocean_link_format_target":"self","ocean_quote_format":"","ocean_quote_format_link":"post","ocean_gallery_link_images":"off","ocean_gallery_id":[],"footnotes":""},"categories":[3],"tags":[1374,391,91,151,1048,1129,1442,656,1443,1426,1153,1328,1160,1316,1444],"class_list":["post-11038","post","type-post","status-publish","format-standard","has-post-thumbnail","hentry","category-konzert","tag-1374","tag-barcelona","tag-built-to-spill","tag-jarvis-cocker","tag-konzert","tag-loyle-carner","tag-niluefer-yanya","tag-parc-del-forum","tag-primal-scream","tag-primavera-sound-2019","tag-primavera-sound-festival","tag-shellac","tag-solange","tag-spanien","tag-stereolab","entry","has-media"],"views":3797,"_links":{"self":[{"href":"https:\/\/www.pretty-paracetamol.de\/blog\/wp-json\/wp\/v2\/posts\/11038","targetHints":{"allow":["GET"]}}],"collection":[{"href":"https:\/\/www.pretty-paracetamol.de\/blog\/wp-json\/wp\/v2\/posts"}],"about":[{"href":"https:\/\/www.pretty-paracetamol.de\/blog\/wp-json\/wp\/v2\/types\/post"}],"author":[{"embeddable":true,"href":"https:\/\/www.pretty-paracetamol.de\/blog\/wp-json\/wp\/v2\/users\/2"}],"replies":[{"embeddable":true,"href":"https:\/\/www.pretty-paracetamol.de\/blog\/wp-json\/wp\/v2\/comments?post=11038"}],"version-history":[{"count":1,"href":"https:\/\/www.pretty-paracetamol.de\/blog\/wp-json\/wp\/v2\/posts\/11038\/revisions"}],"predecessor-version":[{"id":17163,"href":"https:\/\/www.pretty-paracetamol.de\/blog\/wp-json\/wp\/v2\/posts\/11038\/revisions\/17163"}],"wp:featuredmedia":[{"embeddable":true,"href":"https:\/\/www.pretty-paracetamol.de\/blog\/wp-json\/wp\/v2\/media\/10991"}],"wp:attachment":[{"href":"https:\/\/www.pretty-paracetamol.de\/blog\/wp-json\/wp\/v2\/media?parent=11038"}],"wp:term":[{"taxonomy":"category","embeddable":true,"href":"https:\/\/www.pretty-paracetamol.de\/blog\/wp-json\/wp\/v2\/categories?post=11038"},{"taxonomy":"post_tag","embeddable":true,"href":"https:\/\/www.pretty-paracetamol.de\/blog\/wp-json\/wp\/v2\/tags?post=11038"}],"curies":[{"name":"wp","href":"https:\/\/api.w.org\/{rel}","templated":true}]}}